{"id":964142,"date":"2024-05-24T14:00:32","date_gmt":"2024-05-24T17:00:32","guid":{"rendered":"https:\/\/www.cnbb.org.br\/?p=964142"},"modified":"2024-05-24T14:01:03","modified_gmt":"2024-05-24T17:01:03","slug":"a-comunidade-salva","status":"publish","type":"post","link":"https:\/\/www.cnbb.org.br\/a-comunidade-salva\/","title":{"rendered":"A comunidade salva"},"content":{"rendered":"<p style=\"text-align: justify;\">Dom Rodolfo Lu\u00eds Weber<br \/>\nArcebispo de Passo Fundo (RS)<\/p>\n<p>O Tempo da P\u00e1scoa culminou com a festa de Pentecostes, que faz mem\u00f3ria do envio do Esp\u00edrito Santo prometido por Jesus que faz compreender tudo que foi ensinado por ele e orienta sempre para Deus e ao pr\u00f3ximo. A liturgia da Igreja prev\u00ea nos pr\u00f3ximos dias tr\u00eas solenidades: Sant\u00edssima Trindade, neste domingo; na pr\u00f3xima quinta-feira Corpus Christi e na semana seguinte a festa do Sagrado Cora\u00e7\u00e3o de Jesus.<\/p>\n<p style=\"text-align: justify;\">Cada uma destas solenidades evidencia uma perspectiva do Mist\u00e9rio da f\u00e9 crist\u00e3: ou seja, a realidade de Deus Uno e Trino, o Sacramento da Eucaristia e o centro divino-humano da Pessoa de Cristo. S\u00e3o aspectos do Mist\u00e9rio da Salva\u00e7\u00e3o, que num certo sentido resumem a vida de Jesus Cristo: o Natal, a prega\u00e7\u00e3o misericordiosa, a morte de cruz, a Ressurrei\u00e7\u00e3o, a Ascen\u00e7\u00e3o e o dom do Esp\u00edrito Santo.<\/p>\n<p>A solenidade da Sant\u00edssima Trindade conduz o fiel a mergulhar na intimidade de Deus revelado por Jesus Cristo. Insistentemente Jesus afirmou que foi enviado pelo Pai, realizava a sua vontade, que era a imagem do Pai e que o Esp\u00edrito Santo \u00e9 enviado por ambos para continuar a mesma obra.<\/p>\n<p>Por fim, quando Jesus Cristo confia aos ap\u00f3stolos a mesma miss\u00e3o que estava realizando, ordena: \u201cPortanto, ide e fazei disc\u00edpulos meus todos os povos, batizando-os em nome do Pai e do Filho e do Esp\u00edrito Santo, e ensinando-os a observar tudo o que vos ordenei! Es que estarei convosco todos os dias, at\u00e9 o fim do mundo\u201d (Mateus 28, 19-20).<\/p>\n<p>\u201cPara quem tem f\u00e9, todo o Universo fala de Deus Uno e Trino. Desde os espa\u00e7os interestelares at\u00e9 \u00e0s part\u00edculas microsc\u00f3picas, tudo o que existe remete a um Ser que se comunica na multiplicidade e variedade dos elementos, como numa imensa sinfonia. Todos os seres s\u00e3o ordenados segundo um dinamismo harmonioso que, analogicamente, podemos definir \u201camor\u201d.<\/p>\n<p>Mas somente na pessoa humana, livre e racional, que este dinamismo se torna espiritual, se faz amor respons\u00e1vel, como resposta a Deus e ao pr\u00f3ximo, num dom sincero de si. Neste amor o ser humano encontra a sua verdade e a sua felicidade\u201d (Mensagem de Bento XVI, na Festa da Sant\u00edssima Trindade -11\/06\/2006).<\/p>\n<p>O crist\u00e3o cr\u00ea e afirma que \u201cDeus \u00e9 amor\u201d (1 Jo\u00e3o 4,8). \u00c9 fonte de vida que se doa, se comunica sempre e \u201cnele vivemos, nos movemos e existimos\u201d (Atos 17,28). Diante disso, cada pessoa e, e com maior responsabilidade, cada crist\u00e3o deve viver em rela\u00e7\u00e3o para amar e ser amado.<\/p>\n<p>Neste tempo de cat\u00e1strofes, focando particularmente o Rio Grande do Sul, percebemos que somente o amor salva, pois forma comunidade e nos faz respons\u00e1veis pelo outro. A op\u00e7\u00e3o pelo outro sempre deve ser livre e racional para ser verdadeiro amor. Cria-se comunh\u00e3o, pois todos pertencemos uns aos outros. N\u00e3o somos estranhos ou inimigos dos conhecidos ou desconhecemos, dos distantes ou dos pr\u00f3ximos, mas somos todos irm\u00e3os.<\/p>\n<p>O Papa Francisco, na carta ecnc\u00edclica Fratelli Tutti sobre a amizade social, escreve: \u201cDesejo ardentemente que, neste tempo que nos cabe viver, reconhecendo a dignidade de cada pessoa humana, possamos fazer renascer, entre n\u00f3s, um anseio mundial de fraternidade. Entre todos: Aqui est\u00e1 um \u00f3timo segredo para sonhar e tornar a nossa vida uma bela aventura. Ningu\u00e9m pode enfrentar a vida isoladamente; precisamos duma comunidade que nos apoie, que nos auxilie e dentro da qual nos ajudemos mutuamente a olhar em frente\u201d. [&#8230;] Sonhemos como uma \u00fanica humanidade, como caminhantes da mesma carne humana, como filhos desta mesma terra que nos alberga a todos, cada qual com a riqueza da sua f\u00e9 ou das suas convic\u00e7\u00f5es, cada qual com a pr\u00f3pria voz, mas todos irm\u00e3os (n. 8).\u201dCuidar do mundo que nos rodeia e sustenta significa cuidar de n\u00f3s mesmos. Mas precisamos de nos constituir um \u2018n\u00f3s\u2019 que habita a casa comum\u201d (n.17).<\/p>\n<p>A festa da Sant\u00edssima Trindade e todas as rela\u00e7\u00f5es ajuda com o pr\u00f3ximo, em tempos de cat\u00e1strofes ou na rotina da vida, sejam de grande porte ou pequenas, s\u00e3o um apelo de convers\u00e3o para o \u201cn\u00f3s\u201d. O oposto que \u00e9 o individualismo, a indiferen\u00e7a, a frieza agride e destr\u00f3i.<\/p>\n","protected":false},"excerpt":{"rendered":"<p>Dom Rodolfo Lu\u00eds Weber Arcebispo de Passo Fundo (RS) O Tempo da P\u00e1scoa culminou com a festa de Pentecostes, que faz mem\u00f3ria do envio do Esp\u00edrito Santo prometido por Jesus que faz compreender tudo que foi ensinado por ele e orienta sempre para Deus e ao pr\u00f3ximo. A liturgia da Igreja prev\u00ea nos pr\u00f3ximos dias &hellip;<\/p>\n<p class=\"read-more\"> <a class=\"\" href=\"https:\/\/www.cnbb.org.br\/a-comunidade-salva\/\"> <span class=\"screen-reader-text\">A comunidade salva<\/span> Leia mais &raquo;<\/a><\/p>\n","protected":false},"author":27,"featured_media":0,"comment_status":"open","ping_status":"open","sticky":false,"template":"","format":"standard","meta":{"site-sidebar-layout":"default","site-content-layout":"default","ast-global-header-display":"","ast-banner-title-visibility":"","ast-main-header-display":"","ast-hfb-above-header-display":"","ast-hfb-below-header-display":"","ast-hfb-mobile-header-display":"","site-post-title":"","ast-breadcrumbs-content":"","ast-featured-img":"","footer-sml-layout":"","theme-transparent-header-meta":"default","adv-header-id-meta":"","stick-header-meta":"","header-above-stick-meta":"","header-main-stick-meta":"","header-below-stick-meta":""},"categories":[758,1837],"tags":[],"acf":[],"_links":{"self":[{"href":"https:\/\/www.cnbb.org.br\/cnbb-app\/wp\/v2\/posts\/964142"}],"collection":[{"href":"https:\/\/www.cnbb.org.br\/cnbb-app\/wp\/v2\/posts"}],"about":[{"href":"https:\/\/www.cnbb.org.br\/cnbb-app\/wp\/v2\/types\/post"}],"author":[{"embeddable":true,"href":"https:\/\/www.cnbb.org.br\/cnbb-app\/wp\/v2\/users\/27"}],"replies":[{"embeddable":true,"href":"https:\/\/www.cnbb.org.br\/cnbb-app\/wp\/v2\/comments?post=964142"}],"version-history":[{"count":2,"href":"https:\/\/www.cnbb.org.br\/cnbb-app\/wp\/v2\/posts\/964142\/revisions"}],"predecessor-version":[{"id":964144,"href":"https:\/\/www.cnbb.org.br\/cnbb-app\/wp\/v2\/posts\/964142\/revisions\/964144"}],"wp:attachment":[{"href":"https:\/\/www.cnbb.org.br\/cnbb-app\/wp\/v2\/media?parent=964142"}],"wp:term":[{"taxonomy":"category","embeddable":true,"href":"https:\/\/www.cnbb.org.br\/cnbb-app\/wp\/v2\/categories?post=964142"},{"taxonomy":"post_tag","embeddable":true,"href":"https:\/\/www.cnbb.org.br\/cnbb-app\/wp\/v2\/tags?post=964142"}],"curies":[{"name":"wp","href":"https:\/\/api.w.org\/{rel}","templated":true}]}}