{"id":964198,"date":"2024-05-27T15:32:58","date_gmt":"2024-05-27T18:32:58","guid":{"rendered":"https:\/\/www.cnbb.org.br\/?p=964198"},"modified":"2024-05-29T11:09:48","modified_gmt":"2024-05-29T14:09:48","slug":"crianca-de-projeto-social-da-cnbb-participa-da-1a-jornada-mundial-das-criancas","status":"publish","type":"post","link":"https:\/\/www.cnbb.org.br\/crianca-de-projeto-social-da-cnbb-participa-da-1a-jornada-mundial-das-criancas\/","title":{"rendered":"Crian\u00e7a de projeto social da CNBB participa da 1\u00aa Jornada Mundial das Crian\u00e7as, em Roma"},"content":{"rendered":"<p style=\"text-align: justify;\"><img decoding=\"async\" loading=\"lazy\" class=\"size-medium wp-image-964213 alignright\" src=\"https:\/\/www.cnbb.org.br\/wp-content\/uploads\/2024\/05\/Mae-169x300.jpg\" alt=\"\" width=\"169\" height=\"300\" srcset=\"https:\/\/www.cnbb.org.br\/wp-content\/uploads\/2024\/05\/Mae-169x300.jpg 169w, https:\/\/www.cnbb.org.br\/wp-content\/uploads\/2024\/05\/Mae-576x1024.jpg 576w, https:\/\/www.cnbb.org.br\/wp-content\/uploads\/2024\/05\/Mae-768x1365.jpg 768w, https:\/\/www.cnbb.org.br\/wp-content\/uploads\/2024\/05\/Mae-864x1536.jpg 864w, https:\/\/www.cnbb.org.br\/wp-content\/uploads\/2024\/05\/Mae-500x889.jpg 500w, https:\/\/www.cnbb.org.br\/wp-content\/uploads\/2024\/05\/Mae.jpg 900w\" sizes=\"(max-width: 169px) 100vw, 169px\" \/>Entre as crian\u00e7as brasileiras que se encontraram com o Papa Francisco na 1\u00aa Jornada Mundial das Crian\u00e7as que se realizou em Roma, dias 25 e 26, esteve o Rodrigo Oliveira Gomes Franca Carvalho, de 6 anos, acompanhado de sua m\u00e3e, Aliane Maria Oliveira de Jesus Carvalho.<\/p>\n<p style=\"text-align: justify;\">Ambos fazem parte do Centro de Conviv\u00eancia e Fortalecimento de V\u00ednculos \u201cCorrendo Atr\u00e1s de Um Sonho\u201d, mantido pela Confer\u00eancia Nacional dos Bispos do Brasil (CNBB). A participa\u00e7\u00e3o deles foi organizada pela Comiss\u00e3o para a Cultura e a Educa\u00e7\u00e3o da Confer\u00eancia.<\/p>\n<p style=\"text-align: justify;\">Al\u00e9m da participa\u00e7\u00e3o em Roma, a Comiss\u00e3o para a Cultura e a Educa\u00e7\u00e3o da CNBB\u00a0 incentivou as dioceses do Brasil a fazerem nos dias 25 e 26 de maio eventos em seus territ\u00f3rios em comunh\u00e3o com o Papa Francisco para as in\u00fameras crian\u00e7as que n\u00e3o puderam ir.<\/p>\n<p style=\"text-align: justify;\">O padre Luciano da Silva Roberto, assessor do Setor Cultura da Comiss\u00e3o para a Cultura e Educa\u00e7\u00e3o da CNBB, espera que essa iniciativa da primeira JMC ajude a compreender que, assim como Jesus trouxe as crian\u00e7as para o meio e as valorizou, que a Igreja e a Sociedade valorize, proteja e promova cada vez mais as crian\u00e7as.<\/p>\n<blockquote>\n<p style=\"text-align: justify;\">&#8220;Que apontemos sempre a elas os caminhos dos valores e das virtudes que nos conduzem ao C\u00e9u. Que nossos governantes invistam em pol\u00edticas publicas para fomentar os projetos s\u00f3cio-culturais para o desenvolvimento integral de cada crian\u00e7a. Que as crian\u00e7as que sofrem em situa\u00e7\u00f5es de guerras, fome, viol\u00eancias e as demais realidades de vulnerabilidade sejam socorridas e protegidas&#8221;, disse.<\/p>\n<\/blockquote>\n<h3>A emo\u00e7\u00e3o da m\u00e3e pelas gra\u00e7as conquistadas<\/h3>\n<figure id=\"attachment_964239\" aria-describedby=\"caption-attachment-964239\" style=\"width: 300px\" class=\"wp-caption alignright\"><img decoding=\"async\" loading=\"lazy\" class=\"wp-image-964239 size-medium\" src=\"https:\/\/www.cnbb.org.br\/wp-content\/uploads\/2024\/05\/Aliane-300x225.jpg\" alt=\"\" width=\"300\" height=\"225\" srcset=\"https:\/\/www.cnbb.org.br\/wp-content\/uploads\/2024\/05\/Aliane-300x225.jpg 300w, https:\/\/www.cnbb.org.br\/wp-content\/uploads\/2024\/05\/Aliane-500x375.jpg 500w, https:\/\/www.cnbb.org.br\/wp-content\/uploads\/2024\/05\/Aliane.jpg 546w\" sizes=\"(max-width: 300px) 100vw, 300px\" \/><figcaption id=\"caption-attachment-964239\" class=\"wp-caption-text\">&#8220;Deus me mostrou que eu sempre devo permanecer neste caminho de f\u00e9 e ora\u00e7\u00e3o&#8221;, disse. | Foto: reprodu\u00e7\u00e3o.<\/figcaption><\/figure>\n<p>&nbsp;<\/p>\n<p style=\"text-align: justify;\">Aliane Maria Oliveira de Jesus Carvalho participa do projeto da CNBB na periferia de Bras\u00edlia, em Brazl\u00e2ndia (DF). Ela, no relato abaixo, agradece \u00e0 CNBB por ter proporcionado &#8220;essa maravilha&#8221; de participar da 1\u00aa Jornada Mundial das Crian\u00e7as, em Roma.<\/p>\n<p style=\"text-align: justify;\">Eles chegaram a Roma na quinta-feira, 22 de maio, e conheceram o Vaticano. No s\u00e1bado e domingo se dedicaram \u00e0 participa\u00e7\u00e3o nas atividades da jornada.<\/p>\n<blockquote>\n<p style=\"text-align: justify;\">&#8220;Foi uma experi\u00eancia \u00fanica para a minha vida e tamb\u00e9m para vida do meu filho de ter esse privil\u00e9gio de representar, junto a outras crian\u00e7as, o Brasil na Jornada. Das 55 mil crian\u00e7as no est\u00e1dio, ele foi uma das crian\u00e7as escolhidas para estar pertinho e ao lado do Papa, na tribuna de honra. Foi muito emocionante. Eu chorei muito. Passou um filme na minha cabe\u00e7a&#8221;, confidenciou.<\/p>\n<\/blockquote>\n<p style=\"text-align: justify;\">Ela conta que a vida do Rodrigo \u00e9 marcada por uma hist\u00f3ria de supera\u00e7\u00e3o e cura. &#8220;O Rodrigo era um bebe cardiopata, teve pneumonia; Com tr\u00eas anos e meio ele n\u00e3o andava, usou uma cadeira de roda por um curto per\u00edodo. E eu sempre entreguei ele a Deus e para Nossa Senhora Aparecida. Cada vez que a gente ia nas consultas, vinha uma resposta positiva e eu tamb\u00e9m percebia isto. E eu tenho certeza que Deus operou um milagre na vida dele. Hoje ele est\u00e1 bem e saud\u00e1vel. Esteve bem com o Papa e nos passeios. Foi provid\u00eancia de Deus, no meio de tantas crian\u00e7as brasileiras escolheu ele para estar ali, Deus tem um prop\u00f3sito na vida dele&#8221;, disse.<\/p>\n<p style=\"text-align: justify;\">Aliane, ao acompanhar seu filho, reafirmou tamb\u00e9m o prop\u00f3sito de Deus em sua vida. &#8220;Deus me mostrou que eu sempre devo permanecer neste caminho de f\u00e9, ora\u00e7\u00e3o e mostrar para meus filhos que Deus existe e opera milagre. Temos um Deus que \u00e9 protetor e que vai fazer de meu filho um grande homem nessa vida&#8221;, disse.<\/p>\n<p>&nbsp;<\/p>\n<h3>Papa \u00e0s crian\u00e7as<\/h3>\n<p>&nbsp;<\/p>\n<h3>\u00a0<img decoding=\"async\" loading=\"lazy\" class=\"aligncenter wp-image-964215 size-large\" src=\"https:\/\/www.cnbb.org.br\/wp-content\/uploads\/2024\/05\/Papa-JMC-2024-1024x576.jpeg\" alt=\"\" width=\"1024\" height=\"576\" srcset=\"https:\/\/www.cnbb.org.br\/wp-content\/uploads\/2024\/05\/Papa-JMC-2024-1024x576.jpeg 1024w, https:\/\/www.cnbb.org.br\/wp-content\/uploads\/2024\/05\/Papa-JMC-2024-300x169.jpeg 300w, https:\/\/www.cnbb.org.br\/wp-content\/uploads\/2024\/05\/Papa-JMC-2024-768x432.jpeg 768w, https:\/\/www.cnbb.org.br\/wp-content\/uploads\/2024\/05\/Papa-JMC-2024-500x281.jpeg 500w, https:\/\/www.cnbb.org.br\/wp-content\/uploads\/2024\/05\/Papa-JMC-2024.jpeg 1500w\" sizes=\"(max-width: 1024px) 100vw, 1024px\" \/><\/h3>\n<h3><\/h3>\n<p style=\"text-align: justify;\">Neste s\u00e1bado, 25 de mar\u00e7o,\u00a0 dentro da programa\u00e7\u00e3o da I Jornada Mundial das Crian\u00e7as (JMC), o Papa Francisco foi recebido por milhares delas no Est\u00e1dio Ol\u00edmpico de Roma. Cerca de cinquenta mil pessoas participaram do evento.<\/p>\n<p style=\"text-align: justify;\">Suas palavras iniciais foram um convite para dar o &#8220;pontap\u00e9 inicial&#8221; a um movimento de meninos e meninas que querem construir um mundo de paz, \u201conde sejamos todos irm\u00e3os, um mundo que tem futuro, porque queremos cuidar do ambiente que nos rodeia\u201d, disse o Pont\u00edfice.<\/p>\n<p style=\"text-align: justify;\"><span style=\"font-size: 16px;\">O Papa respondeu algumas perguntas feitas pelas crian\u00e7as.\u00a0<\/span>Uma menina da Indon\u00e9sia perguntou ao Papa: &#8220;Se o senhor pudesse fazer um milagre, qual escolheria?&#8221; Francisco respondeu:<\/p>\n<div>\n<div class=\"article__embed article__embed--border embed_style\">\n<blockquote>\n<p style=\"text-align: justify;\">\u201cSe eu pudesse fazer um milagre, qual milagre eu faria? \u00c9 f\u00e1cil: que todas as crian\u00e7as tenham o necess\u00e1rio para viver, comer, brincar, ir \u00e0 escola. Este \u00e9 o milagre que eu gostaria de fazer.\u201d<\/p>\n<\/blockquote>\n<p style=\"text-align: justify;\">O outro evento da Jornada Mundial das Crian\u00e7as foi a missa na Pra\u00e7a S\u00e3o Pedro presidida pelo Papa Francisco no domingo, 26 de maio. Na foto de capa, o Rodrigo Oliveira Gomes Franca Carvalho aparece em p\u00e9 do lado direito do Papa Francisco.<\/p>\n<\/div>\n<\/div>\n<p>&nbsp;<\/p>\n<p>&nbsp;<\/p>\n","protected":false},"excerpt":{"rendered":"<p>Entre as crian\u00e7as brasileiras que se encontraram com o Papa Francisco na 1\u00aa Jornada Mundial das Crian\u00e7as que se realizou em Roma, dias 25 e 26, esteve o Rodrigo Oliveira Gomes Franca Carvalho, acompanhado de sua m\u00e3e, Aliane Maria Oliveira de Jesus Carvalho<\/p>\n","protected":false},"author":142,"featured_media":964214,"comment_status":"open","ping_status":"open","sticky":false,"template":"","format":"standard","meta":{"site-sidebar-layout":"default","site-content-layout":"default","ast-global-header-display":"","ast-banner-title-visibility":"","ast-main-header-display":"","ast-hfb-above-header-display":"","ast-hfb-below-header-display":"","ast-hfb-mobile-header-display":"","site-post-title":"","ast-breadcrumbs-content":"","ast-featured-img":"","footer-sml-layout":"","theme-transparent-header-meta":"default","adv-header-id-meta":"","stick-header-meta":"","header-above-stick-meta":"","header-main-stick-meta":"","header-below-stick-meta":""},"categories":[50,2693,784],"tags":[5551],"acf":[],"_links":{"self":[{"href":"https:\/\/www.cnbb.org.br\/cnbb-app\/wp\/v2\/posts\/964198"}],"collection":[{"href":"https:\/\/www.cnbb.org.br\/cnbb-app\/wp\/v2\/posts"}],"about":[{"href":"https:\/\/www.cnbb.org.br\/cnbb-app\/wp\/v2\/types\/post"}],"author":[{"embeddable":true,"href":"https:\/\/www.cnbb.org.br\/cnbb-app\/wp\/v2\/users\/142"}],"replies":[{"embeddable":true,"href":"https:\/\/www.cnbb.org.br\/cnbb-app\/wp\/v2\/comments?post=964198"}],"version-history":[{"count":11,"href":"https:\/\/www.cnbb.org.br\/cnbb-app\/wp\/v2\/posts\/964198\/revisions"}],"predecessor-version":[{"id":964244,"href":"https:\/\/www.cnbb.org.br\/cnbb-app\/wp\/v2\/posts\/964198\/revisions\/964244"}],"wp:featuredmedia":[{"embeddable":true,"href":"https:\/\/www.cnbb.org.br\/cnbb-app\/wp\/v2\/media\/964214"}],"wp:attachment":[{"href":"https:\/\/www.cnbb.org.br\/cnbb-app\/wp\/v2\/media?parent=964198"}],"wp:term":[{"taxonomy":"category","embeddable":true,"href":"https:\/\/www.cnbb.org.br\/cnbb-app\/wp\/v2\/categories?post=964198"},{"taxonomy":"post_tag","embeddable":true,"href":"https:\/\/www.cnbb.org.br\/cnbb-app\/wp\/v2\/tags?post=964198"}],"curies":[{"name":"wp","href":"https:\/\/api.w.org\/{rel}","templated":true}]}}