{"id":964326,"date":"2024-05-31T09:51:28","date_gmt":"2024-05-31T12:51:28","guid":{"rendered":"https:\/\/www.cnbb.org.br\/?p=964326"},"modified":"2024-05-31T09:53:04","modified_gmt":"2024-05-31T12:53:04","slug":"sonelidade-da-santissima-trindade-comunhao-e-missao","status":"publish","type":"post","link":"https:\/\/www.cnbb.org.br\/sonelidade-da-santissima-trindade-comunhao-e-missao\/","title":{"rendered":"Sonelidade da Sant\u00edssima Trindade: comunh\u00e3o e miss\u00e3o"},"content":{"rendered":"<p>Dom Neri Jos\u00e9 Tondello<br \/>\nDiocese de Ju\u00edna (MT)<\/p>\n<p style=\"text-align: justify;\">A Igreja vem da Trindade desse modo: o universal des\u00edgnio salv\u00edfico do Pai (LG 2), a miss\u00e3o do Filho (LG 3) e a obra santificante do Esp\u00edrito Santo (LG 4) que edificam a Igreja como mist\u00e9rio. A Igreja \u00edcone da Trindade \u00e9, portanto, a comunh\u00e3o mist\u00e9rica da Trindade. \u00c9 a unidade na diversidade das Igrejas locais em seus carismas e minist\u00e9rios. Ao mesmo tempo, a Igreja orienta-se para a Trindade, Igreja dos peregrinos na convers\u00e3o e reforma cont\u00ednuas, em comunh\u00e3o com a Igreja celeste na prepara\u00e7\u00e3o para a gl\u00f3ria final\u201d (Bruno Forte).<\/p>\n<p style=\"text-align: justify;\">\u00d3 Trindade Santa, Pai, Filho e Esp\u00edrito Santo, comunidade de amor. Comunidade perfeita. Interrela\u00e7\u00e3o entre as tr\u00eas pessoas de um \u00fanico Deus. A miss\u00e3o diferente do Pai que cria, a miss\u00e3o do Filho que \u00e9 redimir o mundo criado pelo Pai, e o Esp\u00edrito Santo para santificar toda obra. A diversidade da miss\u00e3o leva \u00e0 comunh\u00e3o plena. Aquele que fez a diversidade fez tamb\u00e9m a unidade. A Trindade de cada indiv\u00edduo nos leva a superar o individualismo ego\u00edsta. Desta compreens\u00e3o teol\u00f3gica, conclu\u00edmos que somos comunidade. Somos um todo interligado na Casa Comum. Precisamos uns dos outros o tempo todo. Somos dependentes entre n\u00f3s para a sobreviv\u00eancia de toda a humanidade. Que as nossas comunidades sejam express\u00e3o da Trindade Santa. Fica extremamente dif\u00edcil a salva\u00e7\u00e3o fora da comunh\u00e3o trinit\u00e1ria. Sejamos, portanto, comunh\u00e3o plena na Trindade. Gl\u00f3ria, ao Pai, ao Filho e ao Esp\u00edrito Santo. Am\u00e9m.<\/p>\n<p style=\"text-align: justify;\">A Igreja, enquanto \u00edcone da Trindade, \u00e9 tamb\u00e9m um sinal vis\u00edvel da presen\u00e7a divina no mundo. Ela \u00e9 chamada a ser uma comunidade de amor, onde cada pessoa, imagem e semelhan\u00e7a de Deus, encontra seu lugar e sua miss\u00e3o. Este entendimento nos convida a uma convers\u00e3o cont\u00ednua, uma renova\u00e7\u00e3o constante que nos aproxima da santidade e da plenitude da vida trinit\u00e1ria.<\/p>\n<p style=\"text-align: justify;\">Vivendo em comunh\u00e3o, testemunhamos a presen\u00e7a do Reino de Deus e nos preparamos para a gl\u00f3ria final, onde a comunh\u00e3o trinit\u00e1ria ser\u00e1 plenamente realizada. Assim, a nossa viv\u00eancia comunit\u00e1ria deve ser um reflexo da vida trinit\u00e1ria, promovendo a unidade na diversidade e trabalhando incessantemente pela constru\u00e7\u00e3o de uma sociedade mais justa e fraterna.<\/p>\n<p style=\"text-align: justify;\">Que a nossa caminhada de f\u00e9 nos fa\u00e7a sempre mais conscientes da nossa voca\u00e7\u00e3o trinit\u00e1ria, levando-nos a viver a comunh\u00e3o e a miss\u00e3o com alegria e dedica\u00e7\u00e3o. Que possamos ser, em todos os aspectos de nossa vida, um reflexo da Trindade Santa, irradiando ao mundo o amor, a unidade e a santidade que emanam do nosso Deus Trino.<\/p>\n<p>Gl\u00f3ria, ao Pai, ao Filho e ao Esp\u00edrito Santo. Am\u00e9m.<\/p>\n<p>&nbsp;<\/p>\n","protected":false},"excerpt":{"rendered":"<p>Dom Neri Jos\u00e9 Tondello Diocese de Ju\u00edna (MT) A Igreja vem da Trindade desse modo: o universal des\u00edgnio salv\u00edfico do Pai (LG 2), a miss\u00e3o do Filho (LG 3) e a obra santificante do Esp\u00edrito Santo (LG 4) que edificam a Igreja como mist\u00e9rio. A Igreja \u00edcone da Trindade \u00e9, portanto, a comunh\u00e3o mist\u00e9rica da &hellip;<\/p>\n<p class=\"read-more\"> <a class=\"\" href=\"https:\/\/www.cnbb.org.br\/sonelidade-da-santissima-trindade-comunhao-e-missao\/\"> <span class=\"screen-reader-text\">Sonelidade da Sant\u00edssima Trindade: comunh\u00e3o e miss\u00e3o<\/span> Leia mais &raquo;<\/a><\/p>\n","protected":false},"author":778,"featured_media":0,"comment_status":"open","ping_status":"open","sticky":false,"template":"","format":"standard","meta":{"site-sidebar-layout":"default","site-content-layout":"default","ast-global-header-display":"","ast-banner-title-visibility":"","ast-main-header-display":"","ast-hfb-above-header-display":"","ast-hfb-below-header-display":"","ast-hfb-mobile-header-display":"","site-post-title":"","ast-breadcrumbs-content":"","ast-featured-img":"","footer-sml-layout":"","theme-transparent-header-meta":"default","adv-header-id-meta":"","stick-header-meta":"","header-above-stick-meta":"","header-main-stick-meta":"","header-below-stick-meta":""},"categories":[758],"tags":[],"acf":[],"_links":{"self":[{"href":"https:\/\/www.cnbb.org.br\/cnbb-app\/wp\/v2\/posts\/964326"}],"collection":[{"href":"https:\/\/www.cnbb.org.br\/cnbb-app\/wp\/v2\/posts"}],"about":[{"href":"https:\/\/www.cnbb.org.br\/cnbb-app\/wp\/v2\/types\/post"}],"author":[{"embeddable":true,"href":"https:\/\/www.cnbb.org.br\/cnbb-app\/wp\/v2\/users\/778"}],"replies":[{"embeddable":true,"href":"https:\/\/www.cnbb.org.br\/cnbb-app\/wp\/v2\/comments?post=964326"}],"version-history":[{"count":2,"href":"https:\/\/www.cnbb.org.br\/cnbb-app\/wp\/v2\/posts\/964326\/revisions"}],"predecessor-version":[{"id":964328,"href":"https:\/\/www.cnbb.org.br\/cnbb-app\/wp\/v2\/posts\/964326\/revisions\/964328"}],"wp:attachment":[{"href":"https:\/\/www.cnbb.org.br\/cnbb-app\/wp\/v2\/media?parent=964326"}],"wp:term":[{"taxonomy":"category","embeddable":true,"href":"https:\/\/www.cnbb.org.br\/cnbb-app\/wp\/v2\/categories?post=964326"},{"taxonomy":"post_tag","embeddable":true,"href":"https:\/\/www.cnbb.org.br\/cnbb-app\/wp\/v2\/tags?post=964326"}],"curies":[{"name":"wp","href":"https:\/\/api.w.org\/{rel}","templated":true}]}}