{"id":964384,"date":"2024-05-31T15:59:16","date_gmt":"2024-05-31T18:59:16","guid":{"rendered":"https:\/\/www.cnbb.org.br\/?p=964384"},"modified":"2024-05-31T16:00:48","modified_gmt":"2024-05-31T19:00:48","slug":"o-pao-da-vida-repartida-da-esperanca-e-da-ternura-compassiva","status":"publish","type":"post","link":"https:\/\/www.cnbb.org.br\/o-pao-da-vida-repartida-da-esperanca-e-da-ternura-compassiva\/","title":{"rendered":"O P\u00e3o da vida repartida, da esperan\u00e7a e da ternura compassiva"},"content":{"rendered":"<p>Dom Roberto Francisco Ferreria Paz<br \/>\nBispo de Campos (RJ)<\/p>\n<p style=\"text-align: justify;\">\nA Solenidade do Sant\u00edssimo Corpo e Sangue de Cristo, como todas as tr\u00eas grandes festas do tempo comum interiorizam e nos fazem compreender mais profundamente o mist\u00e9rio de Jesus Cristo na nossa vida, na vida da igreja tornando-se vida para o mundo inteiro. Como disc\u00edpulos que querem aprender a amar e a servir a seu Mestre e Salvador, a configurar-se plenamente com a pessoa de Jesus, a experi\u00eancia de vivenci\u00e1-lo na eucaristia, a celebra\u00e7\u00e3o do seu Corpo dado e seu Sangue derramado, nos realiza e nos impulsiona na miss\u00e3o.<\/p>\n<p>P\u00e3o da vida entregue, repartido e consumado para salvar e dar a vida aos outros. P\u00e3o que gera esperan\u00e7a, restaurando o sonho de Deus, da fraternidade de m\u00e3os dadas com a justi\u00e7a do Reino, incluindo a todos\/as na mesa da igualdade, da liberdade dos filhos de Deus. Sinal inequ\u00edvoco de miseric\u00f3rdia e ternura do Pai, sacramento da unidade, fornalha e v\u00ednculo de caridade que se derrama copiosamente do Altar.<\/p>\n<p>Mas nesta solenidade somos convidados tamb\u00e9m a testemunhar como povo que caminha, peregrino e mission\u00e1rio da esperan\u00e7a a for\u00e7a e alegria de sermos transformados Nele e por Ele, na eucaristia. A f\u00e9 em Jesus Eucar\u00edstico nos inspira a confeccionar tapetes que n\u00e3o s\u00f3 enchem de colorido, beleza e encanto as nossas ruas mas nos ensinam a transparecer os mesmos sentimentos e atitudes de louvor e convers\u00e3o dos adolescentes e jovens hebreus ao aclamar o Pastor Servo que entrava em Jerusal\u00e9m.<\/p>\n<p>Ao ocuparmos as pra\u00e7as e avenidas das nossas cidades, expressamos que n\u00e3o \u00e9 poss\u00edvel a amizade social, a solidariedade e a justi\u00e7a verdadeiramente restaurativa sem a presen\u00e7a real, substancial e verdadeira de Cristo nosso irm\u00e3o e Libertador, que cura nossos cora\u00e7\u00f5es e nossos relacionamentos mais profundos. A pr\u00f3pria mat\u00e9ria da eucaristia, p\u00e3o e vinho, frutos da terra e do trabalho humano est\u00e3o a consagrar toda Cria\u00e7\u00e3o num processo ascensional que o Pe. Teilhard de Chardin apresentou na missa c\u00f3smica.<\/p>\n<p>Hoje que assistimos a uma crise clim\u00e1tica que faz acontecer desastres e cat\u00e1strofes de porte cada vez mais amea\u00e7ador, precisamos de reconciliar nos com a Terra deixando-nos curar pela eucaristia que nos une ao Deus Criador amoroso que cuida de todas as criaturas na sua Sant\u00edssima Provid\u00eancia.<\/p>\n<p>O seguimento e adora\u00e7\u00e3o a Cristo eucar\u00edstico nos torna artes\u00e3os de paz, irm\u00e3os universais e profetas de uma transi\u00e7\u00e3o planet\u00e1ria, que fa\u00e7a acontecer a t\u00e3o desejada civiliza\u00e7\u00e3o do amor, da justi\u00e7a e da sobriedade feliz! Gra\u00e7as e louvores sejam dados em todo momento ao Sant\u00edssimo Sacramento!<\/p>\n","protected":false},"excerpt":{"rendered":"<p>Dom Roberto Francisco Ferreria Paz Bispo de Campos (RJ) A Solenidade do Sant\u00edssimo Corpo e Sangue de Cristo, como todas as tr\u00eas grandes festas do tempo comum interiorizam e nos fazem compreender mais profundamente o mist\u00e9rio de Jesus Cristo na nossa vida, na vida da igreja tornando-se vida para o mundo inteiro. Como disc\u00edpulos que &hellip;<\/p>\n<p class=\"read-more\"> <a class=\"\" href=\"https:\/\/www.cnbb.org.br\/o-pao-da-vida-repartida-da-esperanca-e-da-ternura-compassiva\/\"> <span class=\"screen-reader-text\">O P\u00e3o da vida repartida, da esperan\u00e7a e da ternura compassiva<\/span> Leia mais &raquo;<\/a><\/p>\n","protected":false},"author":23,"featured_media":0,"comment_status":"open","ping_status":"open","sticky":false,"template":"","format":"standard","meta":{"site-sidebar-layout":"default","site-content-layout":"default","ast-global-header-display":"","ast-banner-title-visibility":"","ast-main-header-display":"","ast-hfb-above-header-display":"","ast-hfb-below-header-display":"","ast-hfb-mobile-header-display":"","site-post-title":"","ast-breadcrumbs-content":"","ast-featured-img":"","footer-sml-layout":"","theme-transparent-header-meta":"default","adv-header-id-meta":"","stick-header-meta":"","header-above-stick-meta":"","header-main-stick-meta":"","header-below-stick-meta":""},"categories":[758],"tags":[],"acf":[],"_links":{"self":[{"href":"https:\/\/www.cnbb.org.br\/cnbb-app\/wp\/v2\/posts\/964384"}],"collection":[{"href":"https:\/\/www.cnbb.org.br\/cnbb-app\/wp\/v2\/posts"}],"about":[{"href":"https:\/\/www.cnbb.org.br\/cnbb-app\/wp\/v2\/types\/post"}],"author":[{"embeddable":true,"href":"https:\/\/www.cnbb.org.br\/cnbb-app\/wp\/v2\/users\/23"}],"replies":[{"embeddable":true,"href":"https:\/\/www.cnbb.org.br\/cnbb-app\/wp\/v2\/comments?post=964384"}],"version-history":[{"count":2,"href":"https:\/\/www.cnbb.org.br\/cnbb-app\/wp\/v2\/posts\/964384\/revisions"}],"predecessor-version":[{"id":964386,"href":"https:\/\/www.cnbb.org.br\/cnbb-app\/wp\/v2\/posts\/964384\/revisions\/964386"}],"wp:attachment":[{"href":"https:\/\/www.cnbb.org.br\/cnbb-app\/wp\/v2\/media?parent=964384"}],"wp:term":[{"taxonomy":"category","embeddable":true,"href":"https:\/\/www.cnbb.org.br\/cnbb-app\/wp\/v2\/categories?post=964384"},{"taxonomy":"post_tag","embeddable":true,"href":"https:\/\/www.cnbb.org.br\/cnbb-app\/wp\/v2\/tags?post=964384"}],"curies":[{"name":"wp","href":"https:\/\/api.w.org\/{rel}","templated":true}]}}