{"id":964431,"date":"2024-06-03T11:11:41","date_gmt":"2024-06-03T14:11:41","guid":{"rendered":"https:\/\/www.cnbb.org.br\/?p=964431"},"modified":"2024-06-03T11:12:13","modified_gmt":"2024-06-03T14:12:13","slug":"a-forca-da-fe-na-vida-da-comunidade-crista","status":"publish","type":"post","link":"https:\/\/www.cnbb.org.br\/a-forca-da-fe-na-vida-da-comunidade-crista\/","title":{"rendered":"A for\u00e7a da f\u00e9 na vida da comunidade crist\u00e3!\u00a0"},"content":{"rendered":"<p style=\"text-align: right;\"><strong>Dom Jos\u00e9 Gislon<br \/>\nBispo de Caxias do Sul (RS)\u00a0<\/strong><\/p>\n<p>&nbsp;<\/p>\n<p style=\"text-align: justify;\">\n<p style=\"text-align: justify;\"><span data-contrast=\"auto\">Estimados irm\u00e3os e irm\u00e3s em Cristo Jesus! Diante dos acontecimentos clim\u00e1ticos extraordin\u00e1rios que atingiram o nosso Estado do Rio Grande do Sul, podemos estar chocados com o impacto dos danos, em muitas localidades e cidades, deixando um rastro de destrui\u00e7\u00e3o que atingiu a natureza, ceifou vidas, destru\u00ed casas, empresas e tamb\u00e9m parte da infraestrutura rodovi\u00e1ria e ferrovi\u00e1ria, que s\u00e3o de import\u00e2ncia fundamental para a assist\u00eancia aos desalojados, para a reconstru\u00e7\u00e3o das institui\u00e7\u00f5es que serviam \u00e0s comunidades, e a retomada das atividades econ\u00f4micas.\u00a0<\/span><span data-ccp-props=\"{&quot;201341983&quot;:0,&quot;335551550&quot;:6,&quot;335551620&quot;:6,&quot;335559739&quot;:0,&quot;335559740&quot;:240}\">\u00a0<\/span><\/p>\n<p style=\"text-align: justify;\"><span data-contrast=\"auto\">Atrav\u00e9s de um esfor\u00e7o conjunto entre os governos, as empresas, as institui\u00e7\u00f5es e a corresponsabilidade coletiva, poderemos abreviar o tempo da ang\u00fastia, do medo, da dor e da incerteza, que hoje aflige milhares de pessoas vitimadas por essa trag\u00e9dia, e gostariam de refazer a vida ou retomar o cotidiano da vida, onde for poss\u00edvel. Toda esta realidade que nos feriu de forma coletiva est\u00e1 sendo amenizada, na quest\u00e3o humanit\u00e1ria, pela resposta solid\u00e1ria que envolveu institui\u00e7\u00f5es civis e religiosas, empresas e poder p\u00fablico. Uma a\u00e7\u00e3o solid\u00e1ria que ultrapassou as fronteiras do Brasil, porque a trag\u00e9dia chamou a aten\u00e7\u00e3o tamb\u00e9m da m\u00eddia internacional pela sua magnitude.<\/span><span data-ccp-props=\"{&quot;201341983&quot;:0,&quot;335551550&quot;:6,&quot;335551620&quot;:6,&quot;335559739&quot;:0,&quot;335559740&quot;:240}\">\u00a0<\/span><\/p>\n<p style=\"text-align: justify;\"><span data-contrast=\"auto\">Por isso, se faz necess\u00e1rio mantermos aberta a porta do cora\u00e7\u00e3o para a a\u00e7\u00e3o solid\u00e1ria, tendo presente que na medida em que as \u00e1guas dos rios retornam ao seu leito, nos deparamos com a lama e a destrui\u00e7\u00e3o das casas e de toda uma realidade que fazia parte da vida das pessoas nas suas comunidades. O sentido de perten\u00e7a a uma comunidade tem um significado importante para as pessoas, porque \u00e9 na fam\u00edlia e na comunidade, \u201cfam\u00edlia alargada\u201d, que vivemos as alegrias, as dores, as desilus\u00f5es, as prova\u00e7\u00f5es e celebramos a nossa caminhada de f\u00e9, que alimenta a esperan\u00e7a e d\u00e1 um novo significado \u00e0 vida, dom de Deus, mesmo quando ela est\u00e1 ferida. A luz do Ressuscitado abre aos homens e mulheres de f\u00e9 novos horizontes, que lhes oferece a possibilidade de encontrar um novo sentido em tudo aquilo que acontece ao longo da vida.\u00a0<\/span><span data-ccp-props=\"{&quot;201341983&quot;:0,&quot;335551550&quot;:6,&quot;335551620&quot;:6,&quot;335559739&quot;:0,&quot;335559740&quot;:240}\">\u00a0<\/span><\/p>\n<p style=\"text-align: justify;\"><span data-contrast=\"auto\">A Igreja, comunidade de f\u00e9, tem como miss\u00e3o anunciar o Reino de Deus ao mundo. Podemos dizer que \u00e9 uma miss\u00e3o sublime, mas, ao mesmo tempo, \u00e1rdua; na qual os disc\u00edpulos devem empenhar as pr\u00f3prias for\u00e7as, sem desprezar a gra\u00e7a de Deus: \u201c<\/span><i><span data-contrast=\"auto\">N\u00e3o tenhais medo, porque eu estarei contigo e ningu\u00e9m procurar\u00e1 fazer-te<\/span><\/i> <i><span data-contrast=\"auto\">mal\u201d (<\/span><\/i><span data-contrast=\"auto\">At 18,9-10). A promessa de Jesus Ressuscitado, feita aos disc\u00edpulos que iniciam o an\u00fancio e a miss\u00e3o junto \u00e0s primeiras comunidades, n\u00e3o pode ser esquecida pela comunidade crist\u00e3: <\/span><i><span data-contrast=\"auto\">\u201cEis que eu estarei convosco todos os dias, at\u00e9 o fim do mundo\u201d (Mt 1,22,23).<\/span><\/i><span data-contrast=\"auto\"> \u00c9 com essa confian\u00e7a, de que o Senhor caminha conosco, que iremos ajudar as pessoas a reconstru\u00edrem suas vidas, tamb\u00e9m no sentido de comunidade de f\u00e9, tendo presente que a Igreja, mesmo sendo uma comunidade ferida e fr\u00e1gil, \u00e9, ao mesmo tempo, portadora de uma mensagem de esperan\u00e7a para todos os seus filhos. Todos os fi\u00e9is podem encontrar na Igreja um espa\u00e7o de crescimento espiritual, porque esta n\u00e3o \u00e9 constitu\u00edda por uma elite de puros, mas \u00e9 uma comunidade de \u201cferidos\u201d, que acolhem e caminham para a santidade na casa do Pai.<\/span><span data-ccp-props=\"{&quot;201341983&quot;:0,&quot;335551550&quot;:6,&quot;335551620&quot;:6,&quot;335559739&quot;:0,&quot;335559740&quot;:240}\">\u00a0<\/span><\/p>\n<p style=\"text-align: justify;\"><span data-ccp-props=\"{&quot;201341983&quot;:0,&quot;335551550&quot;:6,&quot;335551620&quot;:6,&quot;335559739&quot;:0,&quot;335559740&quot;:240}\">\u00a0<\/span><\/p>\n<p style=\"text-align: justify;\"><span data-ccp-props=\"{&quot;201341983&quot;:0,&quot;335551550&quot;:6,&quot;335551620&quot;:6,&quot;335559739&quot;:0,&quot;335559740&quot;:240}\">\u00a0<\/span><\/p>\n<p style=\"text-align: justify;\">\n","protected":false},"excerpt":{"rendered":"<p>Dom Jos\u00e9 Gislon Bispo de Caxias do Sul (RS)\u00a0 &nbsp; Estimados irm\u00e3os e irm\u00e3s em Cristo Jesus! Diante dos acontecimentos clim\u00e1ticos extraordin\u00e1rios que atingiram o nosso Estado do Rio Grande do Sul, podemos estar chocados com o impacto dos danos, em muitas localidades e cidades, deixando um rastro de destrui\u00e7\u00e3o que atingiu a natureza, ceifou &hellip;<\/p>\n<p class=\"read-more\"> <a class=\"\" href=\"https:\/\/www.cnbb.org.br\/a-forca-da-fe-na-vida-da-comunidade-crista\/\"> <span class=\"screen-reader-text\">A for\u00e7a da f\u00e9 na vida da comunidade crist\u00e3!\u00a0<\/span> Leia mais &raquo;<\/a><\/p>\n","protected":false},"author":20,"featured_media":0,"comment_status":"open","ping_status":"open","sticky":false,"template":"","format":"standard","meta":{"site-sidebar-layout":"default","site-content-layout":"default","ast-global-header-display":"","ast-banner-title-visibility":"","ast-main-header-display":"","ast-hfb-above-header-display":"","ast-hfb-below-header-display":"","ast-hfb-mobile-header-display":"","site-post-title":"","ast-breadcrumbs-content":"","ast-featured-img":"","footer-sml-layout":"","theme-transparent-header-meta":"default","adv-header-id-meta":"","stick-header-meta":"","header-above-stick-meta":"","header-main-stick-meta":"","header-below-stick-meta":""},"categories":[758],"tags":[],"acf":[],"_links":{"self":[{"href":"https:\/\/www.cnbb.org.br\/cnbb-app\/wp\/v2\/posts\/964431"}],"collection":[{"href":"https:\/\/www.cnbb.org.br\/cnbb-app\/wp\/v2\/posts"}],"about":[{"href":"https:\/\/www.cnbb.org.br\/cnbb-app\/wp\/v2\/types\/post"}],"author":[{"embeddable":true,"href":"https:\/\/www.cnbb.org.br\/cnbb-app\/wp\/v2\/users\/20"}],"replies":[{"embeddable":true,"href":"https:\/\/www.cnbb.org.br\/cnbb-app\/wp\/v2\/comments?post=964431"}],"version-history":[{"count":2,"href":"https:\/\/www.cnbb.org.br\/cnbb-app\/wp\/v2\/posts\/964431\/revisions"}],"predecessor-version":[{"id":964433,"href":"https:\/\/www.cnbb.org.br\/cnbb-app\/wp\/v2\/posts\/964431\/revisions\/964433"}],"wp:attachment":[{"href":"https:\/\/www.cnbb.org.br\/cnbb-app\/wp\/v2\/media?parent=964431"}],"wp:term":[{"taxonomy":"category","embeddable":true,"href":"https:\/\/www.cnbb.org.br\/cnbb-app\/wp\/v2\/categories?post=964431"},{"taxonomy":"post_tag","embeddable":true,"href":"https:\/\/www.cnbb.org.br\/cnbb-app\/wp\/v2\/tags?post=964431"}],"curies":[{"name":"wp","href":"https:\/\/api.w.org\/{rel}","templated":true}]}}