{"id":964630,"date":"2024-06-05T14:19:36","date_gmt":"2024-06-05T17:19:36","guid":{"rendered":"https:\/\/www.cnbb.org.br\/?p=964630"},"modified":"2024-06-05T14:32:32","modified_gmt":"2024-06-05T17:32:32","slug":"o-dom-de-deus-do-coracao-de-jesus-para-a-humanidade","status":"publish","type":"post","link":"https:\/\/www.cnbb.org.br\/o-dom-de-deus-do-coracao-de-jesus-para-a-humanidade\/","title":{"rendered":"O dom de Deus do Cora\u00e7\u00e3o de Jesus para a humanidade\u00a0"},"content":{"rendered":"<p style=\"text-align: right;\"><strong>Dom Vital Corbellini<br \/>\nBispo de Marab\u00e1 (PA)\u00a0<\/strong><\/p>\n<p>&nbsp;<\/p>\n<p style=\"text-align: justify;\"><span data-contrast=\"auto\">No festejamos no m\u00eas de Junho, o Sagrado Cora\u00e7\u00e3o de Jesus. \u00c9 um acontecimento marcante na vida de milhares de fieis, por serem devotos do Sagrado Cora\u00e7\u00e3o de Jesus. As suas promessas revigoram a vida eclesial de modo que o seu festejo re\u00fane centenas de pessoas para realizar a sua comemora\u00e7\u00e3o e tem como ponto alto, a celebra\u00e7\u00e3o eucar\u00edstica. \u00c9 dom de Deus para a humanidade, o Sagrado Cora\u00e7\u00e3o de Jesus porque Ele nos une a Deus e aos irm\u00e3os e irm\u00e3s, dando a gra\u00e7a da amizade familiar, comunit\u00e1ria e social entre as pessoas para que todas as pessoas vivam o mandamento da lei de Deus, do amor a Deus, ao pr\u00f3ximo como a si mesmo (cf. Mt 23,37-39).\u00a0<\/span><span data-ccp-props=\"{&quot;201341983&quot;:0,&quot;335551550&quot;:6,&quot;335551620&quot;:6,&quot;335559739&quot;:200,&quot;335559740&quot;:276}\">\u00a0<\/span><\/p>\n<p style=\"text-align: justify;\"><span data-contrast=\"auto\">A solenidade do Sagrado Cora\u00e7\u00e3o.<\/span><span data-ccp-props=\"{&quot;201341983&quot;:0,&quot;335551550&quot;:6,&quot;335551620&quot;:6,&quot;335559731&quot;:708,&quot;335559739&quot;:200,&quot;335559740&quot;:276}\">\u00a0<\/span><\/p>\n<p style=\"text-align: justify;\"><span data-contrast=\"auto\">Em nossa realidade eclesial e religiosa, \u00e9 celebrada a solenidade do Sagrado Cora\u00e7\u00e3o de Jesus. Em muitas dioceses, par\u00f3quias o t\u00eam como padroeiro. Ele \u00e9 tamb\u00e9m referenciado nos quadros colocados nas paredes das fam\u00edlias e em muitos outros lugares p\u00fablicos. Ele foi e \u00e9 a fonte de inspira\u00e7\u00e3o para muitos santos e santas, pessoas simples, humildes, pobres, estando presente tamb\u00e9m nas congrega\u00e7\u00f5es religiosas. O nosso louvor dirige-se a Deus Uno e Trino pelo Sagrado Cora\u00e7\u00e3o, fonte de amor, de caridade para com toda a humanidade.\u00a0<\/span><span data-ccp-props=\"{&quot;201341983&quot;:0,&quot;335551550&quot;:6,&quot;335551620&quot;:6,&quot;335559731&quot;:708,&quot;335559739&quot;:200,&quot;335559740&quot;:276}\">\u00a0<\/span><\/p>\n<p style=\"text-align: justify;\"><span data-contrast=\"auto\">O significado do cora\u00e7\u00e3o.<\/span><span data-ccp-props=\"{&quot;201341983&quot;:0,&quot;335551550&quot;:6,&quot;335551620&quot;:6,&quot;335559731&quot;:708,&quot;335559739&quot;:200,&quot;335559740&quot;:276}\">\u00a0<\/span><\/p>\n<p style=\"text-align: justify;\"><span data-contrast=\"auto\">\u00c9 fundamental analisar o conceito, o significado do cora\u00e7\u00e3o. Ele \u00e9 um \u00f3rg\u00e3o essencial para a exist\u00eancia do ser humano, garantindo que o sangue seja transportado para todo o organismo, do que resulta a import\u00e2ncia do cuidado para com o mesmo. Ele d\u00e1 a vida para o ser humano no prosseguimento de sua exist\u00eancia. O cora\u00e7\u00e3o \u00e9 uma palavra que vem do grego <\/span><i><span data-contrast=\"auto\">kard\u00eda<\/span><\/i><span data-contrast=\"auto\">, cujo significado \u00e9 o \u00f3rg\u00e3o muscular de forma c\u00f4nica, que constitui o centro motor do aparelho circulat\u00f3rio. \u00c9 tamb\u00e9m o centro da vida espiritual e afetiva do ser humano, sede dos sentimentos ou do desejo, da vontade<\/span><span data-contrast=\"auto\">1<\/span><span data-contrast=\"auto\">.\u00a0<\/span><span data-ccp-props=\"{&quot;201341983&quot;:0,&quot;335551550&quot;:6,&quot;335551620&quot;:6,&quot;335559731&quot;:708,&quot;335559739&quot;:200,&quot;335559740&quot;:276}\">\u00a0<\/span><\/p>\n<p style=\"text-align: justify;\"><span data-contrast=\"auto\">O cora\u00e7\u00e3o no plano divino.<\/span><span data-ccp-props=\"{&quot;201341983&quot;:0,&quot;335551550&quot;:6,&quot;335551620&quot;:6,&quot;335559731&quot;:708,&quot;335559739&quot;:200,&quot;335559740&quot;:276}\">\u00a0<\/span><\/p>\n<p style=\"text-align: justify;\"><span data-contrast=\"auto\">O Cora\u00e7\u00e3o de Jesus \u00e9 cheio de gra\u00e7as porque ele nos oferece os valores da paz e do amor, sendo ele fonte de vida para toda a humanidade. Ele foi formado pelo Esp\u00edrito Santo, dom de Deus no seio da Virgem Maria. Ele nos faz entrar no mist\u00e9rio de Deus que \u00e9 amor para com todas as pessoas da humanidade. Jesus sentiu compaix\u00e3o para com o povo sofredor, o povo pobre que estava abandonado como ovelhas sem pastor (cf. Mt 9,36). Tudo isso manifestou como o Cora\u00e7\u00e3o de Jesus ligava-se para com as pessoas mais necessitadas e elevava-as at\u00e9 Deus.\u00a0<\/span><span data-ccp-props=\"{&quot;201341983&quot;:0,&quot;335551550&quot;:6,&quot;335551620&quot;:6,&quot;335559731&quot;:708,&quot;335559739&quot;:200,&quot;335559740&quot;:276}\">\u00a0<\/span><\/p>\n<p style=\"text-align: justify;\"><span data-contrast=\"auto\">O cora\u00e7\u00e3o coordena o corpo e recebe a gra\u00e7a de Deus.<\/span><span data-ccp-props=\"{&quot;201341983&quot;:0,&quot;335551550&quot;:6,&quot;335551620&quot;:6,&quot;335559739&quot;:200,&quot;335559740&quot;:276}\">\u00a0<\/span><\/p>\n<p style=\"text-align: justify;\"><span data-contrast=\"auto\">\u00c9 importante dar uma id\u00e9ia do cora\u00e7\u00e3o a partir dos padres da Igreja, relacionada com o Cora\u00e7\u00e3o de Jesus. O Pseudo Mac\u00e1rio, um monge do Egito do s\u00e9culo IV, afirmou que o cora\u00e7\u00e3o humano governa os \u00f3rg\u00e3os do corpo. Quando a gra\u00e7a de Deus entra no cora\u00e7\u00e3o, eleva a confian\u00e7a, o amor, reinando sobre todos os seus membros e sobre todos os seus pensamentos. A quest\u00e3o \u00e9 que se o pecado adentra no cora\u00e7\u00e3o, h\u00e1 o afastamento da gra\u00e7a. O Senhor Jesus fala a todas as pessoas pois \u00e9 do cora\u00e7\u00e3o que prov\u00eam os maus pensamentos (cfr. Mt 15,19), fazendo o ser humano envolver-se nas trevas. O mal tende a esconder-se no esp\u00edrito de seu ser interior. Mas quando o cora\u00e7\u00e3o vive a gra\u00e7a, tudo \u00e9 vida. Se, pois, algu\u00e9m ama a Deus, tamb\u00e9m Deus o torna participante do pr\u00f3prio amor. Deus vir\u00e1 ao encontro do ser humano para torn\u00e1-lo sempre mais puro na vida. O autor disse tamb\u00e9m que o Senhor fez o homem e a mulher \u00e0 sua imagem e \u00e0 sua semelhan\u00e7a (cfr. Gn 1,26) para que vivam bem em unidade com o Criador<\/span><span data-contrast=\"auto\">2<\/span><span data-contrast=\"auto\">. O cora\u00e7\u00e3o corresponda ao amor de Deus e do pr\u00f3ximo.\u00a0<\/span><span data-ccp-props=\"{&quot;201341983&quot;:0,&quot;335551550&quot;:6,&quot;335551620&quot;:6,&quot;335559731&quot;:708,&quot;335559739&quot;:200,&quot;335559740&quot;:276}\">\u00a0<\/span><\/p>\n<p style=\"text-align: justify;\"><span data-contrast=\"auto\">O cora\u00e7\u00e3o de Jesus no morada humana.<\/span><span data-ccp-props=\"{&quot;201341983&quot;:0,&quot;335551550&quot;:6,&quot;335551620&quot;:6,&quot;335559731&quot;:709,&quot;335559739&quot;:200,&quot;335559740&quot;:276}\">\u00a0<\/span><\/p>\n<p style=\"text-align: justify;\"><span data-contrast=\"auto\">O cora\u00e7\u00e3o de Jesus busca a morada humana. Para isso \u00e9 preciso a perman\u00eancia no seu amor. Santo Agostinho, bispo de Hipona dos s\u00e9culos IV e V, asseverou que a manifesta\u00e7\u00e3o de f\u00e9 das pessoas \u00e9 a condi\u00e7\u00e3o para que Cristo habite em seus cora\u00e7\u00f5es. Ele tinha presente o epis\u00f3dio do evangelho segundo o qual Cristo Jesus dormia na parte de tr\u00e1s da barca e os disc\u00edpulos o acordaram diante do perigo de um eminente naufr\u00e1gio. Jesus se levantou, ordenou ao vento e ao mar a tranq\u00fcilidade e, logo em seguida, fez-se uma grande calmaria (cfr. Mc 4,35-41). Assim como a ventania agitou o mar na passagem do evangelho, causando tormenta, de igual maneira a vida de uma pessoa seria alcan\u00e7ada pelos ventos das tribula\u00e7\u00f5es, os quais aludiriam as faltas cometidas, de modo que \u00e9 preciso acordar Jesus Cristo na vida do ser humano para fazer cessar as tormentas, assim como Ele foi acordado pelos disc\u00edpulos. O sono de Cristo acontece no cora\u00e7\u00e3o humano quando h\u00e1 o esquecimento da f\u00e9, do amor. Por\u00e9m, se a pessoa restaura a sua f\u00e9, esperan\u00e7a e caridade, ela acorda Cristo e Ele far\u00e1 morada no seu cora\u00e7\u00e3o<\/span><span data-contrast=\"auto\">3<\/span><span data-contrast=\"auto\">.\u00a0<\/span><span data-ccp-props=\"{&quot;201341983&quot;:0,&quot;335551550&quot;:6,&quot;335551620&quot;:6,&quot;335559739&quot;:200,&quot;335559740&quot;:276}\">\u00a0<\/span><\/p>\n<p style=\"text-align: justify;\"><span data-contrast=\"auto\">A grandiosidade do Cora\u00e7\u00e3o de Deus.\u00a0<\/span><span data-ccp-props=\"{&quot;201341983&quot;:0,&quot;335551550&quot;:6,&quot;335551620&quot;:6,&quot;335559739&quot;:200,&quot;335559740&quot;:276}\">\u00a0<\/span><\/p>\n<p style=\"text-align: justify;\"><span data-contrast=\"auto\">Santo Agostinho destacou-se por colocar a grandiosidade do Cora\u00e7\u00e3o de Deus, de Jesus, ao afirmar que as obras de Deus s\u00e3o maravilhosas, porque elas sendo grandiosas ou pequeninas s\u00e3o importantes, e ainda que um min\u00fasculo gr\u00e3o seja lan\u00e7ado na terra, germinar\u00e1 uma grande \u00e1rvore, que produzir\u00e1 flores, sombras e frutos. O que pode-se dizer do cora\u00e7\u00e3o humano e divino? O cora\u00e7\u00e3o humano sendo um \u00f3rg\u00e3o t\u00e3o pequeno faz circular a seiva (sangue) por todas as partes do corpo, fazendo-nos compreender que sua import\u00e2ncia vital n\u00e3o se relaciona com a pequenez de sua forma. De igual modo, Cristo jamais \u00e9 diminu\u00eddo, Ele \u00e9 sempre grandioso mesmo nas coisas que nos parecem pequenas<\/span><span data-contrast=\"auto\">4<\/span><span data-contrast=\"auto\">. Ele entregou tudo de si mesmo para a realidade humana e divina.\u00a0<\/span><span data-ccp-props=\"{&quot;201341983&quot;:0,&quot;335551550&quot;:6,&quot;335551620&quot;:6,&quot;335559739&quot;:200,&quot;335559740&quot;:276}\">\u00a0<\/span><\/p>\n<p style=\"text-align: justify;\"><span data-contrast=\"auto\">A alegria verdadeira vem do cora\u00e7\u00e3o.\u00a0<\/span><span data-ccp-props=\"{&quot;201341983&quot;:0,&quot;335551550&quot;:6,&quot;335551620&quot;:6,&quot;335559739&quot;:200,&quot;335559740&quot;:276}\">\u00a0<\/span><\/p>\n<p style=\"text-align: justify;\"><span data-contrast=\"auto\">S\u00e3o Jo\u00e3o Cris\u00f3stomo, bispo de Constantinopla dos s\u00e9culos IV e V, afirmou que se o ser humano deseja a alegria verdadeira, mas esta n\u00e3o seria procurada nas coisas exteriores, mas buscada no conhecimento de Deus para a obten\u00e7\u00e3o das virtudes, sobretudo da caridade e, assim, nada mais lhe causaria afli\u00e7\u00e3o. A alegria vem do cora\u00e7\u00e3o pela gra\u00e7a reinante de Deus e pelo esfor\u00e7o humano, de sua responsabilidade<\/span><span data-contrast=\"auto\">5<\/span><span data-contrast=\"auto\">. O Cora\u00e7\u00e3o de Jesus \u00e9 fonte de alegrias humanas e divinas para o bem do ser humano.\u00a0<\/span><span data-ccp-props=\"{&quot;201341983&quot;:0,&quot;335551550&quot;:6,&quot;335551620&quot;:6,&quot;335559731&quot;:708,&quot;335559739&quot;:200,&quot;335559740&quot;:276}\">\u00a0<\/span><\/p>\n<p style=\"text-align: justify;\"><span data-contrast=\"auto\">N\u00f3s somos chamados a adorar o Sagrado Cora\u00e7\u00e3o de Jesus. Ele \u00e9 a casa de Deus, \u00e9 a porta do c\u00e9u; e \u00e9 tamb\u00e9m a fornalha ardente de caridade. Esta devo\u00e7\u00e3o se espalhe sempre mais no mundo e na comunidade eclesial para que as atividades pastorais, comunit\u00e1rias e sociais tenham a prote\u00e7\u00e3o do Sagrado Cora\u00e7\u00e3o, que \u00e9 dom de Deus Uno e Trino para n\u00f3s e para a nossa salva\u00e7\u00e3o.\u00a0<\/span><span data-ccp-props=\"{&quot;201341983&quot;:0,&quot;335551550&quot;:6,&quot;335551620&quot;:6,&quot;335559731&quot;:708,&quot;335559739&quot;:200,&quot;335559740&quot;:276}\">\u00a0<\/span><\/p>\n<p style=\"text-align: justify;\"><span data-ccp-props=\"{&quot;201341983&quot;:0,&quot;335559739&quot;:200,&quot;335559740&quot;:276}\">\u00a0<\/span><\/p>\n","protected":false},"excerpt":{"rendered":"<p>Dom Vital Corbellini Bispo de Marab\u00e1 (PA)\u00a0 &nbsp; No festejamos no m\u00eas de Junho, o Sagrado Cora\u00e7\u00e3o de Jesus. \u00c9 um acontecimento marcante na vida de milhares de fieis, por serem devotos do Sagrado Cora\u00e7\u00e3o de Jesus. As suas promessas revigoram a vida eclesial de modo que o seu festejo re\u00fane centenas de pessoas para &hellip;<\/p>\n<p class=\"read-more\"> <a class=\"\" href=\"https:\/\/www.cnbb.org.br\/o-dom-de-deus-do-coracao-de-jesus-para-a-humanidade\/\"> <span class=\"screen-reader-text\">O dom de Deus do Cora\u00e7\u00e3o de Jesus para a humanidade\u00a0<\/span> Leia mais &raquo;<\/a><\/p>\n","protected":false},"author":16,"featured_media":0,"comment_status":"open","ping_status":"open","sticky":false,"template":"","format":"standard","meta":{"site-sidebar-layout":"default","site-content-layout":"default","ast-global-header-display":"","ast-banner-title-visibility":"","ast-main-header-display":"","ast-hfb-above-header-display":"","ast-hfb-below-header-display":"","ast-hfb-mobile-header-display":"","site-post-title":"","ast-breadcrumbs-content":"","ast-featured-img":"","footer-sml-layout":"","theme-transparent-header-meta":"default","adv-header-id-meta":"","stick-header-meta":"","header-above-stick-meta":"","header-main-stick-meta":"","header-below-stick-meta":""},"categories":[758,1837],"tags":[],"acf":[],"_links":{"self":[{"href":"https:\/\/www.cnbb.org.br\/cnbb-app\/wp\/v2\/posts\/964630"}],"collection":[{"href":"https:\/\/www.cnbb.org.br\/cnbb-app\/wp\/v2\/posts"}],"about":[{"href":"https:\/\/www.cnbb.org.br\/cnbb-app\/wp\/v2\/types\/post"}],"author":[{"embeddable":true,"href":"https:\/\/www.cnbb.org.br\/cnbb-app\/wp\/v2\/users\/16"}],"replies":[{"embeddable":true,"href":"https:\/\/www.cnbb.org.br\/cnbb-app\/wp\/v2\/comments?post=964630"}],"version-history":[{"count":2,"href":"https:\/\/www.cnbb.org.br\/cnbb-app\/wp\/v2\/posts\/964630\/revisions"}],"predecessor-version":[{"id":964632,"href":"https:\/\/www.cnbb.org.br\/cnbb-app\/wp\/v2\/posts\/964630\/revisions\/964632"}],"wp:attachment":[{"href":"https:\/\/www.cnbb.org.br\/cnbb-app\/wp\/v2\/media?parent=964630"}],"wp:term":[{"taxonomy":"category","embeddable":true,"href":"https:\/\/www.cnbb.org.br\/cnbb-app\/wp\/v2\/categories?post=964630"},{"taxonomy":"post_tag","embeddable":true,"href":"https:\/\/www.cnbb.org.br\/cnbb-app\/wp\/v2\/tags?post=964630"}],"curies":[{"name":"wp","href":"https:\/\/api.w.org\/{rel}","templated":true}]}}