{"id":964640,"date":"2024-06-05T14:30:30","date_gmt":"2024-06-05T17:30:30","guid":{"rendered":"https:\/\/www.cnbb.org.br\/?p=964640"},"modified":"2024-06-05T14:31:31","modified_gmt":"2024-06-05T17:31:31","slug":"celebracao-da-solenidade-do-sagrado-coracao-de-jesus","status":"publish","type":"post","link":"https:\/\/www.cnbb.org.br\/celebracao-da-solenidade-do-sagrado-coracao-de-jesus\/","title":{"rendered":"Celebra\u00e7\u00e3o da Solenidade do Sagrado Cora\u00e7\u00e3o de Jesus"},"content":{"rendered":"<p style=\"text-align: right;\"><b><span data-contrast=\"auto\">Dom Carmo Jo\u00e3o Rhoden<\/span><\/b><span data-ccp-props=\"{&quot;201341983&quot;:0,&quot;335551550&quot;:2,&quot;335551620&quot;:2,&quot;335559739&quot;:160,&quot;335559740&quot;:259}\"><br \/>\n<\/span><b><span data-contrast=\"auto\">Bispo Em\u00e9rito de Taubat\u00e9 (SP)<\/span><\/b><span data-ccp-props=\"{&quot;201341983&quot;:0,&quot;335551550&quot;:2,&quot;335551620&quot;:2,&quot;335559739&quot;:160,&quot;335559740&quot;:259}\">\u00a0<\/span><\/p>\n<p>&nbsp;<\/p>\n<p style=\"text-align: justify;\"><b><span data-contrast=\"auto\">Evangelho: Jo 19,31-37<br \/>\nSexta feira 07\/06\/24<\/span><\/b><\/p>\n<p style=\"text-align: justify;\"><span data-contrast=\"auto\">Texto referencial: <\/span><i><span data-contrast=\"auto\">\u201cIsso aconteceu para que se cumprissem as escrituras, que dizem: \u201cN\u00e3o quebrar\u00e3o nenhum de seus ossos\u201d.\u00a0 E um outro texto, afirma: \u201colhar\u00e3o para Aquele que transpassaram\u201d<\/span><\/i><span data-contrast=\"auto\"> (Jo 19,35-37).<\/span><span data-ccp-props=\"{&quot;201341983&quot;:0,&quot;335551550&quot;:6,&quot;335551620&quot;:6,&quot;335559739&quot;:160,&quot;335559740&quot;:259}\">\u00a0<\/span><\/p>\n<p style=\"text-align: justify;\"><span data-contrast=\"auto\">Somente, pode entender a mensagem do Cora\u00e7\u00e3o de Jesus, quem, antes, procurar aprofundar o sentido da encarna\u00e7\u00e3o do Senhor, obra evangelizadora, morte, ressurrei\u00e7\u00e3o, Ascens\u00e3o e vinda do Esp\u00edrito Santo.<\/span><span data-ccp-props=\"{&quot;201341983&quot;:0,&quot;335551550&quot;:6,&quot;335551620&quot;:6,&quot;335559739&quot;:160,&quot;335559740&quot;:259}\">\u00a0<\/span><\/p>\n<p style=\"text-align: justify;\"><span data-contrast=\"auto\">T\u00e3o somente, pode come\u00e7ar a entender melhor a solenidade do cora\u00e7\u00e3o de Jesus, quem j\u00e1 percebeu e sentiu o amor de Deus por ele.\u00a0 Afirma S\u00e3o Jo\u00e3o \u2013 \u201cDeus \u00e9 amor e, nos amou por primeiro\u201d (1Jo 4, 8.16; 10.19).<\/span><span data-ccp-props=\"{&quot;201341983&quot;:0,&quot;335551550&quot;:6,&quot;335551620&quot;:6,&quot;335559739&quot;:160,&quot;335559740&quot;:259}\">\u00a0<\/span><\/p>\n<p style=\"text-align: justify;\"><span data-contrast=\"auto\">Deus ama, tudo o que criou: o mundo mineral, vegetal, animal e principalmente o racional.\u00a0 Este, por excel\u00eancia, mesmo sendo pecador. A Trindade, de nada precisa, mas de todos tem saudades, pois, s\u00e3o obras Suas.\u00a0 Por isso, quer nos, mais semelhantes, a Ele ou \u00e0 Ela (a Trindade).<\/span><span data-ccp-props=\"{&quot;201341983&quot;:0,&quot;335551550&quot;:6,&quot;335551620&quot;:6,&quot;335559739&quot;:160,&quot;335559740&quot;:259}\">\u00a0<\/span><\/p>\n<p style=\"text-align: justify;\"><span data-contrast=\"auto\">No cora\u00e7\u00e3o de Jesus, Deus mostrou que tem cora\u00e7\u00e3o, que deixou traspassar, para torna-se sinal perene e inconfund\u00edvel de Seu amor, por n\u00f3s, \u201colhar\u00e3o para Aquele que transpassaram\u201d (Jo 19,35-37).<\/span><span data-ccp-props=\"{&quot;201341983&quot;:0,&quot;335551550&quot;:6,&quot;335551620&quot;:6,&quot;335559739&quot;:160,&quot;335559740&quot;:259}\">\u00a0<\/span><\/p>\n<p style=\"text-align: justify;\"><span data-contrast=\"auto\">Sinais s\u00e3o sinais\u2026 repito. S\u00f3, os podem entender, os que s\u00e3o sens\u00edveis ao mundo simb\u00f3lico. Jesus Cristo \u00e9 o sinal maior do amor infinito da Trindade. Nele, a Trindade se encontra de modo particular. A Solenidade do Cora\u00e7\u00e3o de Jesus, n\u00e3o apenas, lembra o dia especial do Sagrado Cora\u00e7\u00e3o. Manifesta, tamb\u00e9m, a piedade, ou a espiritualidade, que alguns denominam adocicada ou ultrapassada, mas que de fato, pode vir a ser ou menos, tornar se o culto, que compreende toda preciosidade desta espiritualidade, que tem como objetivo, tamb\u00e9m, a transforma\u00e7\u00e3o da sociedade. \u00c9, pois, tanto uma m\u00edstica, quanto uma proposta de transforma\u00e7\u00e3o da sociedade, tanto carente de justi\u00e7a social, quanto de m\u00edstica crist\u00e3. O culto ao Cora\u00e7\u00e3o de Jesus \u00e9, pois, tanto necess\u00e1rio como oportuno. Ent\u00e3o olhar\u00e3o para Aquele que transpassaram\u201d (Jo 19,35-37).<\/span><span data-ccp-props=\"{&quot;201341983&quot;:0,&quot;335551550&quot;:6,&quot;335551620&quot;:6,&quot;335559739&quot;:160,&quot;335559740&quot;:259}\">\u00a0<\/span><\/p>\n<p><span data-ccp-props=\"{&quot;201341983&quot;:0,&quot;335551550&quot;:6,&quot;335551620&quot;:6,&quot;335559739&quot;:160,&quot;335559740&quot;:259}\">\u00a0<\/span><\/p>\n<p><span data-ccp-props=\"{&quot;201341983&quot;:0,&quot;335551550&quot;:2,&quot;335551620&quot;:2,&quot;335559739&quot;:160,&quot;335559740&quot;:259}\">\u00a0<\/span><\/p>\n<p>&nbsp;<\/p>\n<p><span data-ccp-props=\"{&quot;201341983&quot;:0,&quot;335551550&quot;:6,&quot;335551620&quot;:6,&quot;335559739&quot;:160,&quot;335559740&quot;:259}\">\u00a0<\/span><\/p>\n","protected":false},"excerpt":{"rendered":"<p>Dom Carmo Jo\u00e3o Rhoden Bispo Em\u00e9rito de Taubat\u00e9 (SP)\u00a0 &nbsp; Evangelho: Jo 19,31-37 Sexta feira 07\/06\/24 Texto referencial: \u201cIsso aconteceu para que se cumprissem as escrituras, que dizem: \u201cN\u00e3o quebrar\u00e3o nenhum de seus ossos\u201d.\u00a0 E um outro texto, afirma: \u201colhar\u00e3o para Aquele que transpassaram\u201d (Jo 19,35-37).\u00a0 Somente, pode entender a mensagem do Cora\u00e7\u00e3o de Jesus, &hellip;<\/p>\n<p class=\"read-more\"> <a class=\"\" href=\"https:\/\/www.cnbb.org.br\/celebracao-da-solenidade-do-sagrado-coracao-de-jesus\/\"> <span class=\"screen-reader-text\">Celebra\u00e7\u00e3o da Solenidade do Sagrado Cora\u00e7\u00e3o de Jesus<\/span> Leia mais &raquo;<\/a><\/p>\n","protected":false},"author":132,"featured_media":0,"comment_status":"open","ping_status":"open","sticky":false,"template":"","format":"standard","meta":{"site-sidebar-layout":"default","site-content-layout":"default","ast-global-header-display":"","ast-banner-title-visibility":"","ast-main-header-display":"","ast-hfb-above-header-display":"","ast-hfb-below-header-display":"","ast-hfb-mobile-header-display":"","site-post-title":"","ast-breadcrumbs-content":"","ast-featured-img":"","footer-sml-layout":"","theme-transparent-header-meta":"default","adv-header-id-meta":"","stick-header-meta":"","header-above-stick-meta":"","header-main-stick-meta":"","header-below-stick-meta":""},"categories":[758],"tags":[],"acf":[],"_links":{"self":[{"href":"https:\/\/www.cnbb.org.br\/cnbb-app\/wp\/v2\/posts\/964640"}],"collection":[{"href":"https:\/\/www.cnbb.org.br\/cnbb-app\/wp\/v2\/posts"}],"about":[{"href":"https:\/\/www.cnbb.org.br\/cnbb-app\/wp\/v2\/types\/post"}],"author":[{"embeddable":true,"href":"https:\/\/www.cnbb.org.br\/cnbb-app\/wp\/v2\/users\/132"}],"replies":[{"embeddable":true,"href":"https:\/\/www.cnbb.org.br\/cnbb-app\/wp\/v2\/comments?post=964640"}],"version-history":[{"count":2,"href":"https:\/\/www.cnbb.org.br\/cnbb-app\/wp\/v2\/posts\/964640\/revisions"}],"predecessor-version":[{"id":964642,"href":"https:\/\/www.cnbb.org.br\/cnbb-app\/wp\/v2\/posts\/964640\/revisions\/964642"}],"wp:attachment":[{"href":"https:\/\/www.cnbb.org.br\/cnbb-app\/wp\/v2\/media?parent=964640"}],"wp:term":[{"taxonomy":"category","embeddable":true,"href":"https:\/\/www.cnbb.org.br\/cnbb-app\/wp\/v2\/categories?post=964640"},{"taxonomy":"post_tag","embeddable":true,"href":"https:\/\/www.cnbb.org.br\/cnbb-app\/wp\/v2\/tags?post=964640"}],"curies":[{"name":"wp","href":"https:\/\/api.w.org\/{rel}","templated":true}]}}