{"id":964660,"date":"2024-06-06T09:20:33","date_gmt":"2024-06-06T12:20:33","guid":{"rendered":"https:\/\/www.cnbb.org.br\/?p=964660"},"modified":"2024-06-06T09:25:12","modified_gmt":"2024-06-06T12:25:12","slug":"tragedia-climatica-e-prestacao-de-contas","status":"publish","type":"post","link":"https:\/\/www.cnbb.org.br\/tragedia-climatica-e-prestacao-de-contas\/","title":{"rendered":"Trag\u00e9dia clim\u00e1tica e presta\u00e7\u00e3o de contas"},"content":{"rendered":"<p style=\"text-align: right;\"><b><span data-contrast=\"auto\">Dom Alo\u00edsio Alberto Dilli<br \/>\nBispo de Santa Cruz do Sul (RS)<br \/>\n<\/span><\/b><\/p>\n<p>&nbsp;<\/p>\n<p style=\"text-align: justify;\"><span data-ccp-props=\"{&quot;201341983&quot;:0,&quot;335551550&quot;:2,&quot;335551620&quot;:2,&quot;335559739&quot;:0,&quot;335559740&quot;:240}\">\u00a0<\/span><\/p>\n<p style=\"text-align: justify;\"><span data-contrast=\"auto\">\u201c<\/span><i><span data-contrast=\"auto\">Cada um d\u00ea conforme tiver decidido em seu cora\u00e7\u00e3o, sem pesar nem constrangimento, pois \u2018Deus ama a quem d\u00e1 com alegria\u2019<\/span><\/i><span data-contrast=\"auto\">\u201d (2Cor 9,7)<\/span><span data-ccp-props=\"{&quot;201341983&quot;:0,&quot;335551550&quot;:2,&quot;335551620&quot;:2,&quot;335559739&quot;:0,&quot;335559740&quot;:240}\">\u00a0<\/span><\/p>\n<p style=\"text-align: justify;\"><span data-contrast=\"auto\">Em nome de todos os atingidos pela trag\u00e9dia do excesso de chuvas e suas consequ\u00eancias no RS, sobretudo em nome dos que est\u00e3o sendo ou ser\u00e3o auxiliados em nossa Diocese de Santa Cruz do Sul, vos saudamos como irm\u00e3os e irm\u00e3s, desejando Paz e Bem.<\/span><span data-ccp-props=\"{&quot;201341983&quot;:0,&quot;335551550&quot;:6,&quot;335551620&quot;:6,&quot;335559739&quot;:0,&quot;335559740&quot;:240}\">\u00a0<\/span><\/p>\n<p style=\"text-align: justify;\"><span data-contrast=\"auto\">Assim que as chuvas e enchentes, com suas consequ\u00eancias, foram acontecendo no RS, o apelo \u00e0 solidariedade (caridade) tamb\u00e9m se fez sentir, e de muitas formas. Cada um come\u00e7ou a se manifestar, segundo sua possibilidade e generosidade: Alguns ajudaram a salvar vidas; outros deram abrigo a pessoas atingidas pela \u00e1gua; in\u00fameros ofereceram alimentos, roupas, material de higiene, enfim, o que era mais urgente para cada situa\u00e7\u00e3o. Em pouco tempo se formou uma corrente de solidariedade humana, para n\u00f3s, fundamentada na f\u00e9 e na esperan\u00e7a crist\u00e3. As m\u00e3os erguidas em s\u00faplica, tamb\u00e9m se estenderam para os lados, onde encontraram os necessitados que precisavam de in\u00fameras formas de ajuda, em quase todo Estado do Rio Grande do Sul, de forma bem urgente tamb\u00e9m em nossa diocese, seja nas Par\u00f3quias do Vale do Taquari como no Vale do Jacu\u00ed.\u00a0<\/span><span data-ccp-props=\"{&quot;201341983&quot;:0,&quot;335551550&quot;:6,&quot;335551620&quot;:6,&quot;335559739&quot;:0,&quot;335559740&quot;:240}\">\u00a0<\/span><\/p>\n<p style=\"text-align: justify;\"><span data-contrast=\"auto\">Entre as muitas formas de solidariedade, tamb\u00e9m encontramos o rem\u00e9dio da escuta, da palavra amiga, do abra\u00e7o consolador, da l\u00e1grima silenciosa, da prece compartilhada, do olhar compassivo e caridoso.<\/span><span data-ccp-props=\"{&quot;201341983&quot;:0,&quot;335551550&quot;:6,&quot;335551620&quot;:6,&quot;335559739&quot;:0,&quot;335559740&quot;:240}\">\u00a0<\/span><\/p>\n<p style=\"text-align: justify;\"><span data-contrast=\"auto\">Finalmente, n\u00e3o poderia faltar a ajuda de recursos financeiros que, somados \u00e0 responsabilidade do bem p\u00fablico, podem contribuir para aliviar as necessidades mais imediatas e para recuperar a esperan\u00e7a de quem precisa recome\u00e7ar. Sim, \u00e9 tempo de esperan\u00e7ar! E cada um pode e deve fazer a sua parte.\u00a0<\/span><span data-ccp-props=\"{&quot;201341983&quot;:0,&quot;335551550&quot;:6,&quot;335551620&quot;:6,&quot;335559739&quot;:0,&quot;335559740&quot;:240}\">\u00a0<\/span><\/p>\n<p style=\"text-align: justify;\"><span data-contrast=\"auto\">A transpar\u00eancia nas informa\u00e7\u00f5es \u00e9 um direito que os doadores merecem da parte de quem aplica os valores coletados. Doa\u00e7\u00f5es sempre s\u00e3o \u2018sagradas\u2019, pois \u00e9 preciso respeitar as inten\u00e7\u00f5es de quem doa. Aqui se trata de solidariedade, de caridade. Assim sendo, as contas da Diocese de Santa Cruz do Sul coletaram, at\u00e9 o dia 03\/06\/2024, o valor de R$ 891.877,52. Deste total, at\u00e9 agora, foram aplicados 28.834,95. Ainda estamos na fase de contatos presenciais e de telefone para um amplo levantamento das necessidades mais urgentes em nossas par\u00f3quias. Os valores ser\u00e3o destinados prioritariamente para as comunidades e seus membros participantes e mais atingidos. Os gastos se concentrar\u00e3o para a aquisi\u00e7\u00e3o de eletrodom\u00e9sticos, m\u00f3veis e outros utens\u00edlios de necessidade b\u00e1sica, quando as pessoas retornam para suas casas ou precisam recome\u00e7ar tudo, em outro lugar. Se poss\u00edvel, a aquisi\u00e7\u00e3o dos produtos se far\u00e1 em empresas de nossas pr\u00f3prias comunidades ou cidades que, em muitos casos, tamb\u00e9m precisam de recupera\u00e7\u00e3o ou podem facilitar os valores e o transporte.<\/span><span data-ccp-props=\"{&quot;201341983&quot;:0,&quot;335551550&quot;:6,&quot;335551620&quot;:6,&quot;335559739&quot;:0,&quot;335559740&quot;:240}\">\u00a0<\/span><\/p>\n<p style=\"text-align: justify;\"><span data-contrast=\"auto\">Para concluir, \u00e9 preciso externar um profundo agradecimento a todas as pessoas, que se solidarizaram com os necessitados e \u00e0s que ainda ajudam ou ajudar\u00e3o, sejam de nossa diocese ou de outras. Muitas j\u00e1 manifestaram atitudes heroicas e solid\u00e1rias de defesa da vida e de sua dignidade; que se uniram em ora\u00e7\u00e3o pelos atingidos e doaram bens materiais ou valores monet\u00e1rios significativos para esperan\u00e7ar quem precisa continuar a luta da vida ou recome\u00e7ar tudo de novo. Outros sentir-se-\u00e3o convocados a seguir auxiliando os que sofrem. O amor ao pr\u00f3ximo, a caridade, \u00e9 o ato mais nobre que a pessoa humana pode realizar. O verdadeiro amor \u00e9 divino, pois \u00e9 dom de Deus. Ele o merece sempre e n\u00f3s todos o precisamos nas diversas situa\u00e7\u00f5es da vida, como agora na trag\u00e9dia clim\u00e1tica que estamos vivendo. Por isso, continuemos a amar e a esperan\u00e7ar!<\/span><span data-ccp-props=\"{&quot;201341983&quot;:0,&quot;335551550&quot;:6,&quot;335551620&quot;:6,&quot;335559739&quot;:0,&quot;335559740&quot;:240}\">\u00a0<\/span><\/p>\n<p>&nbsp;<\/p>\n","protected":false},"excerpt":{"rendered":"<p>Dom Alo\u00edsio Alberto Dilli Bispo de Santa Cruz do Sul (RS) &nbsp; \u00a0 \u201cCada um d\u00ea conforme tiver decidido em seu cora\u00e7\u00e3o, sem pesar nem constrangimento, pois \u2018Deus ama a quem d\u00e1 com alegria\u2019\u201d (2Cor 9,7)\u00a0 Em nome de todos os atingidos pela trag\u00e9dia do excesso de chuvas e suas consequ\u00eancias no RS, sobretudo em &hellip;<\/p>\n<p class=\"read-more\"> <a class=\"\" href=\"https:\/\/www.cnbb.org.br\/tragedia-climatica-e-prestacao-de-contas\/\"> <span class=\"screen-reader-text\">Trag\u00e9dia clim\u00e1tica e presta\u00e7\u00e3o de contas<\/span> Leia mais &raquo;<\/a><\/p>\n","protected":false},"author":33,"featured_media":0,"comment_status":"open","ping_status":"open","sticky":false,"template":"","format":"standard","meta":{"site-sidebar-layout":"default","site-content-layout":"default","ast-global-header-display":"","ast-banner-title-visibility":"","ast-main-header-display":"","ast-hfb-above-header-display":"","ast-hfb-below-header-display":"","ast-hfb-mobile-header-display":"","site-post-title":"","ast-breadcrumbs-content":"","ast-featured-img":"","footer-sml-layout":"","theme-transparent-header-meta":"default","adv-header-id-meta":"","stick-header-meta":"","header-above-stick-meta":"","header-main-stick-meta":"","header-below-stick-meta":""},"categories":[758,1837],"tags":[],"acf":[],"_links":{"self":[{"href":"https:\/\/www.cnbb.org.br\/cnbb-app\/wp\/v2\/posts\/964660"}],"collection":[{"href":"https:\/\/www.cnbb.org.br\/cnbb-app\/wp\/v2\/posts"}],"about":[{"href":"https:\/\/www.cnbb.org.br\/cnbb-app\/wp\/v2\/types\/post"}],"author":[{"embeddable":true,"href":"https:\/\/www.cnbb.org.br\/cnbb-app\/wp\/v2\/users\/33"}],"replies":[{"embeddable":true,"href":"https:\/\/www.cnbb.org.br\/cnbb-app\/wp\/v2\/comments?post=964660"}],"version-history":[{"count":2,"href":"https:\/\/www.cnbb.org.br\/cnbb-app\/wp\/v2\/posts\/964660\/revisions"}],"predecessor-version":[{"id":964662,"href":"https:\/\/www.cnbb.org.br\/cnbb-app\/wp\/v2\/posts\/964660\/revisions\/964662"}],"wp:attachment":[{"href":"https:\/\/www.cnbb.org.br\/cnbb-app\/wp\/v2\/media?parent=964660"}],"wp:term":[{"taxonomy":"category","embeddable":true,"href":"https:\/\/www.cnbb.org.br\/cnbb-app\/wp\/v2\/categories?post=964660"},{"taxonomy":"post_tag","embeddable":true,"href":"https:\/\/www.cnbb.org.br\/cnbb-app\/wp\/v2\/tags?post=964660"}],"curies":[{"name":"wp","href":"https:\/\/api.w.org\/{rel}","templated":true}]}}