{"id":964708,"date":"2024-06-06T14:45:52","date_gmt":"2024-06-06T17:45:52","guid":{"rendered":"https:\/\/www.cnbb.org.br\/?p=964708"},"modified":"2024-06-07T16:58:33","modified_gmt":"2024-06-07T19:58:33","slug":"junho-verde-acoes-sustentabilidade-cnbb","status":"publish","type":"post","link":"https:\/\/www.cnbb.org.br\/junho-verde-acoes-sustentabilidade-cnbb\/","title":{"rendered":"A\u00e7\u00f5es de sustentabilidade marcam envolvimento da CNBB com preserva\u00e7\u00e3o do meio ambiente"},"content":{"rendered":"<p style=\"text-align: justify;\">A Confer\u00eancia Nacional dos Bispos do Brasil (CNBB) avan\u00e7a nas a\u00e7\u00f5es de sustentabilidade, traduzindo em pr\u00e1ticas efetivas as indica\u00e7\u00f5es da Campanha Junho Verde, que visa desenvolver o entendimento da popula\u00e7\u00e3o sobre a import\u00e2ncia de preservar o meio ambiente. Pain\u00e9is fotovolt\u00e1icos, redu\u00e7\u00e3o no uso de descart\u00e1veis e horta org\u00e2nica s\u00e3o algumas das a\u00e7\u00f5es que v\u00e3o al\u00e9m do debate e contribuem para o cuidado da Casa Comum.<\/p>\n<h3 style=\"text-align: justify;\">Junho Verde<\/h3>\n<p style=\"text-align: justify;\">O bispo auxiliar de Bras\u00edlia (DF) e secret\u00e1rio-geral da CNBB, dom Ricardo Hoepers, conta que a Presid\u00eancia da Confer\u00eancia enviou uma carta aos bispos motivando as iniciativas para celebrar o Junho Verde nos munic\u00edpios, de modo a fortalecer &#8220;essa grande batalha de cuidar da nossa casa comum e evitar os preju\u00edzos que j\u00e1 est\u00e3o a\u00ed nos mostrando, na natureza, a a\u00e7\u00e3o do homem quando \u00e9 irrespons\u00e1vel&#8221;.<\/p>\n<p style=\"text-align: justify;\">Na quarta-feira, 5 de junho, quando foi celebrado o Dia Mundial do Meio Ambiente, dom Ricardo afirmou ser ocasi\u00e3o para refletir as propostas do Papa Francisco na enc\u00edclica Laudato Si&#8217;: o cuidado da Casa Comum, a Ecologia Integral, a responsabilidade humana sobre o planeta.<\/p>\n<blockquote>\n<p style=\"text-align: justify;\">&#8220;Deus nos deu todos esses dons, tudo era muito bom, como nos diz no G\u00eanesis. E n\u00f3s precisamos cuidar e zelar. \u00c9 responsabilidade humana de grande import\u00e2ncia, come\u00e7ando pela consci\u00eancia pessoal, onde as pessoas t\u00eam que cuidar na sua casa, no seu jardim, nas suas vidas; depois as responsabilidades eclesiais &#8211; como a Igreja se compromete com o meio ambiente, a Casa Comum; e as responsabilidades sociais, que entram a\u00ed que os munic\u00edpios, os estados e pr\u00f3prio pa\u00eds. Por isso veio a lei Junho Verde que foi proposta pela CNBB&#8221;, lembrou dom Ricardo.<\/p>\n<\/blockquote>\n<p><img decoding=\"async\" loading=\"lazy\" class=\"aligncenter size-full wp-image-945749\" src=\"https:\/\/www.cnbb.org.br\/wp-content\/uploads\/2023\/06\/Dom-Ricardo-Junho-verde.png\" alt=\"\" width=\"966\" height=\"632\" srcset=\"https:\/\/www.cnbb.org.br\/wp-content\/uploads\/2023\/06\/Dom-Ricardo-Junho-verde.png 966w, https:\/\/www.cnbb.org.br\/wp-content\/uploads\/2023\/06\/Dom-Ricardo-Junho-verde-300x196.png 300w, https:\/\/www.cnbb.org.br\/wp-content\/uploads\/2023\/06\/Dom-Ricardo-Junho-verde-768x502.png 768w, https:\/\/www.cnbb.org.br\/wp-content\/uploads\/2023\/06\/Dom-Ricardo-Junho-verde-500x327.png 500w\" sizes=\"(max-width: 966px) 100vw, 966px\" \/><\/p>\n<p style=\"text-align: justify;\">A Campanha Junho Verde foi estabelecida pela Lei n. 14.393\/2022, a qual insere a campanha no \u00e2mbito da Pol\u00edtica Nacional de Educa\u00e7\u00e3o Ambiental. A CNBB ajudou na proposi\u00e7\u00e3o do texto, por meio de dom Walmor Oliveira de Azevedo, ent\u00e3o presidente da Confer\u00eancia.<\/p>\n<h3 style=\"text-align: justify;\">Energia solar<\/h3>\n<p style=\"text-align: justify;\">Uma das a\u00e7\u00f5es de cuidado com o meio ambiente promovida pela CNBB foi a instala\u00e7\u00e3o de pain\u00e9is fotovoltaicos para produ\u00e7\u00e3o de energia solar no pr\u00e9dio sede, no Setor de Embaixadas Sul, e nos pr\u00e9dios da Casa dom Luciano e do Centro Cultural Mission\u00e1rio (CCM), na Asa Norte, todos em Bras\u00edlia. A iniciativa tem gerado expressiva economia de recursos para a institui\u00e7\u00e3o e redu\u00e7\u00e3o na emiss\u00e3o de di\u00f3xido de carbono na atmosfera.<\/p>\n<p style=\"text-align: justify;\">Sob a responsabilidade da empresa Strom Brasil e supervis\u00e3o do Departamento de Manuten\u00e7\u00e3o da CNBB, o projeto instalou 175 placas de gera\u00e7\u00e3o de energia solar na sede da Confer\u00eancia, e 413 placas nos pr\u00e9dios da Asa Norte.<\/p>\n<p style=\"text-align: justify;\">Na sede, a pot\u00eancia instalada \u00e9 de 97,6 kWp (Quilowatt de pot\u00eancia de pico) e a produ\u00e7\u00e3o m\u00e9dia mensal registrada \u00e9 de 10.502Mwh (Megawatt-hora). Esse valor corresponde a 24 \u00e1rvores plantadas e 43,63 toneladas de di\u00f3xido de carbono (CO\u00b2) que deixam de ser emitidos na atmosfera, evitando os desequil\u00edbrios do efeito estufa do planeta Terra.<\/p>\n<p style=\"text-align: justify;\">J\u00e1 a instala\u00e7\u00e3o Casa Dom Luciano e no CCM tem pot\u00eancia instalada de 229,7 kWp e a produ\u00e7\u00e3o m\u00e9dia\/mensal \u00e9 de 1.935 Mwh. Essa gera\u00e7\u00e3o de energia el\u00e9trica equivale, na redu\u00e7\u00e3o de emiss\u00e3o de gases que causam o efeito estufa, a 10,75 \u00e1rvores plantadas e a 19,35 toneladas de CO\u00b2 que deixam de ser jogados no meio ambiente.<\/p>\n<p><img decoding=\"async\" loading=\"lazy\" class=\"aligncenter size-full wp-image-964717\" src=\"https:\/\/www.cnbb.org.br\/wp-content\/uploads\/2024\/06\/Paineis-solares-CCM-2.jpg\" alt=\"\" width=\"720\" height=\"540\" srcset=\"https:\/\/www.cnbb.org.br\/wp-content\/uploads\/2024\/06\/Paineis-solares-CCM-2.jpg 720w, https:\/\/www.cnbb.org.br\/wp-content\/uploads\/2024\/06\/Paineis-solares-CCM-2-300x225.jpg 300w, https:\/\/www.cnbb.org.br\/wp-content\/uploads\/2024\/06\/Paineis-solares-CCM-2-500x375.jpg 500w\" sizes=\"(max-width: 720px) 100vw, 720px\" \/><\/p>\n<p style=\"text-align: justify;\">&#8220;A energia el\u00e9trica da CNBB j\u00e1 \u00e9 toda fotovoltaica, \u00e9 uma energia limpa, e isso \u00e9 muito importante, acolhendo as indica\u00e7\u00f5es do Papa Francisco&#8221;, avaliou o subsecret\u00e1rio adjunto geral da CNBB, padre Patriky Samuel Batista.<\/p>\n<h3 style=\"text-align: justify;\">Redu\u00e7\u00e3o de res\u00edduos<\/h3>\n<p style=\"text-align: justify;\">&#8220;E vivendo o Junho Verde, demos esse passo de eliminar o uso de todos os descart\u00e1veis na sede da CNBB. Cada colaborador ganhou uma garrafinha e, em contrapartida, cada um vai trazer sua x\u00edcara para o caf\u00e9&#8221;, anunciou padre Patriky, revelando a conclus\u00e3o de um processo de elimina\u00e7\u00e3o do uso de copos descart\u00e1veis no pr\u00e9dio da matriz.<\/p>\n<blockquote>\n<p style=\"text-align: justify;\">&#8220;Tudo isso \u00e9 um passo importante para a gente crescer na ecologia integral. O que o Papa Francisco nos diz na Laudato Si\u2019: ele equipara a degrada\u00e7\u00e3o do meio ambiente \u00e0 degrada\u00e7\u00e3o do ser humano. Ent\u00e3o, quanto mais a gente vai perdendo em humanidade, em capacidade de conv\u00edvio e rela\u00e7\u00e3o, o meio ambiente tamb\u00e9m sofre essas consequ\u00eancias. Cuidar do meio ambiente \u00e9 cuidar do ser humano que vive nesse meio ambiente&#8221;, disse.<\/p>\n<\/blockquote>\n<p style=\"text-align: justify;\">Durante a 61\u00aa Assembleia Geral da CNBB, houve expressiva redu\u00e7\u00e3o de c\u00f3pias e impress\u00f5es com a utiliza\u00e7\u00e3o de uma plataforma on-line, onde os bispos puderam acessar os textos de estudo e debate do encontro.<\/p>\n<h3 style=\"text-align: justify;\">Transi\u00e7\u00e3o ecol\u00f3gica<\/h3>\n<p style=\"text-align: justify;\">Voltando \u00e0 sede da CNBB, h\u00e1 uma pequena experi\u00eancia de cadeia produtiva org\u00e2nica. O debate sobre a transi\u00e7\u00e3o ecol\u00f3gica dessas produ\u00e7\u00f5es \u00e9 uma das indica\u00e7\u00f5es da Lei do Junho Verde.<\/p>\n<p style=\"text-align: justify;\">A horta org\u00e2nica cuidada pela equipe do jardim tem uma escala pequena, mas d\u00e1 apoio \u00e0 cozinha na prepara\u00e7\u00e3o das refei\u00e7\u00f5es, especialmente aos finais de semana, atendendo os residentes. S\u00e3o produzidas hortali\u00e7as, como alface, cheiro-verde, salsinha, cebolinha e coentro, e legumes e vegetais, como beterraba, cenoura, mandioca, quiabo, jil\u00f3 e berinjela.<\/p>\n<p>&nbsp;<\/p>\n","protected":false},"excerpt":{"rendered":"<p>Na perspectiva do cuidado com a vida do planeta, a Casa Comum, a CNBB soma iniciativas de preserva\u00e7\u00e3o, como gera\u00e7\u00e3o de energia solar e redu\u00e7\u00e3o no uso de materiais descart\u00e1veis. \u201cDeus nos deu todos esses dons como nos diz no G\u00eanesis. E n\u00f3s precisamos cuidar e zelar&#8221;, afirmou o secret\u00e1rio-geral da CNBB<\/p>\n","protected":false},"author":38,"featured_media":964714,"comment_status":"open","ping_status":"open","sticky":false,"template":"","format":"standard","meta":{"site-sidebar-layout":"default","site-content-layout":"default","ast-global-header-display":"","ast-banner-title-visibility":"","ast-main-header-display":"","ast-hfb-above-header-display":"","ast-hfb-below-header-display":"","ast-hfb-mobile-header-display":"","site-post-title":"","ast-breadcrumbs-content":"","ast-featured-img":"","footer-sml-layout":"","theme-transparent-header-meta":"default","adv-header-id-meta":"","stick-header-meta":"","header-above-stick-meta":"","header-main-stick-meta":"","header-below-stick-meta":""},"categories":[829,4718],"tags":[3134],"acf":[],"_links":{"self":[{"href":"https:\/\/www.cnbb.org.br\/cnbb-app\/wp\/v2\/posts\/964708"}],"collection":[{"href":"https:\/\/www.cnbb.org.br\/cnbb-app\/wp\/v2\/posts"}],"about":[{"href":"https:\/\/www.cnbb.org.br\/cnbb-app\/wp\/v2\/types\/post"}],"author":[{"embeddable":true,"href":"https:\/\/www.cnbb.org.br\/cnbb-app\/wp\/v2\/users\/38"}],"replies":[{"embeddable":true,"href":"https:\/\/www.cnbb.org.br\/cnbb-app\/wp\/v2\/comments?post=964708"}],"version-history":[{"count":4,"href":"https:\/\/www.cnbb.org.br\/cnbb-app\/wp\/v2\/posts\/964708\/revisions"}],"predecessor-version":[{"id":964721,"href":"https:\/\/www.cnbb.org.br\/cnbb-app\/wp\/v2\/posts\/964708\/revisions\/964721"}],"wp:featuredmedia":[{"embeddable":true,"href":"https:\/\/www.cnbb.org.br\/cnbb-app\/wp\/v2\/media\/964714"}],"wp:attachment":[{"href":"https:\/\/www.cnbb.org.br\/cnbb-app\/wp\/v2\/media?parent=964708"}],"wp:term":[{"taxonomy":"category","embeddable":true,"href":"https:\/\/www.cnbb.org.br\/cnbb-app\/wp\/v2\/categories?post=964708"},{"taxonomy":"post_tag","embeddable":true,"href":"https:\/\/www.cnbb.org.br\/cnbb-app\/wp\/v2\/tags?post=964708"}],"curies":[{"name":"wp","href":"https:\/\/api.w.org\/{rel}","templated":true}]}}