{"id":964943,"date":"2024-06-12T13:53:51","date_gmt":"2024-06-12T16:53:51","guid":{"rendered":"https:\/\/www.cnbb.org.br\/?p=964943"},"modified":"2024-06-12T13:56:13","modified_gmt":"2024-06-12T16:56:13","slug":"secretarios-executivos-dos-regionais-da-cnbb-se-reunem-e-definem-proximo-encontro-presencial-em-fortaleza-ce","status":"publish","type":"post","link":"https:\/\/www.cnbb.org.br\/secretarios-executivos-dos-regionais-da-cnbb-se-reunem-e-definem-proximo-encontro-presencial-em-fortaleza-ce\/","title":{"rendered":"Secret\u00e1rios executivos dos regionais da CNBB se re\u00fanem e definem pr\u00f3ximo encontro presencial em Fortaleza (CE)"},"content":{"rendered":"<p style=\"text-align: justify;\">Secret\u00e1rios e secret\u00e1rias executivas dos regionais da Confer\u00eancia Nacional dos Bispos do Brasil (CNBB) estiveram reunidos, de forma online, na ter\u00e7a-feira, 19 de junho, para planejarem o pr\u00f3ximo encontro presencial do ano, que acontecer\u00e1 em Fortaleza (CE).<\/p>\n<p style=\"text-align: justify;\">Segundo o subsecret\u00e1rio adjunto de pastoral da CNBB, padre J\u00e2nison de S\u00e1, o regional Nordeste 1 da CNBB\u00a0 acolher\u00e1 o encontro presencial que acontecer\u00e1 de 15 a 19 de julho.\u00a0 &#8220;Ser\u00e1 uma semana de reflex\u00e3o, ora\u00e7\u00e3o e planejamento, al\u00e9m de comunica\u00e7\u00f5es sobre o andamento dos regionais da CNBB&#8221;, destaca.<\/p>\n<p style=\"text-align: justify;\">Durante a reuni\u00e3o online, os secret\u00e1rios executivos tiveram a oportunidade tamb\u00e9m de fazer uma avalia\u00e7\u00e3o da 61\u00aa Assembleia Geral da CNBB, que aconteceu nos dias 10 a 19 de abril, em Aparecida (SP).<\/p>\n<blockquote>\n<p style=\"text-align: justify;\">&#8220;Foi um momento muito bom de partilha, conviv\u00eancia, de troca de informa\u00e7\u00f5es e tamb\u00e9m de nos reencontrar. A oportunidade do reencontro \u00e9 sempre alta, algo muito importante para n\u00f3s&#8221;, partilhou o padre Heldeir Gomes Carneiro, secret\u00e1rio executivo do regional Norte 3 da CNBB.<\/p>\n<\/blockquote>\n<p style=\"text-align: justify;\">Outro momento de partilha foi realizado pelo secret\u00e1rio executivo de Campanhas da CNBB, padre Jean Poul Hansen, que na ocasi\u00e3o falou sobre a CF 2025, cujo tema \u00e9\u00a0\u201cFraternidade e Ecologia Integral\u201d e o lema \u201cDeus viu que tudo era muito bom\u201d (Gn 1, 31).<\/p>\n<p style=\"text-align: justify;\">Ainda durante a reuni\u00e3o, os secret\u00e1rios executivos se uniram profundamente, em ora\u00e7\u00e3o, com o regional Sul 3 da CNBB, que corresponde ao Estado do Rio Grande do Sul, atingido pelas fortes chuvas nos \u00faltimos dias. &#8220;Manifestamos toda a nossa solidariedade ao povo do Rio Grande do Sul e ao padre Rog\u00e9rio Alencar, secret\u00e1rio do regional&#8221;, disse irm\u00e3 Rose Bertoldo, secret\u00e1ria executiva do regional Norte 1 da CNBB.<\/p>\n<p style=\"text-align: justify;\">Padre Rog\u00e9rio Alencar, secret\u00e1rio executivo do regional Sul 3 da CNBB, falou sobre a atual situa\u00e7\u00e3o do estado e da presen\u00e7a e solidariedade prestada por toda a Igreja no Brasil. Ele tamb\u00e9m agradeceu toda a ajuda dada pelos regionais da CNBB ao estado.<\/p>\n<p>&nbsp;<\/p>\n","protected":false},"excerpt":{"rendered":"<p>Segundo o subsecret\u00e1rio adjunto de pastoral da CNBB, padre J\u00e2nison de S\u00e1, o regional Nordeste 1 da CNBB\u00a0acolher\u00e1 o encontro presencial que acontecer\u00e1 de 15 a 19 de julho.\u00a0&#8220;Ser\u00e1 uma semana de reflex\u00e3o, ora\u00e7\u00e3o e planejamento, al\u00e9m de comunica\u00e7\u00f5es sobre o andamento dos regionais da CNBB&#8221;, destaca<\/p>\n","protected":false},"author":141,"featured_media":964954,"comment_status":"open","ping_status":"open","sticky":false,"template":"","format":"standard","meta":{"site-sidebar-layout":"default","site-content-layout":"default","ast-global-header-display":"","ast-banner-title-visibility":"","ast-main-header-display":"","ast-hfb-above-header-display":"","ast-hfb-below-header-display":"","ast-hfb-mobile-header-display":"","site-post-title":"","ast-breadcrumbs-content":"","ast-featured-img":"","footer-sml-layout":"","theme-transparent-header-meta":"default","adv-header-id-meta":"","stick-header-meta":"","header-above-stick-meta":"","header-main-stick-meta":"","header-below-stick-meta":""},"categories":[50,1851],"tags":[1850,2538,1981],"acf":[],"_links":{"self":[{"href":"https:\/\/www.cnbb.org.br\/cnbb-app\/wp\/v2\/posts\/964943"}],"collection":[{"href":"https:\/\/www.cnbb.org.br\/cnbb-app\/wp\/v2\/posts"}],"about":[{"href":"https:\/\/www.cnbb.org.br\/cnbb-app\/wp\/v2\/types\/post"}],"author":[{"embeddable":true,"href":"https:\/\/www.cnbb.org.br\/cnbb-app\/wp\/v2\/users\/141"}],"replies":[{"embeddable":true,"href":"https:\/\/www.cnbb.org.br\/cnbb-app\/wp\/v2\/comments?post=964943"}],"version-history":[{"count":17,"href":"https:\/\/www.cnbb.org.br\/cnbb-app\/wp\/v2\/posts\/964943\/revisions"}],"predecessor-version":[{"id":964962,"href":"https:\/\/www.cnbb.org.br\/cnbb-app\/wp\/v2\/posts\/964943\/revisions\/964962"}],"wp:featuredmedia":[{"embeddable":true,"href":"https:\/\/www.cnbb.org.br\/cnbb-app\/wp\/v2\/media\/964954"}],"wp:attachment":[{"href":"https:\/\/www.cnbb.org.br\/cnbb-app\/wp\/v2\/media?parent=964943"}],"wp:term":[{"taxonomy":"category","embeddable":true,"href":"https:\/\/www.cnbb.org.br\/cnbb-app\/wp\/v2\/categories?post=964943"},{"taxonomy":"post_tag","embeddable":true,"href":"https:\/\/www.cnbb.org.br\/cnbb-app\/wp\/v2\/tags?post=964943"}],"curies":[{"name":"wp","href":"https:\/\/api.w.org\/{rel}","templated":true}]}}