{"id":965087,"date":"2024-06-14T16:36:40","date_gmt":"2024-06-14T19:36:40","guid":{"rendered":"https:\/\/www.cnbb.org.br\/?p=965087"},"modified":"2024-06-14T16:44:30","modified_gmt":"2024-06-14T19:44:30","slug":"casa-galileia-busca-apoio-da-cnbb-em-projeto-voltado-a-comunicacao-estrategica-do-sinodo-dos-bispos","status":"publish","type":"post","link":"https:\/\/www.cnbb.org.br\/casa-galileia-busca-apoio-da-cnbb-em-projeto-voltado-a-comunicacao-estrategica-do-sinodo-dos-bispos\/","title":{"rendered":"Casa Galileia busca apoio da CNBB em projeto voltado \u00e0 comunica\u00e7\u00e3o estrat\u00e9gica do S\u00ednodo dos Bispos"},"content":{"rendered":"<p style=\"text-align: justify;\">Na tarde desta sexta-feira, 14 de junho, o bispo auxiliar de Bras\u00edlia e secret\u00e1rio-geral da CNBB, dom Ricardo Hoepers, recebeu o diretor de Campanhas da Casa Galileia, Leon Souza, na sede da entidade, em Bras\u00edlia (DF). A reuni\u00e3o tamb\u00e9m contou com a participa\u00e7\u00e3o da assessora da Comiss\u00e3o Episcopal para a Comunica\u00e7\u00e3o da CNBB, Osnilda Lima, e do subsecret\u00e1rio adjunto de pastoral da CNBB, padre J\u00e2nison de S\u00e1.<\/p>\n<figure id=\"attachment_965113\" aria-describedby=\"caption-attachment-965113\" style=\"width: 300px\" class=\"wp-caption alignleft\"><img decoding=\"async\" loading=\"lazy\" class=\"wp-image-965113 size-medium\" src=\"https:\/\/www.cnbb.org.br\/wp-content\/uploads\/2024\/06\/IMG_2818-300x200.jpg\" alt=\"\" width=\"300\" height=\"200\" srcset=\"https:\/\/www.cnbb.org.br\/wp-content\/uploads\/2024\/06\/IMG_2818-300x200.jpg 300w, https:\/\/www.cnbb.org.br\/wp-content\/uploads\/2024\/06\/IMG_2818-1024x683.jpg 1024w, https:\/\/www.cnbb.org.br\/wp-content\/uploads\/2024\/06\/IMG_2818-768x512.jpg 768w, https:\/\/www.cnbb.org.br\/wp-content\/uploads\/2024\/06\/IMG_2818-1536x1024.jpg 1536w, https:\/\/www.cnbb.org.br\/wp-content\/uploads\/2024\/06\/IMG_2818-2048x1365.jpg 2048w, https:\/\/www.cnbb.org.br\/wp-content\/uploads\/2024\/06\/IMG_2818-500x333.jpg 500w\" sizes=\"(max-width: 300px) 100vw, 300px\" \/><figcaption id=\"caption-attachment-965113\" class=\"wp-caption-text\">Dom Ricardo e Leon Souza<\/figcaption><\/figure>\n<p style=\"text-align: justify;\">Na ocasi\u00e3o, Leon apresentou ao secret\u00e1rio-geral da CNBB as a\u00e7\u00f5es desenvolvidas pela Casa Galileia, uma <span style=\"font-size: 16px;\">organiza\u00e7\u00e3o da sociedade civil que fortalece a democracia e a justi\u00e7a socioambiental com foco em p\u00fablicos crist\u00e3os. <\/span><span style=\"font-size: 16px;\">A pauta esteve concentrada especialmente em buscar o apoio da Confer\u00eancia para impulsionar a<\/span> &#8220;Casa Ema\u00fas&#8221;, uma iniciativa de apoio ao Papa Francisco por uma Igreja Sinodal.<\/p>\n<p style=\"text-align: justify;\">Leon explica que &#8220;A Casa Ema\u00fas&#8221; \u00e9 um projeto da Casa Galileia que visa servir de espa\u00e7o de produ\u00e7\u00e3o de conte\u00fados de comunica\u00e7\u00e3o estrat\u00e9gica sobre o S\u00ednodo dos Bispos, direcionado especialmente para diferentes audi\u00eancias cat\u00f3licas que podem servir de apoiadoras ou que estejam envolvidas no processo sinodal.<\/p>\n<p style=\"text-align: justify;\">O diretor da Casa Galileia tamb\u00e9m ponderou que a iniciativa surgiu a partir de uma pesquisa feita, em 2023, que trouxe dados e an\u00e1lises a partir do monitoramento de redes sociais realizado no per\u00edodo do S\u00ednodo.<\/p>\n<blockquote>\n<p style=\"text-align: justify;\">&#8220;\u00c9 um projeto focado em comunica\u00e7\u00e3o para mobilizar e engajar os cat\u00f3licos na agenda sinodal. Temos a\u00ed a segunda fase do S\u00ednodo, previsto para outubro, mas a gente tamb\u00e9m quer prolongar o efeito dessa nossa atua\u00e7\u00e3o, para al\u00e9m dessa etapa agora de outubro, porque a gente entende que o S\u00ednodo tamb\u00e9m \u00e9 para as comunidades, para a vida das comunidades depois de outubro&#8221;, comentou o diretor da Casa Galileia.<\/p>\n<\/blockquote>\n<p style=\"text-align: justify;\">O foco est\u00e1 em unir for\u00e7as para &#8220;qualificar narrativas de apoio ao S\u00ednodo e ao Papa Francisco&#8221;, completa Leon. Por isso, a Casa Galileia procurou tamb\u00e9m a Comiss\u00e3o para a Comunica\u00e7\u00e3o da CNBB, para alinhar o apoio com influenciadores digitais cat\u00f3licos nas redes sociais, com campanha estrat\u00e9gicas.<\/p>\n<figure id=\"attachment_965116\" aria-describedby=\"caption-attachment-965116\" style=\"width: 300px\" class=\"wp-caption alignright\"><img decoding=\"async\" loading=\"lazy\" class=\"wp-image-965116 size-medium\" src=\"https:\/\/www.cnbb.org.br\/wp-content\/uploads\/2024\/06\/IMG_2809-300x200.jpg\" alt=\"\" width=\"300\" height=\"200\" srcset=\"https:\/\/www.cnbb.org.br\/wp-content\/uploads\/2024\/06\/IMG_2809-300x200.jpg 300w, https:\/\/www.cnbb.org.br\/wp-content\/uploads\/2024\/06\/IMG_2809-1024x683.jpg 1024w, https:\/\/www.cnbb.org.br\/wp-content\/uploads\/2024\/06\/IMG_2809-768x512.jpg 768w, https:\/\/www.cnbb.org.br\/wp-content\/uploads\/2024\/06\/IMG_2809-1536x1024.jpg 1536w, https:\/\/www.cnbb.org.br\/wp-content\/uploads\/2024\/06\/IMG_2809-2048x1365.jpg 2048w, https:\/\/www.cnbb.org.br\/wp-content\/uploads\/2024\/06\/IMG_2809-500x333.jpg 500w\" sizes=\"(max-width: 300px) 100vw, 300px\" \/><figcaption id=\"caption-attachment-965116\" class=\"wp-caption-text\">Leon Souza e Osnilda Lima<\/figcaption><\/figure>\n<p style=\"text-align: justify;\">Osnilda Lima, assessora da Comiss\u00e3o para a Comunica\u00e7\u00e3o da CNBB, ponderou que a parceria com a Casa Galileia se torna importante e necess\u00e1ria, uma vez que o projeto &#8220;Casa Ema\u00fas&#8221; est\u00e1 alinhado tamb\u00e9m \u00e0 miss\u00e3o da Comiss\u00e3o, principalmente na dimens\u00e3o pastoral.<\/p>\n<blockquote>\n<p style=\"text-align: justify;\"><span style=\"font-size: 16px;\">&#8220;Para n\u00f3s \u00e9 muito importante sentar e conversar com essas diversas frentes e iniciativas de comunica\u00e7\u00e3o que j\u00e1 existem na Igreja do Brasil&#8221;, pondera.<\/span><\/p>\n<\/blockquote>\n<p style=\"text-align: justify;\"><span style=\"font-size: 16px;\">A assessora acredita que tal parceria \u00e9 uma forma de aproximar e fortalecer o trabalho tamb\u00e9m feito pela Comiss\u00e3o, que \u00e9 orientado\u00a0<\/span><span style=\"font-size: 16px;\">a partir das Diretrizes Gerais da A\u00e7\u00e3o Evangelizadora da Igreja no Brasil. &#8220;Nosso objetivo \u00e9 unirmos for\u00e7a na miss\u00e3o do An\u00fancio do Evangelho&#8221;, finalizou.<\/span><\/p>\n<h4><strong>Propostas<\/strong><\/h4>\n<p style=\"text-align: justify;\">Como propostas, o projeto &#8220;Casa Ema\u00fas&#8221; sugere ampliar, em conjunto, a cobertura do S\u00ednodo pela m\u00eddia tradicional e meios de comunica\u00e7\u00e3o cat\u00f3licos; fortalecer as bases eclesiais locais em par\u00f3quias e comunidades atrav\u00e9s do acesso a mensagens de apoio ao S\u00ednodo e qualificar narrativas de apoio ao S\u00ednodo nas redes sociais.<\/p>\n<p>&nbsp;<\/p>\n","protected":false},"excerpt":{"rendered":"<p>Na tarde desta sexta-feira, 14 de junho, o bispo auxiliar de Bras\u00edlia e secret\u00e1rio-geral da CNBB, dom Ricardo Hoepers, recebeu o diretor de Campanhas da Casa Galileia, Leon Souza, na sede da entidade, em Bras\u00edlia (DF). A reuni\u00e3o tamb\u00e9m contou com a participa\u00e7\u00e3o da Osnilda Lima, e do padre J\u00e2nison de S\u00e1<\/p>\n","protected":false},"author":141,"featured_media":965112,"comment_status":"open","ping_status":"open","sticky":false,"template":"","format":"standard","meta":{"site-sidebar-layout":"default","site-content-layout":"default","ast-global-header-display":"","ast-banner-title-visibility":"","ast-main-header-display":"","ast-hfb-above-header-display":"","ast-hfb-below-header-display":"","ast-hfb-mobile-header-display":"","site-post-title":"","ast-breadcrumbs-content":"","ast-featured-img":"","footer-sml-layout":"","theme-transparent-header-meta":"default","adv-header-id-meta":"","stick-header-meta":"","header-above-stick-meta":"","header-main-stick-meta":"","header-below-stick-meta":""},"categories":[1841,1851],"tags":[5576,1850,3718],"acf":[],"_links":{"self":[{"href":"https:\/\/www.cnbb.org.br\/cnbb-app\/wp\/v2\/posts\/965087"}],"collection":[{"href":"https:\/\/www.cnbb.org.br\/cnbb-app\/wp\/v2\/posts"}],"about":[{"href":"https:\/\/www.cnbb.org.br\/cnbb-app\/wp\/v2\/types\/post"}],"author":[{"embeddable":true,"href":"https:\/\/www.cnbb.org.br\/cnbb-app\/wp\/v2\/users\/141"}],"replies":[{"embeddable":true,"href":"https:\/\/www.cnbb.org.br\/cnbb-app\/wp\/v2\/comments?post=965087"}],"version-history":[{"count":22,"href":"https:\/\/www.cnbb.org.br\/cnbb-app\/wp\/v2\/posts\/965087\/revisions"}],"predecessor-version":[{"id":965122,"href":"https:\/\/www.cnbb.org.br\/cnbb-app\/wp\/v2\/posts\/965087\/revisions\/965122"}],"wp:featuredmedia":[{"embeddable":true,"href":"https:\/\/www.cnbb.org.br\/cnbb-app\/wp\/v2\/media\/965112"}],"wp:attachment":[{"href":"https:\/\/www.cnbb.org.br\/cnbb-app\/wp\/v2\/media?parent=965087"}],"wp:term":[{"taxonomy":"category","embeddable":true,"href":"https:\/\/www.cnbb.org.br\/cnbb-app\/wp\/v2\/categories?post=965087"},{"taxonomy":"post_tag","embeddable":true,"href":"https:\/\/www.cnbb.org.br\/cnbb-app\/wp\/v2\/tags?post=965087"}],"curies":[{"name":"wp","href":"https:\/\/api.w.org\/{rel}","templated":true}]}}