{"id":965188,"date":"2024-06-17T13:41:25","date_gmt":"2024-06-17T16:41:25","guid":{"rendered":"https:\/\/www.cnbb.org.br\/?p=965188"},"modified":"2024-06-17T13:41:25","modified_gmt":"2024-06-17T16:41:25","slug":"conselho-permanente-18-a-20-de-junho","status":"publish","type":"post","link":"https:\/\/www.cnbb.org.br\/conselho-permanente-18-a-20-de-junho\/","title":{"rendered":"Conselho Permanente da CNBB se re\u00fane em Bras\u00edlia, de 18 a 20 de junho"},"content":{"rendered":"<p style=\"text-align: justify;\">O Conselho Permanente da Confer\u00eancia Nacional dos Bispos do Brasil (CNBB) realiza, nesta semana, a sua 113\u00aa reuni\u00e3o. De ter\u00e7a, 18, at\u00e9 quinta-feira, 20, os bispos v\u00e3o tratar de temas relacionados \u00e0 miss\u00e3o da Confer\u00eancia Episcopal, como os estudos das an\u00e1lises de conjuntura eclesial e social e a prepara\u00e7\u00e3o das Campanhas para a Evangeliza\u00e7\u00e3o e da Fraternidade. Nesta reuni\u00e3o, ser\u00e1 dedicado um momento para tratar da atua\u00e7\u00e3o da Igreja no Rio Grande do Sul, ap\u00f3s a chuvas e enchentes que afetaram o estado.<\/p>\n<p style=\"text-align: justify;\">Durante a reuni\u00e3o, estar\u00e3o presentes na sede da CNBB os membros da Presid\u00eancia, os presidentes das Comiss\u00f5es Episcopais e os bispos eleitos para representar cada Conselho Episcopal Regional (Conser). Tamb\u00e9m participam do encontro assessores das Comiss\u00f5es Episcopais e representantes de pastorais e organismos da Igreja Cat\u00f3lica no Brasil.<\/p>\n<p style=\"text-align: justify;\">Na pauta dos trabalhos desses dias, a avalia\u00e7\u00e3o da 61\u00aa Assembleia Geral da CNBB; a apresenta\u00e7\u00e3o e discuss\u00e3o das an\u00e1lises de conjutura social e eclesial; encaminhamentos sobre as Diretrizes Gerais da A\u00e7\u00e3o Evangelizadora e sobre a celebra\u00e7\u00e3o do Jubileu de 2025.<\/p>\n<p style=\"text-align: justify;\">O grupo tamb\u00e9m vai fazer defini\u00e7\u00f5es sobre as campanha da Fraternidade e da Evangeliza\u00e7\u00e3o. A previs\u00e3o, inclusive, \u00e9 que seja escolhida a identidade visual da Campanha da Fraternidade 2025, conforme o calend\u00e1rio do edital.<\/p>\n<h3 style=\"text-align: justify;\">Rio Grande do Sul<\/h3>\n<p style=\"text-align: justify;\">A reflex\u00e3o sobre a situa\u00e7\u00e3o no Rio Grande do Sul, durante a reuni\u00e3o do Conselho Permanente, ser\u00e1 a partir da gest\u00e3o emergencial em calamidades clim\u00e1ticas. Os bispos v\u00e3o tratar da atua\u00e7\u00e3o da Igreja frente \u00e0 emerg\u00eancia socioambiental no Sul do pa\u00eds, atingido por chuvas e enchentes que afetaram mais de 90% do estado, e as formas de apoio que podem ser oferecidas pela Igreja.<\/p>\n<p style=\"text-align: justify;\">De acordo com o \u00faltimo boletim da Defesa Civil, 478 munic\u00edpios foram afetadospelas chuvas enchentes e s\u00e3o 10,7 mil pessoas que est\u00e3o em abrigos; 422,7 mil desalojados; num total de 2.398.255 de pessoas atingidas. Mais de 170 mortes foram confirmadas at\u00e9 o momento.<\/p>\n<p style=\"text-align: justify;\">Uma das iniciativas da Igreja no Brasil diante dessa realidade \u00e9 a campanha &#8220;\u00c9 tempo de cuidar do RS&#8221;, que tem mobilizado diversos grupos que atuam na Igreja em prol de iniciativas de ora\u00e7\u00e3o, solidariedade e informa\u00e7\u00e3o, de modo a gerar esperan\u00e7a para o povo ga\u00facho.<\/p>\n<blockquote>\n<p style=\"text-align: justify;\"><a href=\"https:\/\/www.cnbb.org.br\/e-tempo-de-cuidar-do-rs\/\">Clique aqui e saiba mais sobre a campanha <em><strong>&#8220;\u00c9 tempo de cuidar do RS&#8221;<\/strong>.<\/em><\/a><\/p>\n<\/blockquote>\n","protected":false},"excerpt":{"rendered":"<p>O Conselho Permanente da Confer\u00eancia Nacional dos Bispos do Brasil (CNBB) realiza, nesta semana, a sua 113\u00aa reuni\u00e3o. De ter\u00e7a, 18, at\u00e9 quinta-feira, 20, os bispos v\u00e3o tratar de temas relacionados \u00e0 miss\u00e3o da Confer\u00eancia Episcopal, como os estudos das an\u00e1lises de conjuntura eclesial e social e a prepara\u00e7\u00e3o das Campanhas para a Evangeliza\u00e7\u00e3o e &hellip;<\/p>\n<p class=\"read-more\"> <a class=\"\" href=\"https:\/\/www.cnbb.org.br\/conselho-permanente-18-a-20-de-junho\/\"> <span class=\"screen-reader-text\">Conselho Permanente da CNBB se re\u00fane em Bras\u00edlia, de 18 a 20 de junho<\/span> Leia mais &raquo;<\/a><\/p>\n","protected":false},"author":38,"featured_media":946206,"comment_status":"open","ping_status":"open","sticky":false,"template":"","format":"standard","meta":{"site-sidebar-layout":"default","site-content-layout":"default","ast-global-header-display":"","ast-banner-title-visibility":"","ast-main-header-display":"","ast-hfb-above-header-display":"","ast-hfb-below-header-display":"","ast-hfb-mobile-header-display":"","site-post-title":"","ast-breadcrumbs-content":"","ast-featured-img":"","footer-sml-layout":"","theme-transparent-header-meta":"default","adv-header-id-meta":"","stick-header-meta":"","header-above-stick-meta":"","header-main-stick-meta":"","header-below-stick-meta":""},"categories":[834,1840],"tags":[3053],"acf":[],"_links":{"self":[{"href":"https:\/\/www.cnbb.org.br\/cnbb-app\/wp\/v2\/posts\/965188"}],"collection":[{"href":"https:\/\/www.cnbb.org.br\/cnbb-app\/wp\/v2\/posts"}],"about":[{"href":"https:\/\/www.cnbb.org.br\/cnbb-app\/wp\/v2\/types\/post"}],"author":[{"embeddable":true,"href":"https:\/\/www.cnbb.org.br\/cnbb-app\/wp\/v2\/users\/38"}],"replies":[{"embeddable":true,"href":"https:\/\/www.cnbb.org.br\/cnbb-app\/wp\/v2\/comments?post=965188"}],"version-history":[{"count":2,"href":"https:\/\/www.cnbb.org.br\/cnbb-app\/wp\/v2\/posts\/965188\/revisions"}],"predecessor-version":[{"id":965192,"href":"https:\/\/www.cnbb.org.br\/cnbb-app\/wp\/v2\/posts\/965188\/revisions\/965192"}],"wp:featuredmedia":[{"embeddable":true,"href":"https:\/\/www.cnbb.org.br\/cnbb-app\/wp\/v2\/media\/946206"}],"wp:attachment":[{"href":"https:\/\/www.cnbb.org.br\/cnbb-app\/wp\/v2\/media?parent=965188"}],"wp:term":[{"taxonomy":"category","embeddable":true,"href":"https:\/\/www.cnbb.org.br\/cnbb-app\/wp\/v2\/categories?post=965188"},{"taxonomy":"post_tag","embeddable":true,"href":"https:\/\/www.cnbb.org.br\/cnbb-app\/wp\/v2\/tags?post=965188"}],"curies":[{"name":"wp","href":"https:\/\/api.w.org\/{rel}","templated":true}]}}