{"id":965308,"date":"2024-06-19T15:24:29","date_gmt":"2024-06-19T18:24:29","guid":{"rendered":"https:\/\/www.cnbb.org.br\/?p=965308"},"modified":"2024-06-19T15:32:57","modified_gmt":"2024-06-19T18:32:57","slug":"conselho-permanente-educacao-catolica-regimentos","status":"publish","type":"post","link":"https:\/\/www.cnbb.org.br\/conselho-permanente-educacao-catolica-regimentos\/","title":{"rendered":"Educa\u00e7\u00e3o cat\u00f3lica e aprova\u00e7\u00e3o de regulamentos dos Regionais s\u00e3o destaque na manh\u00e3 desta quarta-feira, durante Conselho Permanente"},"content":{"rendered":"<p style=\"text-align: justify;\">A educa\u00e7\u00e3o cat\u00f3lica foi o primeiro tema em destaque na manh\u00e3 desta quarta-feira, 19, segundo dia da reuni\u00e3o do Conselho Permanente da Confer\u00eancia Nacional dos Bispos do Brasil (CNBB). Com a ajuda da Comiss\u00e3o Episcopal para a Cultura e a Educa\u00e7\u00e3o, os bispos refletiram sobre o acompanhamento da identidade confessional de escolas, diante das demandas da sociedade e das preocupa\u00e7\u00f5es dos pais sobre a quest\u00e3o educacional. Outro tema abordado pela manh\u00e3 foi a aprova\u00e7\u00e3o de altera\u00e7\u00f5es nos regimentos dos Conselhos Episcopais Regionais (Consers).<\/p>\n<h3 style=\"text-align: justify;\">Escolas de inspira\u00e7\u00e3o cat\u00f3lica<\/h3>\n<p style=\"text-align: justify;\">A Comiss\u00e3o para a Cultura e a Educa\u00e7\u00e3o da CNBB apresentou ao Conselho Permanente um estudo sobre o acompanhamento de institui\u00e7\u00f5es educacionais de inspira\u00e7\u00e3o cat\u00f3lica. A ideia \u00e9 subsidiar a\u00a0 reflex\u00e3o e favorecer o acompanhamento e a orienta\u00e7\u00e3o do ensino confessional no pa\u00eds.<\/p>\n<p style=\"text-align: justify;\">Junto com a Associa\u00e7\u00e3o Nacional de Educa\u00e7\u00e3o Cat\u00f3lica (Anec), a Comiss\u00e3o levantou caracter\u00edsticas e orienta\u00e7\u00f5es, como linha pedag\u00f3gica, organiza\u00e7\u00e3o curricular, pr\u00e1ticas religiosas dentro do ambiente escolar e rela\u00e7\u00f5es com outros grupos presentes na Igreja e na sociedade. Foram identificados tamb\u00e9m agrupamentos dessas escolas. Algumas est\u00e3o ligadas a Novas Comunidades, outras a Movimentos Eclesiais e outras formadas por grupos de pais.<\/p>\n<p style=\"text-align: justify;\">A comiss\u00e3o deu indica\u00e7\u00f5es para a reflex\u00e3o da Confer\u00eancia no sentido de acompanhar essas institui\u00e7\u00f5es e &#8220;orientar, tanto o clero quanto o laicato, sobre a natureza, a identidade e a miss\u00e3o das escolas cat\u00f3licas e os ajudar no discernimento espiritual e institucional para a abertura destas institui\u00e7\u00f5es&#8221;.<\/p>\n<div id='gallery-1' class='gallery galleryid-965308 gallery-columns-2 gallery-size-full'><figure class='gallery-item'>\n\t\t\t<div class='gallery-icon landscape'>\n\t\t\t\t<a href='https:\/\/www.cnbb.org.br\/wp-content\/uploads\/2024\/06\/Conselho-Permanente-19-jun24-Educacao-Catolica.jpg' title=\"\" data-rl_title=\"\" class=\"rl-gallery-link\" data-rl_caption=\"\" data-rel=\"lightbox-gallery-1\"><img width=\"960\" height=\"541\" src=\"https:\/\/www.cnbb.org.br\/wp-content\/uploads\/2024\/06\/Conselho-Permanente-19-jun24-Educacao-Catolica.jpg\" class=\"attachment-full size-full\" alt=\"\" decoding=\"async\" loading=\"lazy\" srcset=\"https:\/\/www.cnbb.org.br\/wp-content\/uploads\/2024\/06\/Conselho-Permanente-19-jun24-Educacao-Catolica.jpg 960w, https:\/\/www.cnbb.org.br\/wp-content\/uploads\/2024\/06\/Conselho-Permanente-19-jun24-Educacao-Catolica-300x169.jpg 300w, https:\/\/www.cnbb.org.br\/wp-content\/uploads\/2024\/06\/Conselho-Permanente-19-jun24-Educacao-Catolica-768x433.jpg 768w, https:\/\/www.cnbb.org.br\/wp-content\/uploads\/2024\/06\/Conselho-Permanente-19-jun24-Educacao-Catolica-500x282.jpg 500w\" sizes=\"(max-width: 960px) 100vw, 960px\" \/><\/a>\n\t\t\t<\/div><\/figure><figure class='gallery-item'>\n\t\t\t<div class='gallery-icon landscape'>\n\t\t\t\t<a href='https:\/\/www.cnbb.org.br\/wp-content\/uploads\/2024\/06\/Conselho-Permanente-19-jun24-dom-Gregorio.jpg' title=\"\" data-rl_title=\"\" class=\"rl-gallery-link\" data-rl_caption=\"\" data-rel=\"lightbox-gallery-1\"><img width=\"960\" height=\"640\" src=\"https:\/\/www.cnbb.org.br\/wp-content\/uploads\/2024\/06\/Conselho-Permanente-19-jun24-dom-Gregorio.jpg\" class=\"attachment-full size-full\" alt=\"\" decoding=\"async\" loading=\"lazy\" srcset=\"https:\/\/www.cnbb.org.br\/wp-content\/uploads\/2024\/06\/Conselho-Permanente-19-jun24-dom-Gregorio.jpg 960w, https:\/\/www.cnbb.org.br\/wp-content\/uploads\/2024\/06\/Conselho-Permanente-19-jun24-dom-Gregorio-300x200.jpg 300w, https:\/\/www.cnbb.org.br\/wp-content\/uploads\/2024\/06\/Conselho-Permanente-19-jun24-dom-Gregorio-768x512.jpg 768w, https:\/\/www.cnbb.org.br\/wp-content\/uploads\/2024\/06\/Conselho-Permanente-19-jun24-dom-Gregorio-500x333.jpg 500w\" sizes=\"(max-width: 960px) 100vw, 960px\" \/><\/a>\n\t\t\t<\/div><\/figure>\n\t\t<\/div>\n\n<h3>Novos regulamentos<\/h3>\n<p style=\"text-align: justify;\">Os bispos apreciaram, ainda pela manh\u00e3, as altera\u00e7\u00f5es em regulamentos de quatro Conselhos Episcopais Regionais da CNBB, com a assessoria can\u00f4nica de dom Moacir Silva, arcebispo de Ribeir\u00e3o Preto (SP). No processo de atualiza\u00e7\u00e3o do Estatuto e do Regimento interno da CNBB, os regionais tamb\u00e9m procederam com as altera\u00e7\u00f5es necess\u00e1rias.<\/p>\n<figure id=\"attachment_965374\" aria-describedby=\"caption-attachment-965374\" style=\"width: 960px\" class=\"wp-caption aligncenter\"><img decoding=\"async\" loading=\"lazy\" class=\"size-full wp-image-965374\" src=\"https:\/\/www.cnbb.org.br\/wp-content\/uploads\/2024\/06\/Cons-Permanente-1906-t4-26-portal.jpg\" alt=\"\" width=\"960\" height=\"640\" srcset=\"https:\/\/www.cnbb.org.br\/wp-content\/uploads\/2024\/06\/Cons-Permanente-1906-t4-26-portal.jpg 960w, https:\/\/www.cnbb.org.br\/wp-content\/uploads\/2024\/06\/Cons-Permanente-1906-t4-26-portal-300x200.jpg 300w, https:\/\/www.cnbb.org.br\/wp-content\/uploads\/2024\/06\/Cons-Permanente-1906-t4-26-portal-768x512.jpg 768w, https:\/\/www.cnbb.org.br\/wp-content\/uploads\/2024\/06\/Cons-Permanente-1906-t4-26-portal-500x333.jpg 500w\" sizes=\"(max-width: 960px) 100vw, 960px\" \/><figcaption id=\"caption-attachment-965374\" class=\"wp-caption-text\">Dom Moacir Silva apresenta as atualiza\u00e7\u00f5es nos regulamentos dos regionais | Foto: Luiz Lopes Jr<\/figcaption><\/figure>\n<p style=\"text-align: justify;\">Assim, os regionais Sul 1, Sul 2, Centro-Oeste e Nordeste 3 enviaram para a primeira avalia\u00e7\u00e3o de dom Moacir, e hoje, coube ao Conselho Permanente aprovar as altera\u00e7\u00f5es. Foram validadas todas as altera\u00e7\u00f5es pretendidas.<\/p>\n<h3>Meio ambiente<\/h3>\n<p>Na noite de ter\u00e7a-feira, os bispos receberam o cientista Carlos Nobre, e puderam acompanhar uma palestra sobre os eventos clim\u00e1ticos extremos. Nobre \u00e9 um dos mais relevantes cientistas do pa\u00eds nos estudos sobre o aquecimento global.<\/p>\n<figure id=\"attachment_965381\" aria-describedby=\"caption-attachment-965381\" style=\"width: 1600px\" class=\"wp-caption aligncenter\"><img decoding=\"async\" loading=\"lazy\" class=\"size-full wp-image-965381\" src=\"https:\/\/www.cnbb.org.br\/wp-content\/uploads\/2024\/06\/Prof-Carlos-Nobre-Conselho-Permanente.jpeg\" alt=\"\" width=\"1600\" height=\"1200\" srcset=\"https:\/\/www.cnbb.org.br\/wp-content\/uploads\/2024\/06\/Prof-Carlos-Nobre-Conselho-Permanente.jpeg 1600w, https:\/\/www.cnbb.org.br\/wp-content\/uploads\/2024\/06\/Prof-Carlos-Nobre-Conselho-Permanente-300x225.jpeg 300w, https:\/\/www.cnbb.org.br\/wp-content\/uploads\/2024\/06\/Prof-Carlos-Nobre-Conselho-Permanente-1024x768.jpeg 1024w, https:\/\/www.cnbb.org.br\/wp-content\/uploads\/2024\/06\/Prof-Carlos-Nobre-Conselho-Permanente-768x576.jpeg 768w, https:\/\/www.cnbb.org.br\/wp-content\/uploads\/2024\/06\/Prof-Carlos-Nobre-Conselho-Permanente-1536x1152.jpeg 1536w, https:\/\/www.cnbb.org.br\/wp-content\/uploads\/2024\/06\/Prof-Carlos-Nobre-Conselho-Permanente-500x375.jpeg 500w, https:\/\/www.cnbb.org.br\/wp-content\/uploads\/2024\/06\/Prof-Carlos-Nobre-Conselho-Permanente-800x600.jpeg 800w\" sizes=\"(max-width: 1600px) 100vw, 1600px\" \/><figcaption id=\"caption-attachment-965381\" class=\"wp-caption-text\">Professor Carlos Nobre no Conselho Permanente | Foto: Padre Arnaldo Rodrigues<\/figcaption><\/figure>\n<p>&nbsp;<\/p>\n<p>Leia tamb\u00e9m:<\/p>\n<h6 class=\"elementor-heading-title elementor-size-default\"><a href=\"https:\/\/www.cnbb.org.br\/conselho-permanente-avalia-assembleia-geral-da-cnbb-e-aprecia-texto-das-diretrizes\/\">Conselho Permanente avalia Assembleia Geral da CNBB e aprecia texto das Diretrizes Gerais da Igreja no Brasil<\/a><\/h6>\n<h6><\/h6>\n<h6 class=\"elementor-heading-title elementor-size-default\"><a href=\"https:\/\/www.cnbb.org.br\/conselho-permanente-junho-2024\/\">Conselho Permanente reflete sobre a crise ambiental, situa\u00e7\u00e3o no RS e a viv\u00eancia da f\u00e9 no Brasil<\/a><\/h6>\n","protected":false},"excerpt":{"rendered":"<p>Com a ajuda da Comiss\u00e3o Episcopal para a Cultura e a Educa\u00e7\u00e3o, os bispos refletiram sobre o acompanhamento da identidade confessional de escolas, diante das demandas da sociedade e das preocupa\u00e7\u00f5es dos pais sobre a quest\u00e3o educacional. Outro tema abordado pela manh\u00e3 foi a aprova\u00e7\u00e3o de altera\u00e7\u00f5es nos regimentos dos Conselhos Episcopais Regionais (Consers)<\/p>\n","protected":false},"author":38,"featured_media":965373,"comment_status":"open","ping_status":"open","sticky":false,"template":"","format":"standard","meta":{"site-sidebar-layout":"default","site-content-layout":"default","ast-global-header-display":"","ast-banner-title-visibility":"","ast-main-header-display":"","ast-hfb-above-header-display":"","ast-hfb-below-header-display":"","ast-hfb-mobile-header-display":"","site-post-title":"","ast-breadcrumbs-content":"","ast-featured-img":"","footer-sml-layout":"","theme-transparent-header-meta":"default","adv-header-id-meta":"","stick-header-meta":"","header-above-stick-meta":"","header-main-stick-meta":"","header-below-stick-meta":""},"categories":[834,1841],"tags":[4374,1979],"acf":[],"_links":{"self":[{"href":"https:\/\/www.cnbb.org.br\/cnbb-app\/wp\/v2\/posts\/965308"}],"collection":[{"href":"https:\/\/www.cnbb.org.br\/cnbb-app\/wp\/v2\/posts"}],"about":[{"href":"https:\/\/www.cnbb.org.br\/cnbb-app\/wp\/v2\/types\/post"}],"author":[{"embeddable":true,"href":"https:\/\/www.cnbb.org.br\/cnbb-app\/wp\/v2\/users\/38"}],"replies":[{"embeddable":true,"href":"https:\/\/www.cnbb.org.br\/cnbb-app\/wp\/v2\/comments?post=965308"}],"version-history":[{"count":4,"href":"https:\/\/www.cnbb.org.br\/cnbb-app\/wp\/v2\/posts\/965308\/revisions"}],"predecessor-version":[{"id":965382,"href":"https:\/\/www.cnbb.org.br\/cnbb-app\/wp\/v2\/posts\/965308\/revisions\/965382"}],"wp:featuredmedia":[{"embeddable":true,"href":"https:\/\/www.cnbb.org.br\/cnbb-app\/wp\/v2\/media\/965373"}],"wp:attachment":[{"href":"https:\/\/www.cnbb.org.br\/cnbb-app\/wp\/v2\/media?parent=965308"}],"wp:term":[{"taxonomy":"category","embeddable":true,"href":"https:\/\/www.cnbb.org.br\/cnbb-app\/wp\/v2\/categories?post=965308"},{"taxonomy":"post_tag","embeddable":true,"href":"https:\/\/www.cnbb.org.br\/cnbb-app\/wp\/v2\/tags?post=965308"}],"curies":[{"name":"wp","href":"https:\/\/api.w.org\/{rel}","templated":true}]}}