{"id":965311,"date":"2024-06-19T11:14:46","date_gmt":"2024-06-19T14:14:46","guid":{"rendered":"https:\/\/www.cnbb.org.br\/?p=965311"},"modified":"2024-06-19T11:15:23","modified_gmt":"2024-06-19T14:15:23","slug":"deus-caminha-com-seu-povo","status":"publish","type":"post","link":"https:\/\/www.cnbb.org.br\/deus-caminha-com-seu-povo\/","title":{"rendered":"\u201cDeus caminha com seu Povo!\u201d\u00a0"},"content":{"rendered":"<p style=\"text-align: right;\"><b><span data-contrast=\"none\">Dom Roberto Francisco Ferreria Paz<\/span><\/b><span data-ccp-props=\"{&quot;201341983&quot;:0,&quot;335551550&quot;:2,&quot;335551620&quot;:2,&quot;335559739&quot;:0,&quot;335559740&quot;:240}\"><br \/>\n<\/span><b><span data-contrast=\"none\">Bispo de Campos (RJ)<\/span><\/b><span data-ccp-props=\"{&quot;201341983&quot;:0,&quot;335551550&quot;:2,&quot;335551620&quot;:2,&quot;335559739&quot;:0,&quot;335559740&quot;:240}\">\u00a0<\/span><\/p>\n<p>&nbsp;<\/p>\n<p style=\"text-align: justify;\"><span data-contrast=\"none\">No dia 03 de Junho o Papa Francisco apresentou o tema da mensagem para o Dia Mundial do Migrante e do Refugiado (DMMR) a ser celebrado no domingo 29 de setembro de 2024. Aqui no Brasil o Dia Nacional do Migrante \u00e9 19 de junho e em torno a este dia se realiza tamb\u00e9m a Semana do Migrante.<\/span><span data-ccp-props=\"{&quot;201341983&quot;:0,&quot;335551550&quot;:6,&quot;335551620&quot;:6,&quot;335559739&quot;:0,&quot;335559740&quot;:240}\">\u00a0<\/span><\/p>\n<p style=\"text-align: justify;\"><span data-contrast=\"none\">O tema convida a percorrer a estrada com esta popula\u00e7\u00e3o que sempre significa uma profecia viva, que a partir da dura realidade e vulnerabilidade que representam as migra\u00e7\u00f5es for\u00e7adas ou induzidas cada vez mais por fatores m\u00faltiplos e adversos, nos desafia a unir-nos com um cora\u00e7\u00e3o generoso e hospitaleiro a participar da sua condi\u00e7\u00e3o migrat\u00f3ria e andarilha.\u00a0<\/span><span data-ccp-props=\"{&quot;201341983&quot;:0,&quot;335551550&quot;:6,&quot;335551620&quot;:6,&quot;335559739&quot;:0,&quot;335559740&quot;:240}\">\u00a0<\/span><\/p>\n<p style=\"text-align: justify;\"><span data-contrast=\"none\">Perceber que h\u00e1 sempre um des\u00edgnio divino atr\u00e1s destes processos e que acolher migrantes longe de ser um risco a correr sempre ser\u00e1 um enriquecimento cultural, humano e transcendente. Somos uma p\u00e1tria de migrantes, um cadinho de ra\u00e7as, etnias e povos, que com sabedoria crist\u00e3 e profundamente sens\u00edvel e compassiva aprendeu a convivialidade e a alegria da pluralidade e ao mesmo tempo reconhecer que constitu\u00edmos uma s\u00f3 fam\u00edlia humana.\u00a0<\/span><span data-ccp-props=\"{&quot;201341983&quot;:0,&quot;335551550&quot;:6,&quot;335551620&quot;:6,&quot;335559739&quot;:0,&quot;335559740&quot;:240}\">\u00a0<\/span><\/p>\n<p style=\"text-align: justify;\"><span data-contrast=\"none\">Num mundo fechado por preconceitos e interesses materialistas que se concentram na acumula\u00e7\u00e3o e nos direitos hegem\u00f4nicos do capital, testemunhar como afirma o Evangelho que \u201ceu era migrante e me acolhestes\u201d, \u00e9 abra\u00e7ar Cristo o Enviado e Migrante do Pai, que sempre vem nos encontrar e fazer caminho conosco.\u00a0<\/span><span data-ccp-props=\"{&quot;201341983&quot;:0,&quot;335551550&quot;:6,&quot;335551620&quot;:6,&quot;335559739&quot;:0,&quot;335559740&quot;:240}\">\u00a0<\/span><\/p>\n<p style=\"text-align: justify;\"><span data-contrast=\"none\">O itiner\u00e1rio de uma Igreja servidora e samaritana sempre passar\u00e1 por acolher, incluir, proteger e integrar aos migrantes na nossa vida, comunidade, trabalho, fam\u00edlia, pois \u00e9 bom nunca esquecermos a profiss\u00e3o de f\u00e9 dos israelitas, \u201cn\u00f3s \u00e9ramos um povo escravo e migrante\u201d.\u00a0<\/span><span data-ccp-props=\"{&quot;201341983&quot;:0,&quot;335551550&quot;:6,&quot;335551620&quot;:6,&quot;335559739&quot;:0,&quot;335559740&quot;:240}\">\u00a0<\/span><\/p>\n<p style=\"text-align: justify;\"><span data-contrast=\"none\">Um povo que tenha consci\u00eancia da import\u00e2ncia de compreender os processos migrat\u00f3rios e responder a eles com abertura, solidariedade e inclus\u00e3o ser\u00e1 aben\u00e7oado por Deus, e n\u00e3o s\u00f3 crescer\u00e1 economicamente conhecendo a verdadeira fartura, mas conhecer\u00e1 o aut\u00eantico desenvolvimento que como explica o Papa Bento XVI na <\/span><i><span data-contrast=\"none\">Caritas et Veritate<\/span><\/i><span data-contrast=\"none\"> tem o amor como o principal motor e for\u00e7a civilizadora. <\/span><span data-contrast=\"none\">Deus seja louvado!<\/span><span data-ccp-props=\"{&quot;201341983&quot;:0,&quot;335551550&quot;:6,&quot;335551620&quot;:6,&quot;335559739&quot;:0,&quot;335559740&quot;:240}\">\u00a0<\/span><\/p>\n<p><span data-ccp-props=\"{&quot;201341983&quot;:0,&quot;335551550&quot;:6,&quot;335551620&quot;:6,&quot;335559739&quot;:0,&quot;335559740&quot;:240}\">\u00a0<\/span><\/p>\n<p><span data-ccp-props=\"{&quot;201341983&quot;:0,&quot;335551550&quot;:6,&quot;335551620&quot;:6,&quot;335559739&quot;:0,&quot;335559740&quot;:240}\">\u00a0<\/span><\/p>\n<p><span data-ccp-props=\"{&quot;201341983&quot;:0,&quot;335551550&quot;:6,&quot;335551620&quot;:6,&quot;335559739&quot;:0,&quot;335559740&quot;:240}\">\u00a0<\/span><\/p>\n","protected":false},"excerpt":{"rendered":"<p>Dom Roberto Francisco Ferreria Paz Bispo de Campos (RJ)\u00a0 &nbsp; No dia 03 de Junho o Papa Francisco apresentou o tema da mensagem para o Dia Mundial do Migrante e do Refugiado (DMMR) a ser celebrado no domingo 29 de setembro de 2024. Aqui no Brasil o Dia Nacional do Migrante \u00e9 19 de junho &hellip;<\/p>\n<p class=\"read-more\"> <a class=\"\" href=\"https:\/\/www.cnbb.org.br\/deus-caminha-com-seu-povo\/\"> <span class=\"screen-reader-text\">\u201cDeus caminha com seu Povo!\u201d\u00a0<\/span> Leia mais &raquo;<\/a><\/p>\n","protected":false},"author":23,"featured_media":0,"comment_status":"open","ping_status":"open","sticky":false,"template":"","format":"standard","meta":{"site-sidebar-layout":"default","site-content-layout":"default","ast-global-header-display":"","ast-banner-title-visibility":"","ast-main-header-display":"","ast-hfb-above-header-display":"","ast-hfb-below-header-display":"","ast-hfb-mobile-header-display":"","site-post-title":"","ast-breadcrumbs-content":"","ast-featured-img":"","footer-sml-layout":"","theme-transparent-header-meta":"default","adv-header-id-meta":"","stick-header-meta":"","header-above-stick-meta":"","header-main-stick-meta":"","header-below-stick-meta":""},"categories":[758],"tags":[],"acf":[],"_links":{"self":[{"href":"https:\/\/www.cnbb.org.br\/cnbb-app\/wp\/v2\/posts\/965311"}],"collection":[{"href":"https:\/\/www.cnbb.org.br\/cnbb-app\/wp\/v2\/posts"}],"about":[{"href":"https:\/\/www.cnbb.org.br\/cnbb-app\/wp\/v2\/types\/post"}],"author":[{"embeddable":true,"href":"https:\/\/www.cnbb.org.br\/cnbb-app\/wp\/v2\/users\/23"}],"replies":[{"embeddable":true,"href":"https:\/\/www.cnbb.org.br\/cnbb-app\/wp\/v2\/comments?post=965311"}],"version-history":[{"count":3,"href":"https:\/\/www.cnbb.org.br\/cnbb-app\/wp\/v2\/posts\/965311\/revisions"}],"predecessor-version":[{"id":965314,"href":"https:\/\/www.cnbb.org.br\/cnbb-app\/wp\/v2\/posts\/965311\/revisions\/965314"}],"wp:attachment":[{"href":"https:\/\/www.cnbb.org.br\/cnbb-app\/wp\/v2\/media?parent=965311"}],"wp:term":[{"taxonomy":"category","embeddable":true,"href":"https:\/\/www.cnbb.org.br\/cnbb-app\/wp\/v2\/categories?post=965311"},{"taxonomy":"post_tag","embeddable":true,"href":"https:\/\/www.cnbb.org.br\/cnbb-app\/wp\/v2\/tags?post=965311"}],"curies":[{"name":"wp","href":"https:\/\/api.w.org\/{rel}","templated":true}]}}