{"id":965317,"date":"2024-06-19T11:19:24","date_gmt":"2024-06-19T14:19:24","guid":{"rendered":"https:\/\/www.cnbb.org.br\/?p=965317"},"modified":"2024-06-19T11:20:34","modified_gmt":"2024-06-19T14:20:34","slug":"12o-domingo-do-tempo-comum-2","status":"publish","type":"post","link":"https:\/\/www.cnbb.org.br\/12o-domingo-do-tempo-comum-2\/","title":{"rendered":"12\u00ba Domingo do Tempo Comum"},"content":{"rendered":"<p style=\"text-align: right;\"><b><span data-contrast=\"auto\">Dom Carmo Jo\u00e3o Rhoden<\/span><\/b><span data-ccp-props=\"{&quot;201341983&quot;:0,&quot;335551550&quot;:2,&quot;335551620&quot;:2,&quot;335559739&quot;:160,&quot;335559740&quot;:259}\"><br \/>\n<\/span><b><span data-contrast=\"auto\">Bispo Em\u00e9rito de Taubat\u00e9 (SP)<\/span><\/b><\/p>\n<p style=\"text-align: right;\"><span data-ccp-props=\"{&quot;201341983&quot;:0,&quot;335551550&quot;:2,&quot;335551620&quot;:2,&quot;335559739&quot;:160,&quot;335559740&quot;:259}\">\u00a0<\/span><\/p>\n<p style=\"text-align: justify;\"><b><span data-contrast=\"auto\">12\u00ba Domingo do Tempo Comum, 23\/06\/24. Mc 4,35-41.<\/span><\/b><span data-ccp-props=\"{&quot;201341983&quot;:0,&quot;335551550&quot;:2,&quot;335551620&quot;:2,&quot;335559739&quot;:160,&quot;335559740&quot;:259}\">\u00a0<\/span><\/p>\n<p style=\"text-align: justify;\"><i><span data-contrast=\"auto\">Texto iluminador:\u201d porque, sois t\u00e3o medrosos? Ainda, n\u00e3o tendes f\u00e9? \u201c. Eles sentiam grande temor e comentavam uns com os outros: \u201cquem \u00e9 este, a quem obedecem at\u00e9 o vento e o mar\u201d? (Mc 4, 39-41)<\/span><\/i><span data-ccp-props=\"{&quot;201341983&quot;:0,&quot;335551550&quot;:6,&quot;335551620&quot;:6,&quot;335559739&quot;:160,&quot;335559740&quot;:259}\">\u00a0<\/span><\/p>\n<p style=\"text-align: justify;\"><span data-contrast=\"auto\">1 \u2013 \u201cQuem \u00e9 este, a quem at\u00e9 o vento e o mar obedecem\u201d? (Mc 4, 41). Esta \u00e9 a pergunta que perpassa os s\u00e9culos. A resposta \u00e9 muito diferente: para os crist\u00e3os \u00e9 o Filho de Deus, Deus com o Pai e o Esp\u00edrito Santo, para os ateus: nem existe. Outros, ainda hoje, continuam a manifestar suas d\u00favidas. H\u00e1, ainda, os que nem se preocupam, com isso. E n\u00f3s? Cremos e correspondemos? Vamos \u00e0 igreja e tamb\u00e9m ao encontro dos outros? Mormente, dos mais necessitados? De fato, n\u00e3o basta crer. At\u00e9 os dem\u00f4nios podem consegui-lo\u2026 \u00e9 preciso, portanto, qualificar nossa f\u00e9, com muitas e boas obras. (Tg 2, 17-19).\u00a0<\/span><span data-ccp-props=\"{&quot;201341983&quot;:0,&quot;335551550&quot;:6,&quot;335551620&quot;:6,&quot;335559739&quot;:160,&quot;335559740&quot;:259}\">\u00a0<\/span><\/p>\n<p style=\"text-align: justify;\"><span data-contrast=\"auto\">2 \u2013 Na vida, continuam a existir tempestades, que intimidam os medrosos, que, por isso, continuam a gritar de medo. Parece-lhes que Ele (Jesus) continue dormindo, ou pouco se importando, com os problemas da humanidade. Mas, s\u00e3o os homens, que n\u00e3o entendem a Deus, pois, n\u00e3o o conhecem devidamente: sua grandeza, e infinitude n\u00e3o cabem em suas intelig\u00eancias. Por isso, n\u00e3o h\u00e1 raz\u00e3o para desconfiar de Deus \u2026dever\u00edamos, isso sim, preocuparmo-nos, com nossos limites, e pouco interesse pela vida. Ali\u00e1s, os verdadeiramente s\u00e1bios, nunca duvidaram de Deus onipotente e amoroso.<\/span><span data-ccp-props=\"{&quot;201341983&quot;:0,&quot;335551550&quot;:6,&quot;335551620&quot;:6,&quot;335559739&quot;:160,&quot;335559740&quot;:259}\">\u00a0<\/span><\/p>\n<p style=\"text-align: justify;\"><span data-contrast=\"auto\">3 \u2013 Tamb\u00e9m, hoje, Jesus continua a perguntar-nos: \u201cporque ainda n\u00e3o tendes f\u00e9 \u201c?. De fato, temos ouvidos e n\u00e3o ouvimos, olhos e n\u00e3o enxergamos e acabamos n\u00e3o percebendo bem, os sinais de Deus: Sua grandeza, leveza e beleza.<\/span><span data-ccp-props=\"{&quot;201341983&quot;:0,&quot;335551550&quot;:6,&quot;335551620&quot;:6,&quot;335559739&quot;:160,&quot;335559740&quot;:259}\">\u00a0<\/span><\/p>\n<p style=\"text-align: justify;\"><span data-contrast=\"auto\">Ent\u00e3o, tamb\u00e9m, n\u00e3o captamos o som de sua orquestra, apresentando a afina\u00e7\u00e3o da Sua sinfonia inacabada. O problema das criaturas \u00e9 ser insens\u00edveis de cora\u00e7\u00e3o, fracos no amor e desconfiados de Deus, porque, nem em si mesmos conseguem, confiar, devidamente. Ent\u00e3o, continuam a acusar a Deus, de estar dormindo e a Cristo de estar distante\u2026<\/span><span data-ccp-props=\"{&quot;201341983&quot;:0,&quot;335551550&quot;:6,&quot;335551620&quot;:6,&quot;335559739&quot;:160,&quot;335559740&quot;:259}\">\u00a0<\/span><\/p>\n<p style=\"text-align: justify;\"><span data-contrast=\"auto\">4 \u2013 Assim sendo, Ad\u00e3o continua sendo Ad\u00e3o, e Eva, Eva. Por isso, a \u201ccobra\u201d tentadora continua a fazer tanto sucesso, e o mundo sofrendo, com tanta tristeza e falta de sentido. N\u00e3o tenho raz\u00e3o?<\/span><span data-ccp-props=\"{&quot;201341983&quot;:0,&quot;335551550&quot;:6,&quot;335551620&quot;:6,&quot;335559739&quot;:160,&quot;335559740&quot;:259}\">\u00a0<\/span><\/p>\n<p style=\"text-align: justify;\"><span data-ccp-props=\"{&quot;201341983&quot;:0,&quot;335559739&quot;:160,&quot;335559740&quot;:259}\">\u00a0<\/span><\/p>\n<p style=\"text-align: justify;\"><span data-ccp-props=\"{&quot;201341983&quot;:0,&quot;335559739&quot;:160,&quot;335559740&quot;:259}\">\u00a0<\/span><\/p>\n<p style=\"text-align: justify;\"><span data-ccp-props=\"{&quot;201341983&quot;:0,&quot;335559739&quot;:160,&quot;335559740&quot;:259}\">\u00a0<\/span><\/p>\n","protected":false},"excerpt":{"rendered":"<p>Dom Carmo Jo\u00e3o Rhoden Bispo Em\u00e9rito de Taubat\u00e9 (SP) \u00a0 12\u00ba Domingo do Tempo Comum, 23\/06\/24. Mc 4,35-41.\u00a0 Texto iluminador:\u201d porque, sois t\u00e3o medrosos? Ainda, n\u00e3o tendes f\u00e9? \u201c. Eles sentiam grande temor e comentavam uns com os outros: \u201cquem \u00e9 este, a quem obedecem at\u00e9 o vento e o mar\u201d? (Mc 4, 39-41)\u00a0 1 &hellip;<\/p>\n<p class=\"read-more\"> <a class=\"\" href=\"https:\/\/www.cnbb.org.br\/12o-domingo-do-tempo-comum-2\/\"> <span class=\"screen-reader-text\">12\u00ba Domingo do Tempo Comum<\/span> Leia mais &raquo;<\/a><\/p>\n","protected":false},"author":132,"featured_media":0,"comment_status":"open","ping_status":"open","sticky":false,"template":"","format":"standard","meta":{"site-sidebar-layout":"default","site-content-layout":"default","ast-global-header-display":"","ast-banner-title-visibility":"","ast-main-header-display":"","ast-hfb-above-header-display":"","ast-hfb-below-header-display":"","ast-hfb-mobile-header-display":"","site-post-title":"","ast-breadcrumbs-content":"","ast-featured-img":"","footer-sml-layout":"","theme-transparent-header-meta":"default","adv-header-id-meta":"","stick-header-meta":"","header-above-stick-meta":"","header-main-stick-meta":"","header-below-stick-meta":""},"categories":[758],"tags":[],"acf":[],"_links":{"self":[{"href":"https:\/\/www.cnbb.org.br\/cnbb-app\/wp\/v2\/posts\/965317"}],"collection":[{"href":"https:\/\/www.cnbb.org.br\/cnbb-app\/wp\/v2\/posts"}],"about":[{"href":"https:\/\/www.cnbb.org.br\/cnbb-app\/wp\/v2\/types\/post"}],"author":[{"embeddable":true,"href":"https:\/\/www.cnbb.org.br\/cnbb-app\/wp\/v2\/users\/132"}],"replies":[{"embeddable":true,"href":"https:\/\/www.cnbb.org.br\/cnbb-app\/wp\/v2\/comments?post=965317"}],"version-history":[{"count":3,"href":"https:\/\/www.cnbb.org.br\/cnbb-app\/wp\/v2\/posts\/965317\/revisions"}],"predecessor-version":[{"id":965320,"href":"https:\/\/www.cnbb.org.br\/cnbb-app\/wp\/v2\/posts\/965317\/revisions\/965320"}],"wp:attachment":[{"href":"https:\/\/www.cnbb.org.br\/cnbb-app\/wp\/v2\/media?parent=965317"}],"wp:term":[{"taxonomy":"category","embeddable":true,"href":"https:\/\/www.cnbb.org.br\/cnbb-app\/wp\/v2\/categories?post=965317"},{"taxonomy":"post_tag","embeddable":true,"href":"https:\/\/www.cnbb.org.br\/cnbb-app\/wp\/v2\/tags?post=965317"}],"curies":[{"name":"wp","href":"https:\/\/api.w.org\/{rel}","templated":true}]}}