{"id":9655,"date":"2014-11-17T00:00:00","date_gmt":"2014-11-17T02:00:00","guid":{"rendered":"https:\/\/www.cnbb.org.br\/equipe-se-reune-em-para-preparar-o-2-congresso-missionario-nacional-de-seminaristas\/"},"modified":"2020-03-11T20:03:54","modified_gmt":"2020-03-11T23:03:54","slug":"equipe-se-reune-em-para-preparar-o-2-congresso-missionario-nacional-de-seminaristas","status":"publish","type":"post","link":"https:\/\/www.cnbb.org.br\/equipe-se-reune-em-para-preparar-o-2-congresso-missionario-nacional-de-seminaristas\/","title":{"rendered":"Equipe prepara Congresso Mission\u00e1rio de Seminaristas"},"content":{"rendered":"<p style=\"text-align: justify\"><span style=\"line-height: 1.3em\"><\/span><\/p>\n<p style=\"text-align: justify\">\u201cO mission\u00e1rio presb\u00edtero para uma Igreja em sa\u00edda\u201d \u00e9 o tema do 2\u00ba Congresso Mission\u00e1rio de Seminaristas, que ser\u00e1 realizado de 9 a 12 de julho de 2015, na Pontif\u00edcia Universidade Cat\u00f3lica de Minas Gerais, em Belo Horizonte. O evento \u00e9 uma iniciativa das Comiss\u00f5es Episcopais para a A\u00e7\u00e3o Mission\u00e1ria e Coopera\u00e7\u00e3o Intereclesial e para os Minist\u00e9rios Ordenados e a Vida Consagrada, das Pontif\u00edcias Obras Mission\u00e1rias (POM), da Confer\u00eancia dos Religiosos do Brasil (CRB); Conselhos Mission\u00e1rios de Seminaristas, Conselho Mission\u00e1rio do regional Leste 2 da CNBB, arquidiocese de Belo Horizonte.<\/p>\n<p>  <!--more-->  <\/p>\n<p style=\"text-align: justify\">No \u00faltimo dia 11, a equipe respons\u00e1vel pela organiza\u00e7\u00e3o do evento reuniu-se no Semin\u00e1rio Arquidiocesano Cora\u00e7\u00e3o Eucar\u00edstico de Jesus, da arquidiocese de Belo Horizonte. \u00a0Os organizadores estimam a participa\u00e7\u00e3o de 400 pessoas no evento, entre seminaristas e convidados de todo o Brasil. \u201cEsperamos o evento com muita expectativa e alegria, no sentido de fazer valer o que a Igreja vem nos pedindo, inclusive o Santo Padre, papa Francisco, de sermos uma Igreja em sa\u00edda, mission\u00e1ria, comprometida com o povo de Deus\u201d, disse o bispo de Guaxup\u00e9 (MG) e referencial do Comire do Leste 2 da CNBB, dom Jos\u00e9 Lanza.<\/p>\n<p style=\"text-align: justify\">Durante o Congresso, que ter\u00e1 como lema \u201cIde, sem medo, para servir\u201d, os participantes ir\u00e3o refletir sobre o modelo de forma\u00e7\u00e3o dos futuros presb\u00edteros diante da miss\u00e3o da Igreja. O evento tamb\u00e9m ser\u00e1 uma oportunidade para articular os conselhos mission\u00e1rios de seminaristas. Haver\u00e1 ainda momentos de forma\u00e7\u00e3o e viv\u00eancia de experi\u00eancias mission\u00e1rias, bem como confer\u00eancias, grupos de trabalhos, testemunhos e celebra\u00e7\u00f5es.<\/p>\n<p style=\"text-align: justify\">Na ocasi\u00e3o, fam\u00edlias de cinco par\u00f3quias pr\u00f3ximas \u00e0 PUC Minas ir\u00e3o acolher os participantes do Congresso. Ao final do evento, os seminaristas seguir\u00e3o em peregrina\u00e7\u00e3o at\u00e9 o Santu\u00e1rio Estadual de Nossa Senhora da Piedade.<\/p>\n<p style=\"text-align: justify\"><span style=\"font-size: xx-small\"><em><strong>Com informa\u00e7\u00f5es das POM<\/strong><\/em><\/span><\/p>\n<p style=\"text-align: justify\">\u00a0<\/p>\n","protected":false},"excerpt":{"rendered":"<p>\u201cO mission\u00e1rio presb\u00edtero para uma Igreja em sa\u00edda\u201d \u00e9 o tema do 2\u00ba Congresso Mission\u00e1rio de Seminaristas, que ser\u00e1 realizado de 9 a 12 de julho de 2015, na Pontif\u00edcia Universidade Cat\u00f3lica de Minas Gerais, em Belo Horizonte. O evento \u00e9 uma iniciativa das Comiss\u00f5es Episcopais para a A\u00e7\u00e3o Mission\u00e1ria e Coopera\u00e7\u00e3o Intereclesial e para &hellip;<\/p>\n<p class=\"read-more\"> <a class=\"\" href=\"https:\/\/www.cnbb.org.br\/equipe-se-reune-em-para-preparar-o-2-congresso-missionario-nacional-de-seminaristas\/\"> <span class=\"screen-reader-text\">Equipe prepara Congresso Mission\u00e1rio de Seminaristas<\/span> Leia mais &raquo;<\/a><\/p>\n","protected":false},"author":83,"featured_media":9656,"comment_status":"open","ping_status":"open","sticky":false,"template":"","format":"standard","meta":{"site-sidebar-layout":"default","site-content-layout":"default","ast-global-header-display":"","ast-banner-title-visibility":"","ast-main-header-display":"","ast-hfb-above-header-display":"","ast-hfb-below-header-display":"","ast-hfb-mobile-header-display":"","site-post-title":"","ast-breadcrumbs-content":"","ast-featured-img":"","footer-sml-layout":"","theme-transparent-header-meta":"","adv-header-id-meta":"","stick-header-meta":"","header-above-stick-meta":"","header-main-stick-meta":"","header-below-stick-meta":""},"categories":[854,878],"tags":[],"acf":[],"_links":{"self":[{"href":"https:\/\/www.cnbb.org.br\/cnbb-app\/wp\/v2\/posts\/9655"}],"collection":[{"href":"https:\/\/www.cnbb.org.br\/cnbb-app\/wp\/v2\/posts"}],"about":[{"href":"https:\/\/www.cnbb.org.br\/cnbb-app\/wp\/v2\/types\/post"}],"author":[{"embeddable":true,"href":"https:\/\/www.cnbb.org.br\/cnbb-app\/wp\/v2\/users\/83"}],"replies":[{"embeddable":true,"href":"https:\/\/www.cnbb.org.br\/cnbb-app\/wp\/v2\/comments?post=9655"}],"version-history":[{"count":0,"href":"https:\/\/www.cnbb.org.br\/cnbb-app\/wp\/v2\/posts\/9655\/revisions"}],"wp:featuredmedia":[{"embeddable":true,"href":"https:\/\/www.cnbb.org.br\/cnbb-app\/wp\/v2\/media\/9656"}],"wp:attachment":[{"href":"https:\/\/www.cnbb.org.br\/cnbb-app\/wp\/v2\/media?parent=9655"}],"wp:term":[{"taxonomy":"category","embeddable":true,"href":"https:\/\/www.cnbb.org.br\/cnbb-app\/wp\/v2\/categories?post=9655"},{"taxonomy":"post_tag","embeddable":true,"href":"https:\/\/www.cnbb.org.br\/cnbb-app\/wp\/v2\/tags?post=9655"}],"curies":[{"name":"wp","href":"https:\/\/api.w.org\/{rel}","templated":true}]}}