{"id":965700,"date":"2024-06-26T07:01:59","date_gmt":"2024-06-26T10:01:59","guid":{"rendered":"https:\/\/www.cnbb.org.br\/?p=965700"},"modified":"2024-06-26T10:11:35","modified_gmt":"2024-06-26T13:11:35","slug":"papa-francisco-cria-diocese-jau-nomeia-bispo","status":"publish","type":"post","link":"https:\/\/www.cnbb.org.br\/papa-francisco-cria-diocese-jau-nomeia-bispo\/","title":{"rendered":"Brasil chega a 280 circunscri\u00e7\u00f5es eclesi\u00e1sticas: Papa Francisco cria a diocese de Ja\u00fa, em S\u00e3o Paulo, e nomeia o primeiro bispo"},"content":{"rendered":"<p style=\"text-align: justify;\">A Nunciatura Apost\u00f3lica no Brasil comunicou a decis\u00e3o do Papa Francisco em erigir uma nova Igreja Particular no pa\u00eds, chegando ao n\u00famero de 280 circunscri\u00e7\u00f5es eclesi\u00e1sticas, sendo 220 dioceses. Nesta quarta-feira, 26 de junho, foi criada a diocese de Ja\u00fa, no Estado de S\u00e3o Paulo, com territ\u00f3rio desmembrado da diocese de S\u00e3o Carlos. No mesmo ato, dom Francisco Carlos da Silva, atual bispo de Lins (SP), foi nomeado o primeiro bispo de Ja\u00fa.<\/p>\n<p style=\"text-align: justify;\">A nova diocese ser\u00e1 composta por 15 munic\u00edpios, sendo eles: Ja\u00fa, Brotas, Dois C\u00f3rregos, Torrinha, Mineiros do Tiet\u00ea, Barra Bonita, Itapu\u00ed, Bocaina, Bariri, Itaj\u00fa, Ibitinga, Nova Europa, Tabatinga, Borborema e It\u00e1polis. A extens\u00e3o territorial \u00e9 de 6.018,531 Km\u00b2 e s\u00e3o 434.783 habitantes. As informa\u00e7\u00f5es s\u00e3o da diocese de S\u00e3o Carlos.<\/p>\n<p><img decoding=\"async\" loading=\"lazy\" class=\"aligncenter wp-image-965734 size-full\" src=\"https:\/\/www.cnbb.org.br\/wp-content\/uploads\/2024\/06\/Dom-Francisco-CNBB-Arte-Nomeacao-Portal.png\" alt=\"\" width=\"1202\" height=\"636\" srcset=\"https:\/\/www.cnbb.org.br\/wp-content\/uploads\/2024\/06\/Dom-Francisco-CNBB-Arte-Nomeacao-Portal.png 1202w, https:\/\/www.cnbb.org.br\/wp-content\/uploads\/2024\/06\/Dom-Francisco-CNBB-Arte-Nomeacao-Portal-300x159.png 300w, https:\/\/www.cnbb.org.br\/wp-content\/uploads\/2024\/06\/Dom-Francisco-CNBB-Arte-Nomeacao-Portal-1024x542.png 1024w, https:\/\/www.cnbb.org.br\/wp-content\/uploads\/2024\/06\/Dom-Francisco-CNBB-Arte-Nomeacao-Portal-768x406.png 768w, https:\/\/www.cnbb.org.br\/wp-content\/uploads\/2024\/06\/Dom-Francisco-CNBB-Arte-Nomeacao-Portal-500x265.png 500w\" sizes=\"(max-width: 1202px) 100vw, 1202px\" \/><\/p>\n<h3><\/h3>\n<h3 style=\"text-align: justify;\">Primeiro bispo diocesano de Ja\u00fa<\/h3>\n<p style=\"text-align: justify;\">Nascido aos 30 de setembro de 1955, em Tabatinga (SP), dom Francisco Carlos foi ordenado presb\u00edtero em 11 de dezembro de 1982. Em 19 de setembro de 2007, foi nomeado bispo de Ituiutaba (MG), recebendo a ordena\u00e7\u00e3o episcopal no dia 22 de novembro daquele ano.<\/p>\n<p style=\"text-align: justify;\">Nesse per\u00edodo, foi suplente do Conselho Permanente do Regional Leste 2 da Confer\u00eancia Nacional dos Bispos do Brasil (CNBB) e membro da ent\u00e3o Comiss\u00e3o Episcopal Pastoral para o Servi\u00e7o da Caridade, da Justi\u00e7a e da Paz.<\/p>\n<p style=\"text-align: justify;\">Em 30 de setembro de 2015, dom Francisco foi nomeado bispo de Lins, em S\u00e3o Paulo. A posse como 8\u00ba bispo diocesano de Lins foi realizada no dia 27 de novembro de 2015.<\/p>\n<blockquote>\n<h3 style=\"text-align: justify;\">Sauda\u00e7\u00e3o da CNBB ao Povo e ao Primeiro Bispo Diocesano de Ja\u00fa<\/h3>\n<p style=\"text-align: justify;\">Car\u00edssimos fi\u00e9is e estimado irm\u00e3o, Dom Francisco Carlos da Silva,<\/p>\n<p style=\"text-align: justify;\">Recebemos com grande alegria a not\u00edcia da cria\u00e7\u00e3o de uma nova Igreja Particular no Brasil. Mais uma vez, o Papa Francisco demonstra seu carinho e sua aten\u00e7\u00e3o para com o povo brasileiro, robustecendo a presen\u00e7a dos pastores no cuidado de seus fi\u00e9is, o Povo Santo de Deus.<\/p>\n<p style=\"text-align: justify;\">A cada crist\u00e3o e crist\u00e3 , leigos (as) padres, di\u00e1conos, religiosos e religiosas, das par\u00f3quias e comunidades localizadas nos munic\u00edpios que agora formar\u00e3o a Diocese de Ja\u00fa, nosso agradecimento pela dedica\u00e7\u00e3o, fidelidade e comprometimento na miss\u00e3o da Igreja. Que a cria\u00e7\u00e3o da nova diocese possa ser impulso para fazer com que as a\u00e7\u00f5es pastorais ganhem cada vez mais vigor, levando a Palavra de Deus e a caridade Crist\u00e3 a tantos quantos necessitam. Que seja uma presen\u00e7a forte e viva na sociedade.<\/p>\n<p style=\"text-align: justify;\">Ao nosso irm\u00e3o, Dom Francisco Carlos da Silva, desejamos muita luz para guiar o seu rebanho. Que o Esp\u00edrito Santo o conduza no caminho que o Senhor deseja para uma Igreja Sinodal e Peregrina de Esperan\u00e7a.<\/p>\n<p style=\"text-align: justify;\">Sob a intercess\u00e3o de Nossa Senhora do Patroc\u00ednio, titular da Matriz de Ja\u00fa, rogamos pela nova diocese e por um frutuoso minist\u00e9rio de seu primeiro Bispo.<\/p>\n<p style=\"text-align: justify;\">Em Cristo,<\/p>\n<p style=\"text-align: justify;\"><em><strong>Dom Jaime Spengler<\/strong><\/em><br \/>\nArcebispo da Arquidiocese de Porto Alegre \u2013 RS<br \/>\nPresidente da CNBB<\/p>\n<p style=\"text-align: justify;\"><em><strong>Dom Jo\u00e3o Justino de Medeiros Silva<\/strong><\/em><br \/>\nArcebispo da Arquidiocese de Goi\u00e2nia \u2013 GO<br \/>\n1\u00ba Vice- Presidente da CNBB<\/p>\n<p style=\"text-align: justify;\"><em><strong>Dom Paulo Jackson N\u00f3brega de Sousa<\/strong><\/em><br \/>\nArcebispo da Arquidiocese de Olinda e Recife \u2013 PE<br \/>\n2\u00ba Vice-Presidente da CNBB<\/p>\n<p style=\"text-align: justify;\"><em><strong>Dom Ricardo Hoepers<\/strong><\/em><br \/>\nBispo Auxiliar da Arquidiocese de Bras\u00edlia \u2013 DF<br \/>\nSecret\u00e1rio-Geral da CNBB<\/p>\n<\/blockquote>\n","protected":false},"excerpt":{"rendered":"<p>Dom Francisco Carlos da Silva, atual bispo de Lins (SP), foi nomeado como o primeiro bispo de Ja\u00fa. Ele \u00e9 bispo desde 2007, quando foi nomeado bispo de Ituiutaba (MG), recebendo a ordena\u00e7\u00e3o episcopal no dia 22 de novembro daquele ano. A diocese de Ja\u00fa foi desmembrada do territ\u00f3rio da diocese de S\u00e3o Carlos<\/p>\n","protected":false},"author":38,"featured_media":965732,"comment_status":"open","ping_status":"open","sticky":false,"template":"","format":"standard","meta":{"site-sidebar-layout":"default","site-content-layout":"default","ast-global-header-display":"","ast-banner-title-visibility":"","ast-main-header-display":"","ast-hfb-above-header-display":"","ast-hfb-below-header-display":"","ast-hfb-mobile-header-display":"","site-post-title":"","ast-breadcrumbs-content":"","ast-featured-img":"","footer-sml-layout":"","theme-transparent-header-meta":"default","adv-header-id-meta":"","stick-header-meta":"","header-above-stick-meta":"","header-main-stick-meta":"","header-below-stick-meta":""},"categories":[1840,872],"tags":[5587,2627],"acf":[],"_links":{"self":[{"href":"https:\/\/www.cnbb.org.br\/cnbb-app\/wp\/v2\/posts\/965700"}],"collection":[{"href":"https:\/\/www.cnbb.org.br\/cnbb-app\/wp\/v2\/posts"}],"about":[{"href":"https:\/\/www.cnbb.org.br\/cnbb-app\/wp\/v2\/types\/post"}],"author":[{"embeddable":true,"href":"https:\/\/www.cnbb.org.br\/cnbb-app\/wp\/v2\/users\/38"}],"replies":[{"embeddable":true,"href":"https:\/\/www.cnbb.org.br\/cnbb-app\/wp\/v2\/comments?post=965700"}],"version-history":[{"count":7,"href":"https:\/\/www.cnbb.org.br\/cnbb-app\/wp\/v2\/posts\/965700\/revisions"}],"predecessor-version":[{"id":965742,"href":"https:\/\/www.cnbb.org.br\/cnbb-app\/wp\/v2\/posts\/965700\/revisions\/965742"}],"wp:featuredmedia":[{"embeddable":true,"href":"https:\/\/www.cnbb.org.br\/cnbb-app\/wp\/v2\/media\/965732"}],"wp:attachment":[{"href":"https:\/\/www.cnbb.org.br\/cnbb-app\/wp\/v2\/media?parent=965700"}],"wp:term":[{"taxonomy":"category","embeddable":true,"href":"https:\/\/www.cnbb.org.br\/cnbb-app\/wp\/v2\/categories?post=965700"},{"taxonomy":"post_tag","embeddable":true,"href":"https:\/\/www.cnbb.org.br\/cnbb-app\/wp\/v2\/tags?post=965700"}],"curies":[{"name":"wp","href":"https:\/\/api.w.org\/{rel}","templated":true}]}}