{"id":965843,"date":"2024-06-27T14:10:41","date_gmt":"2024-06-27T17:10:41","guid":{"rendered":"https:\/\/www.cnbb.org.br\/?p=965843"},"modified":"2024-06-27T14:10:41","modified_gmt":"2024-06-27T17:10:41","slug":"live-2-edificar-igrejas-para-celebrar-misterios-da-fe","status":"publish","type":"post","link":"https:\/\/www.cnbb.org.br\/live-2-edificar-igrejas-para-celebrar-misterios-da-fe\/","title":{"rendered":"Acompanhe a segunda live da s\u00e9rie &#8220;Edificar Igrejas para celebrar os mist\u00e9rios da nossa f\u00e9&#8221;"},"content":{"rendered":"<div id=\"title\" class=\"style-scope ytd-watch-metadata\">\n<p class=\"style-scope ytd-watch-metadata\" style=\"text-align: justify;\">O Setor Espa\u00e7o Lit\u00fargico da Comiss\u00e3o Episcopal para a Liturgia da Confer\u00eancia Nacional dos Bispos do Brasil (CNBB) promove hoje, logo mais \u00e0s 16h, a segunda live da s\u00e9rie &#8220;Edificar igrejas para celebrar os mist\u00e9rios da nossa f\u00e9&#8221;. A transmiss\u00e3o ser\u00e1 realizada no canal da CNBB e das Edi\u00e7\u00f5es CNBB no Youtube.<\/p>\n<p style=\"text-align: justify;\">Na edi\u00e7\u00e3o de hoje, s\u00e3os os convidados: a arquiteta sacra\u00a0Ignez Filipino e o artista sacro e mosaicista Erasmo de Abreu.<\/p>\n<\/div>\n<p style=\"text-align: justify;\">Segundo a assessora do setor Espa\u00e7o Lit\u00fargico, Raquel Schneider, esses encontros on-line v\u00e3o unir os agentes da Pastoral Lit\u00fargica e profissionais que atuam no \u00e2mbito da arte e da arquitetura em torno do tema do espa\u00e7o lit\u00fargico para \u201cdar passos na dire\u00e7\u00e3o do que o Papa Francisco tem apontado com a necessidade de uma s\u00e9ria e vital forma\u00e7\u00e3o lit\u00fargica\u201d.<\/p>\n<p style=\"text-align: justify;\">As live s\u00e3o, assim, oportunidade de aprofundar a reflex\u00e3o lit\u00fargica e os dois estudos preparados pelo setor: \u201c<em>Orienta\u00e7\u00f5es para projeto e Constru\u00e7\u00e3o de Igrejas e disposi\u00e7\u00e3o do Espa\u00e7o Celebrativo<\/em>\u201d (106) e \u201c<em>Orienta\u00e7\u00f5es para adequa\u00e7\u00e3o lit\u00fargica, restaura\u00e7\u00e3o e conserva\u00e7\u00e3o das Igrejas<\/em>\u201d (113).<\/p>\n<p style=\"text-align: justify;\">Acompanhe:<\/p>\n<div class=\"ast-oembed-container\" style=\"height: 100%;\"><iframe loading=\"lazy\" title=\"Live &quot;Edificar igrejas para celebrar os mist\u00e9rios da nossa f\u00e9&quot; - Dia 27\/6 \u00e0s 16h!\" width=\"500\" height=\"281\" src=\"https:\/\/www.youtube.com\/embed\/1Ov_Aapln4Y?feature=oembed\" frameborder=\"0\" allow=\"accelerometer; autoplay; clipboard-write; encrypted-media; gyroscope; picture-in-picture; web-share\" referrerpolicy=\"strict-origin-when-cross-origin\" allowfullscreen><\/iframe><\/div>\n<div id=\"top-row\" class=\"style-scope ytd-watch-metadata\">\n<div id=\"owner\" class=\"item style-scope ytd-watch-metadata\" style=\"text-align: justify;\"><\/div>\n<\/div>\n","protected":false},"excerpt":{"rendered":"<p>Na edi\u00e7\u00e3o de hoje, s\u00e3os os convidados: a arquiteta sacra\u00a0Ignez Filipino e o artista sacro e mosaicista Erasmo de Abreu. As lives tem sido ocasi\u00e3o para unir os agentes da Pastoral Lit\u00fargica e profissionais que atuam no \u00e2mbito da arte e da arquitetura para dar passos na dire\u00e7\u00e3o de uma s\u00e9ria e vital forma\u00e7\u00e3o lit\u00fargica<\/p>\n","protected":false},"author":38,"featured_media":965844,"comment_status":"open","ping_status":"open","sticky":false,"template":"","format":"standard","meta":{"site-sidebar-layout":"default","site-content-layout":"default","ast-global-header-display":"","ast-banner-title-visibility":"","ast-main-header-display":"","ast-hfb-above-header-display":"","ast-hfb-below-header-display":"","ast-hfb-mobile-header-display":"","site-post-title":"","ast-breadcrumbs-content":"","ast-featured-img":"","footer-sml-layout":"","theme-transparent-header-meta":"default","adv-header-id-meta":"","stick-header-meta":"","header-above-stick-meta":"","header-main-stick-meta":"","header-below-stick-meta":""},"categories":[50,847,859],"tags":[1276,3084],"acf":[],"_links":{"self":[{"href":"https:\/\/www.cnbb.org.br\/cnbb-app\/wp\/v2\/posts\/965843"}],"collection":[{"href":"https:\/\/www.cnbb.org.br\/cnbb-app\/wp\/v2\/posts"}],"about":[{"href":"https:\/\/www.cnbb.org.br\/cnbb-app\/wp\/v2\/types\/post"}],"author":[{"embeddable":true,"href":"https:\/\/www.cnbb.org.br\/cnbb-app\/wp\/v2\/users\/38"}],"replies":[{"embeddable":true,"href":"https:\/\/www.cnbb.org.br\/cnbb-app\/wp\/v2\/comments?post=965843"}],"version-history":[{"count":1,"href":"https:\/\/www.cnbb.org.br\/cnbb-app\/wp\/v2\/posts\/965843\/revisions"}],"predecessor-version":[{"id":965847,"href":"https:\/\/www.cnbb.org.br\/cnbb-app\/wp\/v2\/posts\/965843\/revisions\/965847"}],"wp:featuredmedia":[{"embeddable":true,"href":"https:\/\/www.cnbb.org.br\/cnbb-app\/wp\/v2\/media\/965844"}],"wp:attachment":[{"href":"https:\/\/www.cnbb.org.br\/cnbb-app\/wp\/v2\/media?parent=965843"}],"wp:term":[{"taxonomy":"category","embeddable":true,"href":"https:\/\/www.cnbb.org.br\/cnbb-app\/wp\/v2\/categories?post=965843"},{"taxonomy":"post_tag","embeddable":true,"href":"https:\/\/www.cnbb.org.br\/cnbb-app\/wp\/v2\/tags?post=965843"}],"curies":[{"name":"wp","href":"https:\/\/api.w.org\/{rel}","templated":true}]}}