{"id":9659,"date":"2014-12-10T00:00:00","date_gmt":"2014-12-10T02:00:00","guid":{"rendered":"https:\/\/www.cnbb.org.br\/4-simposio-de-missiologia-recorda-os-50-anos-do-decreto\/"},"modified":"2020-03-11T20:03:54","modified_gmt":"2020-03-11T23:03:54","slug":"4-simposio-de-missiologia-recorda-os-50-anos-do-decreto","status":"publish","type":"post","link":"https:\/\/www.cnbb.org.br\/4-simposio-de-missiologia-recorda-os-50-anos-do-decreto\/","title":{"rendered":"4\u00ba Simp\u00f3sio de Missiologia recorda os 50 anos do Decreto Ad Gentes"},"content":{"rendered":"<p style=\"text-align: justify\"><span style=\"line-height: 1.3em\">Est\u00e3o abertas as inscri\u00e7\u00f5es para o 4\u00ba<\/span><span style=\"line-height: 1.3em\">\u00a0Simp\u00f3sio de Missiologia, promovido pelo\u00a0<\/span><span style=\"line-height: 1.3em\">Centro Cultural Mission\u00e1rio (CCM) e a Rede Ecum\u00eanica Latino-americana de Missi\u00f3logos e Missi\u00f3logas (Relami). Esta edi\u00e7\u00e3o recordar\u00e1 os 50 anos do Decreto Conciliar <em>Ad Gentes<\/em>, resgatando sua origem, incid\u00eancia e resson\u00e2ncia na caminhada da Igreja e as novas configura\u00e7\u00f5es e perspectivas da miss\u00e3o aos povos.\u00a0<\/span><\/p>\n<p>  <!--more-->  <\/p>\n<p style=\"text-align: justify\"><span style=\"line-height: 1.3em\">O evento ocorrer\u00e1 na sede do CCM, em Bras\u00edlia, de 23 a 27 de fevereiro, e ter\u00e1 como tema \u201c50 anos do Decreto <em>Ad Gentes<\/em>: por uma nova presen\u00e7a da Igreja no meio dos povos na reciprocidade da miss\u00e3o\u201d. A iniciativa incentivar\u00e1 o debate missiol\u00f3gico a partir da miss\u00e3o <em>ad gentes<\/em> e alimentar\u00e1 a rede composta por especialistas, p\u00f3s-graduandos, mestres e doutores que contribuem com a pesquisa e reflex\u00e3o.<\/span><\/p>\n<p style=\"text-align: justify\">O simp\u00f3sio contar\u00e1 tamb\u00e9m com a participa\u00e7\u00e3o de membros e representa\u00e7\u00f5es de institui\u00e7\u00f5es, comunidades e organismos mission\u00e1rios, para promover um debate e uma partilha abrangente, a fim de um servi\u00e7o mais qualificado de anima\u00e7\u00e3o mission\u00e1ria \u00e0s comunidades.<\/p>\n<p style=\"text-align: justify\">\u201cA celebra\u00e7\u00e3o dos 50 anos do Vaticano II, em particular do Decreto <em>Ad Gentes<\/em>, representa uma oportunidade para refletir sobre a relev\u00e2ncia e a validade da presen\u00e7a mission\u00e1ria da Igreja no meio do povo e dos povos\u201d, explica padre Est\u00eav\u00e3o Raschietti, SX, secret\u00e1rio executivo do CCM e da Relami. Ao resgatar a g\u00eanese desse documento conciliar, a sua recep\u00e7\u00e3o em todo o mundo e a mudan\u00e7a de paradigma que ele desencadeou, os organizadores do Simp\u00f3sio esperam encontrar novas pistas de a\u00e7\u00e3o para todo Povo de Deus, seus organismos, comunidades e minist\u00e9rios.<\/p>\n<p style=\"text-align: justify\">As inscri\u00e7\u00f5es podem ser efetuadas no site\u00a0<a href=\"http:\/\/www.ccm.org.br\/paginas\/view\/id\/77\" target=\"_blank\" rel=\"noopener noreferrer\">www.ccm.org.br<\/a>. As vagas s\u00e3o limitadas.\u00a0 Para mais informa\u00e7\u00f5es, entre em contato pelo e-mail: ccm@ccm.org.br<\/p>\n<p style=\"text-align: justify\"><em style=\"font-size: xx-small;line-height: 1.3em\"><strong>Com informa\u00e7\u00f5es do CCM<\/strong><\/em><\/p>\n","protected":false},"excerpt":{"rendered":"<p>Est\u00e3o abertas as inscri\u00e7\u00f5es para o 4\u00ba\u00a0Simp\u00f3sio de Missiologia, promovido pelo\u00a0Centro Cultural Mission\u00e1rio (CCM) e a Rede Ecum\u00eanica Latino-americana de Missi\u00f3logos e Missi\u00f3logas (Relami). Esta edi\u00e7\u00e3o recordar\u00e1 os 50 anos do Decreto Conciliar Ad Gentes, resgatando sua origem, incid\u00eancia e resson\u00e2ncia na caminhada da Igreja e as novas configura\u00e7\u00f5es e perspectivas da miss\u00e3o aos povos.\u00a0<\/p>\n","protected":false},"author":83,"featured_media":9660,"comment_status":"open","ping_status":"open","sticky":false,"template":"","format":"standard","meta":{"site-sidebar-layout":"default","site-content-layout":"default","ast-global-header-display":"","ast-banner-title-visibility":"","ast-main-header-display":"","ast-hfb-above-header-display":"","ast-hfb-below-header-display":"","ast-hfb-mobile-header-display":"","site-post-title":"","ast-breadcrumbs-content":"","ast-featured-img":"","footer-sml-layout":"","theme-transparent-header-meta":"","adv-header-id-meta":"","stick-header-meta":"","header-above-stick-meta":"","header-main-stick-meta":"","header-below-stick-meta":""},"categories":[854,878],"tags":[],"acf":[],"_links":{"self":[{"href":"https:\/\/www.cnbb.org.br\/cnbb-app\/wp\/v2\/posts\/9659"}],"collection":[{"href":"https:\/\/www.cnbb.org.br\/cnbb-app\/wp\/v2\/posts"}],"about":[{"href":"https:\/\/www.cnbb.org.br\/cnbb-app\/wp\/v2\/types\/post"}],"author":[{"embeddable":true,"href":"https:\/\/www.cnbb.org.br\/cnbb-app\/wp\/v2\/users\/83"}],"replies":[{"embeddable":true,"href":"https:\/\/www.cnbb.org.br\/cnbb-app\/wp\/v2\/comments?post=9659"}],"version-history":[{"count":0,"href":"https:\/\/www.cnbb.org.br\/cnbb-app\/wp\/v2\/posts\/9659\/revisions"}],"wp:featuredmedia":[{"embeddable":true,"href":"https:\/\/www.cnbb.org.br\/cnbb-app\/wp\/v2\/media\/9660"}],"wp:attachment":[{"href":"https:\/\/www.cnbb.org.br\/cnbb-app\/wp\/v2\/media?parent=9659"}],"wp:term":[{"taxonomy":"category","embeddable":true,"href":"https:\/\/www.cnbb.org.br\/cnbb-app\/wp\/v2\/categories?post=9659"},{"taxonomy":"post_tag","embeddable":true,"href":"https:\/\/www.cnbb.org.br\/cnbb-app\/wp\/v2\/tags?post=9659"}],"curies":[{"name":"wp","href":"https:\/\/api.w.org\/{rel}","templated":true}]}}