{"id":965960,"date":"2024-07-01T08:52:41","date_gmt":"2024-07-01T11:52:41","guid":{"rendered":"https:\/\/www.cnbb.org.br\/?p=965960"},"modified":"2024-07-01T08:53:24","modified_gmt":"2024-07-01T11:53:24","slug":"solenidade-de-sao-pedro-e-sao-paulo-3","status":"publish","type":"post","link":"https:\/\/www.cnbb.org.br\/solenidade-de-sao-pedro-e-sao-paulo-3\/","title":{"rendered":"\u00a0Solenidade de S\u00e3o Pedro e S\u00e3o Paulo\u00a0"},"content":{"rendered":"<p style=\"text-align: right;\"><strong>Dom Adimir Antonio Mazali<br \/>\nBispo de Erexim (RS)\u00a0<\/strong><\/p>\n<p>&nbsp;<\/p>\n<p style=\"text-align: justify;\"><span data-contrast=\"auto\">Minha sauda\u00e7\u00e3o a todos os irm\u00e3os e irm\u00e3s que acompanham a Voz da Diocese. Neste domingo celebramos a Solenidade de S\u00e3o Pedro e S\u00e3o Paulo. Eles s\u00e3o considerados duas colunas b\u00e1sicas da Igreja. Os dois se encontraram com Cristo e o seguiram de maneiras diferentes. Pedro fez parte do grupo dos Doze; Paulo tornou-se ap\u00f3stolo posteriormente, a partir do encontro com o Ressuscitado no caminho para Damasco. Os dois acolheram a proposta de Jesus e o anunciaram com a palavra e com o testemunho de suas vidas. Cada um do seu jeito, com suas for\u00e7as e fraquezas, s\u00e3o exemplos de seguimento a Jesus Cristo, s\u00e3o exemplos de dedica\u00e7\u00e3o ao projeto do Reino de Deus, anunciado por Jesus. Os dois foram fi\u00e9is e corajosos at\u00e9 o fim, dando a vida como Jesus e por Jesus.\u00a0<\/span><span data-ccp-props=\"{&quot;335551550&quot;:6,&quot;335551620&quot;:6,&quot;335559731&quot;:708}\">\u00a0<\/span><\/p>\n<p style=\"text-align: justify;\"><span data-contrast=\"auto\">Prezados irm\u00e3os e irm\u00e3s. A primeira leitura (At 12,1-11) e o Evangelho (Mt 16,13-19) deste domingo lembram a figura de Pedro. O Evangelho descreve o encontro de Jesus com os Doze em Cesareia de Filipe. Ao dirigir-se diretamente a eles, Jesus perguntou-lhes: \u201cE v\u00f3s, quem dizeis que eu sou\u201d (Mt 16,15)? Pedro, em nome do grupo, respondeu: \u201cTu \u00e9s o Messias, o Filho do Deus vivo\u201d (Mt 16,16). Ao dizer \u201cTu \u00e9s o Messias, o Filho do Deus vivo\u201d, Pedro o reconhece como o pr\u00f3prio Deus presente no meio deles. Sendo o Messias, o Cristo, ele n\u00e3o era um simples profeta, como os do passado, mas o pr\u00f3prio Salvador, portador da justi\u00e7a do Reino. Somente pode dar uma resposta assim quem tem uma grande intimidade com Cristo. S\u00f3 entende bem quem \u00e9 Jesus quem se compromete com sua proposta. O reconhecimento de quem \u00e9 Jesus n\u00e3o vem de um mero conhecimento intelectual, de um estudo, mas da viv\u00eancia de sua Palavra. S\u00f3 responde bem \u00e0 pergunta <\/span><i><span data-contrast=\"auto\">Quem \u00e9 Jesus <\/span><\/i><span data-contrast=\"auto\">quem vive e testemunha sua Palavra.<\/span><span data-ccp-props=\"{&quot;335551550&quot;:6,&quot;335551620&quot;:6,&quot;335559731&quot;:708}\">\u00a0<\/span><\/p>\n<p style=\"text-align: justify;\"><span data-contrast=\"auto\">Depois Jesus disse a Pedro: \u201cTu \u00e9s Pedro e sobre esta pedra construirei a minha Igreja\u201d (Mt 16,18). Pedro, que representava o grupo dos Doze, \u00e9 identificado como \u201cpedra\u201d sobre a qual Jesus \u201cconstruir\u00e1\u201d a comunidade, a Igreja. A pedra \u00e9 tomada com o significado de fundamento. Pedro, ou seja, o grupo dos Doze, s\u00e3o o fundamento, a base sobre a qual Jesus constr\u00f3i a sua Igreja. Jesus confia a Pedro o poder das \u201cchaves\u201d, um poder institucional, que \u00e9 servi\u00e7o ao povo de Deus. Deste modelo \u00e9 que vem a import\u00e2ncia das lideran\u00e7as para a vida crist\u00e3 das comunidades, ou seja, estar a servi\u00e7o da comunidade.<\/span><span data-ccp-props=\"{&quot;335551550&quot;:6,&quot;335551620&quot;:6,&quot;335559731&quot;:708}\">\u00a0<\/span><\/p>\n<p style=\"text-align: justify;\"><span data-contrast=\"auto\">Caros irm\u00e3os e irm\u00e3s. A segunda leitura (2Tm 4,6-8.17-18) nos lembra o Ap\u00f3stolo Paulo, o grande mission\u00e1rio. Ele fez do Evangelho de Jesus, depois de sua convers\u00e3o, sua vida e sua miss\u00e3o. Fez in\u00fameras viagens mission\u00e1rias, testemunhando a f\u00e9 em Cristo ressuscitado e levando o Evangelho aos pag\u00e3os. Por onde andava, criava comunidades crist\u00e3s, designava lideran\u00e7as para conduzirem os trabalhos e escrevia cartas, textos catequ\u00e9ticos, para orientar a vida crist\u00e3 destas comunidades. Para todos n\u00f3s, hoje, Paulo \u00e9 exemplo de mission\u00e1rio que soube trabalhar e dar a vida pela causa assumida. A leitura faz um resumo de sua plena dedica\u00e7\u00e3o \u00e0 evangeliza\u00e7\u00e3o aos pag\u00e3os, em circunst\u00e2ncias muito dif\u00edceis. Ao final de sua vida, Paulo pode dizer que \u201ccombateu o bom combate e conservou a f\u00e9\u201d (cf. 2Tm 4,7).\u00a0<\/span><span data-ccp-props=\"{&quot;335551550&quot;:6,&quot;335551620&quot;:6,&quot;335559731&quot;:708}\">\u00a0<\/span><\/p>\n<p style=\"text-align: justify;\"><span data-contrast=\"auto\">Por isso, neste domingo, a Igreja nos faz retomar estas duas grandes figuras da Igreja Primitiva: Pedro e Paulo. Eles foram dois grandes disc\u00edpulos com muitas qualidades e virtudes que ao descobrirem quem era Jesus, decidiram segui-lo, dando a vida por sua proposta. Convictos da import\u00e2ncia do Evangelho para a vida das pessoas e do mundo, n\u00e3o tiveram medo de testemunhar o Cristo Ressuscitado e de anunciar a Boa Nova a todos, judeus e pag\u00e3os. Por causa disto, foram muitas vezes perseguidos e presos, como vemos na leitura dos Atos dos Ap\u00f3stolos (12,1-11) ao falar da pris\u00e3o de Pedro. E a leitura da Segunda Carta a Tim\u00f3teo (4,6-8.17-18) fala de Paulo, que v\u00ea aproximar-se a sua hora final e diz: \u201caproxima-se o momento de minha partida\u201d (2Tm 4,6).\u00a0<\/span><span data-ccp-props=\"{&quot;335551550&quot;:6,&quot;335551620&quot;:6,&quot;335559731&quot;:708}\">\u00a0<\/span><\/p>\n<p style=\"text-align: justify;\"><span data-contrast=\"auto\">Car\u00edssimos. Pedro e Paulo deram a vida pela causa de Jesus. A presen\u00e7a e atua\u00e7\u00e3o deles foi de fundamental import\u00e2ncia para a Igreja nascente. Todos somos convidados a nos inspirar no testemunho deles e com o mesmo entusiasmo, nos empenharmos para que o Evangelho seja conhecido, amado e seguido em todo o mundo, como era o projeto de Jesus.<\/span><span data-ccp-props=\"{&quot;335551550&quot;:6,&quot;335551620&quot;:6,&quot;335559731&quot;:708}\">\u00a0<\/span><\/p>\n<p style=\"text-align: justify;\"><span data-contrast=\"auto\">Deus aben\u00e7oe a todos e bom domingo!<\/span><span data-ccp-props=\"{&quot;335551550&quot;:6,&quot;335551620&quot;:6,&quot;335559731&quot;:708}\">\u00a0<\/span><\/p>\n<p>&nbsp;<\/p>\n","protected":false},"excerpt":{"rendered":"<p>Dom Adimir Antonio Mazali Bispo de Erexim (RS)\u00a0 &nbsp; Minha sauda\u00e7\u00e3o a todos os irm\u00e3os e irm\u00e3s que acompanham a Voz da Diocese. Neste domingo celebramos a Solenidade de S\u00e3o Pedro e S\u00e3o Paulo. Eles s\u00e3o considerados duas colunas b\u00e1sicas da Igreja. Os dois se encontraram com Cristo e o seguiram de maneiras diferentes. Pedro &hellip;<\/p>\n<p class=\"read-more\"> <a class=\"\" href=\"https:\/\/www.cnbb.org.br\/solenidade-de-sao-pedro-e-sao-paulo-3\/\"> <span class=\"screen-reader-text\">\u00a0Solenidade de S\u00e3o Pedro e S\u00e3o Paulo\u00a0<\/span> Leia mais &raquo;<\/a><\/p>\n","protected":false},"author":103,"featured_media":0,"comment_status":"open","ping_status":"open","sticky":false,"template":"","format":"standard","meta":{"site-sidebar-layout":"default","site-content-layout":"default","ast-global-header-display":"","ast-banner-title-visibility":"","ast-main-header-display":"","ast-hfb-above-header-display":"","ast-hfb-below-header-display":"","ast-hfb-mobile-header-display":"","site-post-title":"","ast-breadcrumbs-content":"","ast-featured-img":"","footer-sml-layout":"","theme-transparent-header-meta":"default","adv-header-id-meta":"","stick-header-meta":"","header-above-stick-meta":"","header-main-stick-meta":"","header-below-stick-meta":""},"categories":[758,1837],"tags":[],"acf":[],"_links":{"self":[{"href":"https:\/\/www.cnbb.org.br\/cnbb-app\/wp\/v2\/posts\/965960"}],"collection":[{"href":"https:\/\/www.cnbb.org.br\/cnbb-app\/wp\/v2\/posts"}],"about":[{"href":"https:\/\/www.cnbb.org.br\/cnbb-app\/wp\/v2\/types\/post"}],"author":[{"embeddable":true,"href":"https:\/\/www.cnbb.org.br\/cnbb-app\/wp\/v2\/users\/103"}],"replies":[{"embeddable":true,"href":"https:\/\/www.cnbb.org.br\/cnbb-app\/wp\/v2\/comments?post=965960"}],"version-history":[{"count":3,"href":"https:\/\/www.cnbb.org.br\/cnbb-app\/wp\/v2\/posts\/965960\/revisions"}],"predecessor-version":[{"id":965963,"href":"https:\/\/www.cnbb.org.br\/cnbb-app\/wp\/v2\/posts\/965960\/revisions\/965963"}],"wp:attachment":[{"href":"https:\/\/www.cnbb.org.br\/cnbb-app\/wp\/v2\/media?parent=965960"}],"wp:term":[{"taxonomy":"category","embeddable":true,"href":"https:\/\/www.cnbb.org.br\/cnbb-app\/wp\/v2\/categories?post=965960"},{"taxonomy":"post_tag","embeddable":true,"href":"https:\/\/www.cnbb.org.br\/cnbb-app\/wp\/v2\/tags?post=965960"}],"curies":[{"name":"wp","href":"https:\/\/api.w.org\/{rel}","templated":true}]}}