{"id":966192,"date":"2024-07-04T11:55:16","date_gmt":"2024-07-04T14:55:16","guid":{"rendered":"https:\/\/www.cnbb.org.br\/?p=966192"},"modified":"2024-07-04T11:55:16","modified_gmt":"2024-07-04T14:55:16","slug":"escola-regional-de-formacao-de-catequistas-cnbb-ne2","status":"publish","type":"post","link":"https:\/\/www.cnbb.org.br\/escola-regional-de-formacao-de-catequistas-cnbb-ne2\/","title":{"rendered":"Escola Regional de forma\u00e7\u00e3o de catequistas realiza novo m\u00f3dulo de cursos de aprofundamento"},"content":{"rendered":"<p style=\"text-align: justify;\">A Escola Regional de Forma\u00e7\u00e3o de Catequistas da CNBB Nordeste 2 \u00a0\u2013 Irm\u00e3 Igara Lemos Gibson (Ir. Visitatio) inicia, nesta quinta-feira (4), um novo m\u00f3dulo para a capacita\u00e7\u00e3o de agentes que atuam nas dioceses e arquidiocese de Alagoas, Para\u00edba, Pernambuco e Rio Grande do Norte. Nesta etapa, a Comiss\u00e3o Regional para a Anima\u00e7\u00e3o B\u00edblico-Catequ\u00e9tica est\u00e1 ofertando cinco disciplinas com aulas presenciais para 140 pessoas, no Convento Ipuarana, em Lagoa Seca (PB).<\/p>\n<p style=\"text-align: justify;\">Do total de inscritos, 118 ter\u00e3o forma\u00e7\u00e3o sobre \u201cMarcos Celebrativos do Catecumenato\u201d, \u201cCatequese e Liturgia\u201d, e \u201cCatequese Mistagogia e Eucaristia: fonte de vida e miss\u00e3o\u201d. As aulas ser\u00e3o ministradas pelos padres Elison Silva, Jos\u00e9 Jorge Santos Rodrigues e Jos\u00e9 Marcondes Neves.<\/p>\n<p style=\"text-align: justify;\">Outros 22 alunos, j\u00e1 concluintes da escola, participam do Curso de Aprofundamento Catequ\u00e9tico, que nesta edi\u00e7\u00e3o tem como disciplinas \u201cA ora\u00e7\u00e3o na Igreja Cat\u00f3lica\u201d e \u201cO Vaticano II \u2013 Hist\u00f3ria e Significado para a Igreja\u201d. Os respons\u00e1veis pelas forma\u00e7\u00f5es ser\u00e3o os padres Jo\u00e3o Afonso da Silva e Henrique Gustavo Ferreira Leal.<\/p>\n<p><a href=\"https:\/\/cnbbne2.org.br\/escola-regional-de-formacao-de-catequistas-realiza-novo-modulo-e-curso-de-aprofundamento\/\" target=\"_blank\" rel=\"noopener\">Confira a not\u00edcia na \u00edntegra.\u00a0<\/a><\/p>\n","protected":false},"excerpt":{"rendered":"<p>A Escola Regional de Forma\u00e7\u00e3o de Catequistas da CNBB Nordeste 2 \u00a0\u2013 Irm\u00e3 Igara Lemos Gibson (Ir. Visitatio) inicia, nesta quinta-feira (4), um novo m\u00f3dulo para a capacita\u00e7\u00e3o de agentes que atuam nas dioceses e arquidiocese de Alagoas, Para\u00edba, Pernambuco e Rio Grande do Norte. Nesta etapa, a Comiss\u00e3o Regional para a Anima\u00e7\u00e3o B\u00edblico-Catequ\u00e9tica est\u00e1 &hellip;<\/p>\n<p class=\"read-more\"> <a class=\"\" href=\"https:\/\/www.cnbb.org.br\/escola-regional-de-formacao-de-catequistas-cnbb-ne2\/\"> <span class=\"screen-reader-text\">Escola Regional de forma\u00e7\u00e3o de catequistas realiza novo m\u00f3dulo de cursos de aprofundamento<\/span> Leia mais &raquo;<\/a><\/p>\n","protected":false},"author":38,"featured_media":966193,"comment_status":"open","ping_status":"open","sticky":false,"template":"","format":"standard","meta":{"site-sidebar-layout":"default","site-content-layout":"default","ast-global-header-display":"","ast-banner-title-visibility":"","ast-main-header-display":"","ast-hfb-above-header-display":"","ast-hfb-below-header-display":"","ast-hfb-mobile-header-display":"","site-post-title":"","ast-breadcrumbs-content":"","ast-featured-img":"","footer-sml-layout":"","theme-transparent-header-meta":"default","adv-header-id-meta":"","stick-header-meta":"","header-above-stick-meta":"","header-main-stick-meta":"","header-below-stick-meta":""},"categories":[770],"tags":[3390],"acf":[],"_links":{"self":[{"href":"https:\/\/www.cnbb.org.br\/cnbb-app\/wp\/v2\/posts\/966192"}],"collection":[{"href":"https:\/\/www.cnbb.org.br\/cnbb-app\/wp\/v2\/posts"}],"about":[{"href":"https:\/\/www.cnbb.org.br\/cnbb-app\/wp\/v2\/types\/post"}],"author":[{"embeddable":true,"href":"https:\/\/www.cnbb.org.br\/cnbb-app\/wp\/v2\/users\/38"}],"replies":[{"embeddable":true,"href":"https:\/\/www.cnbb.org.br\/cnbb-app\/wp\/v2\/comments?post=966192"}],"version-history":[{"count":1,"href":"https:\/\/www.cnbb.org.br\/cnbb-app\/wp\/v2\/posts\/966192\/revisions"}],"predecessor-version":[{"id":966194,"href":"https:\/\/www.cnbb.org.br\/cnbb-app\/wp\/v2\/posts\/966192\/revisions\/966194"}],"wp:featuredmedia":[{"embeddable":true,"href":"https:\/\/www.cnbb.org.br\/cnbb-app\/wp\/v2\/media\/966193"}],"wp:attachment":[{"href":"https:\/\/www.cnbb.org.br\/cnbb-app\/wp\/v2\/media?parent=966192"}],"wp:term":[{"taxonomy":"category","embeddable":true,"href":"https:\/\/www.cnbb.org.br\/cnbb-app\/wp\/v2\/categories?post=966192"},{"taxonomy":"post_tag","embeddable":true,"href":"https:\/\/www.cnbb.org.br\/cnbb-app\/wp\/v2\/tags?post=966192"}],"curies":[{"name":"wp","href":"https:\/\/api.w.org\/{rel}","templated":true}]}}