{"id":966206,"date":"2024-07-04T13:51:39","date_gmt":"2024-07-04T16:51:39","guid":{"rendered":"https:\/\/www.cnbb.org.br\/?p=966206"},"modified":"2024-07-04T13:58:45","modified_gmt":"2024-07-04T16:58:45","slug":"somos-8073-bilhoes-de-pessoas-moradores-da-casa-comum","status":"publish","type":"post","link":"https:\/\/www.cnbb.org.br\/somos-8073-bilhoes-de-pessoas-moradores-da-casa-comum\/","title":{"rendered":"Somos 8,073 bilh\u00f5es de pessoas moradores da Casa Comum\u00a0"},"content":{"rendered":"<p style=\"text-align: right;\"><strong>Dom Roberto Francisco Ferreria Paz\u00a0<\/strong><br \/>\n<strong>Bispo de Campos (RJ)<\/strong><\/p>\n<p style=\"text-align: justify;\"><span data-ccp-props=\"{&quot;201341983&quot;:0,&quot;335551550&quot;:2,&quot;335551620&quot;:2,&quot;335559739&quot;:0,&quot;335559740&quot;:240}\">\u00a0<\/span><\/p>\n<p style=\"text-align: justify;\"><span data-ccp-props=\"{&quot;201341983&quot;:0,&quot;335559739&quot;:0,&quot;335559740&quot;:240}\">\u00a0<\/span><\/p>\n<p style=\"text-align: justify;\"><span data-contrast=\"none\">No 11 de julho de cada ano comemoramos o Dia Mundial da Popula\u00e7\u00e3o, que segundo a DSW Funda\u00e7\u00e3o Alem\u00e3 para a Popula\u00e7\u00e3o Mundial, atingiu em 26 de janeiro de 2024 a quantia num\u00e9rica de 8,073 bilh\u00f5es de pessoas. Nesta data que ocorre a iniciativa da ONU, uma reflex\u00e3o sobre o planejamento e desenvolvimento necess\u00e1rios para atender as demandas populacionais.\u00a0<\/span><span data-ccp-props=\"{&quot;201341983&quot;:0,&quot;335551550&quot;:6,&quot;335551620&quot;:6,&quot;335559739&quot;:0,&quot;335559740&quot;:240}\">\u00a0<\/span><\/p>\n<p style=\"text-align: justify;\"><span data-contrast=\"none\">As vezes as perspectivas com que se confrontam as estat\u00edsticas demogr\u00e1ficas s\u00e3o pessimistas e assustadoras e levam a induzir a redu\u00e7\u00e3o populacional com m\u00e9todos coativos e intimidat\u00f3rios.<\/span><span data-ccp-props=\"{&quot;201341983&quot;:0,&quot;335551550&quot;:6,&quot;335551620&quot;:6,&quot;335559739&quot;:0,&quot;335559740&quot;:240}\">\u00a0<\/span><\/p>\n<p style=\"text-align: justify;\"><span data-contrast=\"none\">No entanto como nos ensina o Papa Francisco na Bula <\/span><i><span data-contrast=\"none\">Spes Non Confundit<\/span><\/i><span data-contrast=\"none\">, de promulga\u00e7\u00e3o do jubileu de 2025: \u201cOlhar para o futuro com esperan\u00e7a equivale a ter tamb\u00e9m uma vis\u00e3o carregada de entusiasmo para transmitir. Al\u00e9m disso esquecemos que esse n\u00famero ao qual nos referimos antes j\u00e1 registra n\u00e3o s\u00f3 diminui\u00e7\u00e3o do ritmo de crescimento, mas em v\u00e1rias partes do mundo uma perda do desejo de transmitir a vida.<\/span><span data-ccp-props=\"{&quot;201341983&quot;:0,&quot;335551550&quot;:6,&quot;335551620&quot;:6,&quot;335559739&quot;:0,&quot;335559740&quot;:240}\">\u00a0<\/span><\/p>\n<p style=\"text-align: justify;\"><span data-contrast=\"none\">Assiste-se em v\u00e1rios pa\u00edses a uma preocupante queda da natalidade, marcada por uma prefer\u00eancia de consumo exarcerbada e individualista, que vai substituindo os filhos. Somos chamados a ser colaboradores com o Criador na nobil\u00edssima miss\u00e3o de transmitir e cuidar da vida, porque o desejo dos jovens de gerar novos filhos e filhas, como fruto da fecundidade do seu amor, d\u00e1 futuro a toda a sociedade e \u00e9 uma quest\u00e3o de esperan\u00e7a, como afirma o Papa: depende da esperan\u00e7a e gera esperan\u00e7a.\u00a0<\/span><span data-ccp-props=\"{&quot;201341983&quot;:0,&quot;335551550&quot;:6,&quot;335551620&quot;:6,&quot;335559739&quot;:0,&quot;335559740&quot;:240}\">\u00a0<\/span><\/p>\n<p style=\"text-align: justify;\"><span data-contrast=\"none\">Precisam-se crian\u00e7as para o amanhecer, o desabrochar de uma cultura da vida plena, onde o sorriso de meninos e meninas em todas as partes de mundo venham preencher os demasiados ber\u00e7os vazios, devolvendo-nos a alegria de viver e celebrar a visita de Deus em cada crian\u00e7a que nasce.\u00a0<\/span><span data-ccp-props=\"{&quot;201341983&quot;:0,&quot;335551550&quot;:6,&quot;335551620&quot;:6,&quot;335559739&quot;:0,&quot;335559740&quot;:240}\">\u00a0<\/span><\/p>\n<p style=\"text-align: justify;\"><span data-contrast=\"none\">N\u00e3o a exclus\u00e3o de novas vidas, sim a distribui\u00e7\u00e3o e inclus\u00e3o no banquete da vida como proclamava S\u00e3o Paulo VI. O grande recurso do planeta Terra Nossa Casa Comum, sempre ser\u00e1 a popula\u00e7\u00e3o, a fam\u00edlia humana, uma vez que cada pessoa \u00e9 \u00fanica e singular e tem um valor precioso inestim\u00e1vel.\u00a0<\/span><span data-ccp-props=\"{&quot;201341983&quot;:0,&quot;335551550&quot;:6,&quot;335551620&quot;:6,&quot;335559739&quot;:0,&quot;335559740&quot;:240}\">\u00a0<\/span><\/p>\n<p style=\"text-align: justify;\"><span data-contrast=\"none\">Porque temos e testemunhamos a esperan\u00e7a que n\u00e3o engana, anunciamos sempre a primazia do amor e da vida, que nos realiza e nos faz experimentar ao Deus da Vida e da Miseric\u00f3rdia que cuida, ampara e protege a todos os seus filhos e criaturas. <\/span><span data-contrast=\"none\">Deus seja louvado!<\/span><span data-ccp-props=\"{&quot;201341983&quot;:0,&quot;335551550&quot;:6,&quot;335551620&quot;:6,&quot;335559739&quot;:0,&quot;335559740&quot;:240}\">\u00a0<\/span><\/p>\n","protected":false},"excerpt":{"rendered":"<p>Dom Roberto Francisco Ferreria Paz\u00a0 Bispo de Campos (RJ) \u00a0 \u00a0 No 11 de julho de cada ano comemoramos o Dia Mundial da Popula\u00e7\u00e3o, que segundo a DSW Funda\u00e7\u00e3o Alem\u00e3 para a Popula\u00e7\u00e3o Mundial, atingiu em 26 de janeiro de 2024 a quantia num\u00e9rica de 8,073 bilh\u00f5es de pessoas. Nesta data que ocorre a iniciativa &hellip;<\/p>\n<p class=\"read-more\"> <a class=\"\" href=\"https:\/\/www.cnbb.org.br\/somos-8073-bilhoes-de-pessoas-moradores-da-casa-comum\/\"> <span class=\"screen-reader-text\">Somos 8,073 bilh\u00f5es de pessoas moradores da Casa Comum\u00a0<\/span> Leia mais &raquo;<\/a><\/p>\n","protected":false},"author":23,"featured_media":0,"comment_status":"open","ping_status":"open","sticky":false,"template":"","format":"standard","meta":{"site-sidebar-layout":"default","site-content-layout":"default","ast-global-header-display":"","ast-banner-title-visibility":"","ast-main-header-display":"","ast-hfb-above-header-display":"","ast-hfb-below-header-display":"","ast-hfb-mobile-header-display":"","site-post-title":"","ast-breadcrumbs-content":"","ast-featured-img":"","footer-sml-layout":"","theme-transparent-header-meta":"default","adv-header-id-meta":"","stick-header-meta":"","header-above-stick-meta":"","header-main-stick-meta":"","header-below-stick-meta":""},"categories":[758],"tags":[],"acf":[],"_links":{"self":[{"href":"https:\/\/www.cnbb.org.br\/cnbb-app\/wp\/v2\/posts\/966206"}],"collection":[{"href":"https:\/\/www.cnbb.org.br\/cnbb-app\/wp\/v2\/posts"}],"about":[{"href":"https:\/\/www.cnbb.org.br\/cnbb-app\/wp\/v2\/types\/post"}],"author":[{"embeddable":true,"href":"https:\/\/www.cnbb.org.br\/cnbb-app\/wp\/v2\/users\/23"}],"replies":[{"embeddable":true,"href":"https:\/\/www.cnbb.org.br\/cnbb-app\/wp\/v2\/comments?post=966206"}],"version-history":[{"count":2,"href":"https:\/\/www.cnbb.org.br\/cnbb-app\/wp\/v2\/posts\/966206\/revisions"}],"predecessor-version":[{"id":966208,"href":"https:\/\/www.cnbb.org.br\/cnbb-app\/wp\/v2\/posts\/966206\/revisions\/966208"}],"wp:attachment":[{"href":"https:\/\/www.cnbb.org.br\/cnbb-app\/wp\/v2\/media?parent=966206"}],"wp:term":[{"taxonomy":"category","embeddable":true,"href":"https:\/\/www.cnbb.org.br\/cnbb-app\/wp\/v2\/categories?post=966206"},{"taxonomy":"post_tag","embeddable":true,"href":"https:\/\/www.cnbb.org.br\/cnbb-app\/wp\/v2\/tags?post=966206"}],"curies":[{"name":"wp","href":"https:\/\/api.w.org\/{rel}","templated":true}]}}