{"id":966220,"date":"2024-07-04T14:08:11","date_gmt":"2024-07-04T17:08:11","guid":{"rendered":"https:\/\/www.cnbb.org.br\/?p=966220"},"modified":"2024-07-04T14:09:06","modified_gmt":"2024-07-04T17:09:06","slug":"habemus-episcopum","status":"publish","type":"post","link":"https:\/\/www.cnbb.org.br\/habemus-episcopum\/","title":{"rendered":"Habemus Episcopum!"},"content":{"rendered":"<p style=\"text-align: right;\"><strong>Dom Alo\u00edsio Alberto Dilli<br \/>\nAdministrador Apost\u00f3lico de Santa Cruz do Sul (RS)<\/strong><\/p>\n<p>&nbsp;<\/p>\n<p style=\"text-align: justify;\"><span data-contrast=\"auto\">Caros diocesanos. Sim, temos novo bispo, nomeado pelo Papa Francisco, para a Diocese de Santa Cruz do Sul, como j\u00e1 foi amplamente noticiado pelos diversos meios de comunica\u00e7\u00e3o. No dia 19 de junho de 2024, a <\/span><i><span data-contrast=\"auto\">R\u00e1dio Vaticano<\/span><\/i><span data-contrast=\"auto\"> e o jornal <\/span><i><span data-contrast=\"auto\">L\u2019Osservatore Romano<\/span><\/i><span data-contrast=\"auto\">, \u00e0s 12h no hor\u00e1rio de Roma-It\u00e1lia, anunciavam a nomea\u00e7\u00e3o do Padre, agora <\/span><i><span data-contrast=\"auto\">Monsenhor Itacir Brassiani MSF<\/span><\/i><span data-contrast=\"auto\">, como novo bispo, a ser ordenado e empossado na Diocese de Santa Cruz do Sul. O futuro <\/span><i><span data-contrast=\"auto\">Dom Itacir<\/span><\/i><span data-contrast=\"auto\"> ser\u00e1 o quinto bispo de nossa Igreja Particular.<\/span><span data-ccp-props=\"{&quot;201341983&quot;:0,&quot;335551550&quot;:6,&quot;335551620&quot;:6,&quot;335559739&quot;:0,&quot;335559740&quot;:240}\">\u00a0<\/span><\/p>\n<p style=\"text-align: justify;\"><span data-contrast=\"auto\">Primeiramente, desejamos agradecer a Deus, a quem rezamos para que fosse nomeado um novo bispo, n\u00e3o conforme o desejo de cada um, mas fosse aquele que o \u201c<\/span><i><span data-contrast=\"auto\">o Esp\u00edrito do Senhor e seu santo modo de operar<\/span><\/i><span data-contrast=\"auto\">\u201d indicasse para o presente momento da hist\u00f3ria de nossa diocese. Nossa gratid\u00e3o por aquele que vem em nome do Senhor!\u00a0<\/span><span data-ccp-props=\"{&quot;201341983&quot;:0,&quot;335551550&quot;:6,&quot;335551620&quot;:6,&quot;335559739&quot;:0,&quot;335559740&quot;:240}\">\u00a0<\/span><\/p>\n<p style=\"text-align: justify;\"><span data-contrast=\"auto\">Nosso agradecimento se estende tamb\u00e9m \u00e0 Igreja, atrav\u00e9s da qual o Esp\u00edrito do Senhor se manifesta, nas suas diversas inst\u00e2ncias, como Povo de Deus, desde o Papa Francisco, o Dicast\u00e9rio para os Bispos, a Nunciatura Apost\u00f3lica no Brasil, a CNBB e a CRB, seja em n\u00edvel nacional como regional, e finalmente aos fi\u00e9is de nossa Diocese.<\/span><span data-ccp-props=\"{&quot;201341983&quot;:0,&quot;335551550&quot;:6,&quot;335551620&quot;:6,&quot;335559739&quot;:0,&quot;335559740&quot;:240}\">\u00a0<\/span><\/p>\n<p style=\"text-align: justify;\"><span data-contrast=\"auto\">Igualmente, \u00e9 preciso agradecer ao Mons. Itacir pelo seu generoso \u2018SIM\u2019 ao chamado de Deus, atrav\u00e9s da Igreja, para exercer o Minist\u00e9rio Episcopal na Diocese de Santa Cruz do Sul. A Sagrada Escritura e a Tradi\u00e7\u00e3o nos ensinam que os\/as chamados\/as de Deus sempre se sentem pequenos diante das grandes responsabilidades de conduzir o Povo de Deus, nas diversas situa\u00e7\u00f5es da Hist\u00f3ria da Salva\u00e7\u00e3o. Mas a mesma Palavra de Deus nos mostra que o pr\u00f3prio Deus se compromete em estar presente, junto aos seus escolhidos, na dire\u00e7\u00e3o do seu povo. Por isso, continuemos a rezar pelo nosso futuro bispo, para que o Senhor, o Bom Pastor, o conduza a seu modo; e como afirma o Papa Francisco: \u00e0s vezes, esteja na frente do Povo de Deus, para indicar o caminho e dar esperan\u00e7a; outras vezes, ele se encontre em seu meio, para perceber de perto como vai o povo e sentir-se junto a ele em sua caminhada peregrina; e, por vezes, esteja tamb\u00e9m atr\u00e1s para que ningu\u00e9m se disperse ou mesmo para perceber que h\u00e1 outros caminhos poss\u00edveis (cf. EG 31).<\/span><span data-ccp-props=\"{&quot;201341983&quot;:0,&quot;335551550&quot;:6,&quot;335551620&quot;:6,&quot;335559739&quot;:0,&quot;335559740&quot;:240}\">\u00a0<\/span><\/p>\n<p style=\"text-align: justify;\"><span data-contrast=\"auto\">Continuem tamb\u00e9m a rezar por aquele que em breve partir\u00e1, inspirando-se no padroeiro da diocese: S\u00e3o Jo\u00e3o Batista que, ao indicar o Senhor presente, preparou o seu caminho e se reconheceu pequeno para que a nova Luz pudesse iluminar a vida do povo de Deus. \u00c9 preciso considerar sempre, que o minist\u00e9rio episcopal \u00e9 uma gra\u00e7a de Deus, que chega a n\u00f3s atrav\u00e9s da Igreja. Esta mesma Igreja, na pessoa do Sumo Pont\u00edfice, tamb\u00e9m nos convida a tornar-nos bispos em\u00e9ritos, quando chegamos \u00e0 proximidade dos 75 anos, como afirma o C\u00f3digo de Direito Can\u00f4nico: \u201c<\/span><i><span data-contrast=\"auto\">O Bispo diocesano, que tiver completado setenta e cinco anos de idade, \u00e9 solicitado a apresentar a ren\u00fancia do of\u00edcio ao Sumo Pont\u00edfice, que, ponderando todas as circunst\u00e2ncias, tomar\u00e1 provid\u00eancias<\/span><\/i><span data-contrast=\"auto\"> (C\u00e2n 401, \u00a71 do CIC). N\u00e3o se perde o minist\u00e9rio episcopal, somente deixamos de ser titulares de diocese, quando o Sumo Pont\u00edfice o providenciar, diante do pedido para tornar-nos em\u00e9ritos. Pela pr\u00f3pria experi\u00eancia, penso ser uma sabedoria da Igreja que, chegando nessa idade, nos tornemos Bispos em\u00e9ritos, mesmo que possamos ainda colaborar no exerc\u00edcio do minist\u00e9rio, como me dispus a servir, dentro das possibilidades at\u00e9 a nomea\u00e7\u00e3o do novo bispo para a diocese ou at\u00e9 quando o Santo Padre o desejasse. Agora chegou o tempo de inspirar-me novamente em S\u00e3o Jo\u00e3o Batista: \u201c<\/span><i><span data-contrast=\"auto\">\u00c9 preciso que ele cres\u00e7a e eu diminua<\/span><\/i><span data-contrast=\"auto\">\u201d (Jo, 3,30). Reconhecido oficialmente pelo Papa Francisco como <\/span><i><span data-contrast=\"auto\">Bispo Em\u00e9rito<\/span><\/i><span data-contrast=\"auto\">, exercerei o Minist\u00e9rio na Diocese de Santa Cruz do Sul como <\/span><i><span data-contrast=\"auto\">Administrador Apost\u00f3lico<\/span><\/i><span data-contrast=\"auto\">, at\u00e9 a posse do novo bispo.<\/span><span data-ccp-props=\"{&quot;201341983&quot;:0,&quot;335551550&quot;:6,&quot;335551620&quot;:6,&quot;335559739&quot;:0,&quot;335559740&quot;:240}\">\u00a0<\/span><\/p>\n<p style=\"text-align: justify;\"><span data-contrast=\"auto\">Seja bem-vindo, em nome do Senhor, Mons. Itacir Brassiani e torne-se, pela nossa ora\u00e7\u00e3o e pela gra\u00e7a de Deus, o bispo que a diocese necessita, neste momento de sua hist\u00f3ria. Obrigado a todos\/as e o Senhor vos aben\u00e7oe e vos recompense!<\/span><span data-ccp-props=\"{&quot;201341983&quot;:0,&quot;335551550&quot;:6,&quot;335551620&quot;:6,&quot;335559739&quot;:0,&quot;335559740&quot;:240}\">\u00a0<\/span><\/p>\n<p style=\"text-align: justify;\">\n","protected":false},"excerpt":{"rendered":"<p>Dom Alo\u00edsio Alberto Dilli Administrador Apost\u00f3lico de Santa Cruz do Sul (RS) &nbsp; Caros diocesanos. Sim, temos novo bispo, nomeado pelo Papa Francisco, para a Diocese de Santa Cruz do Sul, como j\u00e1 foi amplamente noticiado pelos diversos meios de comunica\u00e7\u00e3o. No dia 19 de junho de 2024, a R\u00e1dio Vaticano e o jornal L\u2019Osservatore &hellip;<\/p>\n<p class=\"read-more\"> <a class=\"\" href=\"https:\/\/www.cnbb.org.br\/habemus-episcopum\/\"> <span class=\"screen-reader-text\">Habemus Episcopum!<\/span> Leia mais &raquo;<\/a><\/p>\n","protected":false},"author":33,"featured_media":0,"comment_status":"open","ping_status":"open","sticky":false,"template":"","format":"standard","meta":{"site-sidebar-layout":"default","site-content-layout":"default","ast-global-header-display":"","ast-banner-title-visibility":"","ast-main-header-display":"","ast-hfb-above-header-display":"","ast-hfb-below-header-display":"","ast-hfb-mobile-header-display":"","site-post-title":"","ast-breadcrumbs-content":"","ast-featured-img":"","footer-sml-layout":"","theme-transparent-header-meta":"default","adv-header-id-meta":"","stick-header-meta":"","header-above-stick-meta":"","header-main-stick-meta":"","header-below-stick-meta":""},"categories":[758],"tags":[],"acf":[],"_links":{"self":[{"href":"https:\/\/www.cnbb.org.br\/cnbb-app\/wp\/v2\/posts\/966220"}],"collection":[{"href":"https:\/\/www.cnbb.org.br\/cnbb-app\/wp\/v2\/posts"}],"about":[{"href":"https:\/\/www.cnbb.org.br\/cnbb-app\/wp\/v2\/types\/post"}],"author":[{"embeddable":true,"href":"https:\/\/www.cnbb.org.br\/cnbb-app\/wp\/v2\/users\/33"}],"replies":[{"embeddable":true,"href":"https:\/\/www.cnbb.org.br\/cnbb-app\/wp\/v2\/comments?post=966220"}],"version-history":[{"count":2,"href":"https:\/\/www.cnbb.org.br\/cnbb-app\/wp\/v2\/posts\/966220\/revisions"}],"predecessor-version":[{"id":966223,"href":"https:\/\/www.cnbb.org.br\/cnbb-app\/wp\/v2\/posts\/966220\/revisions\/966223"}],"wp:attachment":[{"href":"https:\/\/www.cnbb.org.br\/cnbb-app\/wp\/v2\/media?parent=966220"}],"wp:term":[{"taxonomy":"category","embeddable":true,"href":"https:\/\/www.cnbb.org.br\/cnbb-app\/wp\/v2\/categories?post=966220"},{"taxonomy":"post_tag","embeddable":true,"href":"https:\/\/www.cnbb.org.br\/cnbb-app\/wp\/v2\/tags?post=966220"}],"curies":[{"name":"wp","href":"https:\/\/api.w.org\/{rel}","templated":true}]}}