{"id":966660,"date":"2024-07-12T13:42:48","date_gmt":"2024-07-12T16:42:48","guid":{"rendered":"https:\/\/www.cnbb.org.br\/?p=966660"},"modified":"2024-07-12T16:46:45","modified_gmt":"2024-07-12T19:46:45","slug":"encontro-chega-ao-fim-com-reflexao-sobre-perspectivas-para-a-acao-evangelizadora-da-igreja-no-brasil","status":"publish","type":"post","link":"https:\/\/www.cnbb.org.br\/encontro-chega-ao-fim-com-reflexao-sobre-perspectivas-para-a-acao-evangelizadora-da-igreja-no-brasil\/","title":{"rendered":"Encontro chega ao fim com reflex\u00e3o sobre perspectivas para a a\u00e7\u00e3o evangelizadora da Igreja no Brasil"},"content":{"rendered":"<p style=\"text-align: justify;\"><span data-contrast=\"auto\">O Encontro Nacional de Coordenadores de Pastoral, promovido pelo Secretariado Geral da CNBB, terminou na manh\u00e3 desta sexta-feira, 12 de julho, com a confer\u00eancia do arcebispo de Goi\u00e2nia e primeiro vice-presidente da CNBB, dom Jo\u00e3o Justino\u00a0de Medeiros Silva.<\/span><span data-contrast=\"auto\"> A iniciativa reuniu 203 coordenadores e coordenadoras de pastoral de todo o pa\u00eds na Casa dom Luciano, em Bras\u00edlia, desde segunda-feira, 8.<\/span><span data-ccp-props=\"{&quot;201341983&quot;:0,&quot;335551550&quot;:6,&quot;335551620&quot;:6,&quot;335559739&quot;:160,&quot;335559740&quot;:278}\">\u00a0<\/span><\/p>\n<p><span data-contrast=\"auto\"><img decoding=\"async\" loading=\"lazy\" class=\"aligncenter wp-image-966675 size-large\" src=\"https:\/\/www.cnbb.org.br\/wp-content\/uploads\/2024\/07\/WhatsApp-Image-2024-07-12-at-13.24.00-1024x473.jpeg\" alt=\"\" width=\"1024\" height=\"473\" srcset=\"https:\/\/www.cnbb.org.br\/wp-content\/uploads\/2024\/07\/WhatsApp-Image-2024-07-12-at-13.24.00-1024x473.jpeg 1024w, https:\/\/www.cnbb.org.br\/wp-content\/uploads\/2024\/07\/WhatsApp-Image-2024-07-12-at-13.24.00-300x139.jpeg 300w, https:\/\/www.cnbb.org.br\/wp-content\/uploads\/2024\/07\/WhatsApp-Image-2024-07-12-at-13.24.00-768x355.jpeg 768w, https:\/\/www.cnbb.org.br\/wp-content\/uploads\/2024\/07\/WhatsApp-Image-2024-07-12-at-13.24.00-500x231.jpeg 500w, https:\/\/www.cnbb.org.br\/wp-content\/uploads\/2024\/07\/WhatsApp-Image-2024-07-12-at-13.24.00.jpeg 1280w\" sizes=\"(max-width: 1024px) 100vw, 1024px\" \/><\/span><\/p>\n<p style=\"text-align: justify;\"><span data-contrast=\"auto\">Sob o olhar das perspectivas para a a\u00e7\u00e3o evangelizadora da Igreja no Brasil, o arcebispo incentivou os participantes a refletirem sobre suas experi\u00eancias pastorais, a partir de eixos como a forma\u00e7\u00e3o e a comunica\u00e7\u00e3o. Para ajudar na reflex\u00e3o, utilizou-se de oito pontos centrais que v\u00e3o desde as perspectivas da pessoa, passando pela miss\u00e3o\/missionariedade at\u00e9 a reflex\u00e3o sobre a constru\u00e7\u00e3o de uma sociedade mais justa e fraterna.<\/span><span data-ccp-props=\"{&quot;201341983&quot;:0,&quot;335551550&quot;:6,&quot;335551620&quot;:6,&quot;335559739&quot;:160,&quot;335559740&quot;:278}\">\u00a0<\/span><\/p>\n<blockquote>\n<p style=\"text-align: justify;\"><span data-contrast=\"auto\">\u201cO termo perspectiva vem do latim e significa enxergar claramente. Perspectiva \u00e9 a capacidade de visualizar as coisas a partir do lugar em que voc\u00ea est\u00e1. Para n\u00f3s, aqui, tem a ver com a sensibilidade, vis\u00e3o, escuta\u201d, iniciou dom Jo\u00e3o Justino.<\/span><span data-ccp-props=\"{&quot;201341983&quot;:0,&quot;335551550&quot;:6,&quot;335551620&quot;:6,&quot;335559739&quot;:160,&quot;335559740&quot;:278}\">\u00a0<\/span><\/p>\n<\/blockquote>\n<p style=\"text-align: justify;\"><span data-contrast=\"auto\">Refletindo sobre a perspectiva da pessoa e o desafio da massifica\u00e7\u00e3o, o arcebispo salientou que \u00e9 preciso que os coordenadores\u00a0pensem a pastoral de forma individual e que n\u00e3o deve-se olhar a a\u00e7\u00e3o pastoral sem pensar nas pessoas. \u201cDaqui vem o valor, a defesa, a promo\u00e7\u00e3o da pessoa humana. N\u00e3o pode haver pastoral sem pensar na pessoa humana (seus desafios, motiva\u00e7\u00f5es)\u201d, explicou.<\/span><span data-ccp-props=\"{&quot;201341983&quot;:0,&quot;335551550&quot;:6,&quot;335551620&quot;:6,&quot;335559739&quot;:160,&quot;335559740&quot;:278}\">\u00a0<\/span><\/p>\n<p style=\"text-align: justify;\"><span data-contrast=\"auto\">Dom Jo\u00e3o Justino incentivou os coordenadores a conhecerem a realidade na qual est\u00e3o inseridos para que possam cada vez mais identificar as necessidades pastorais. \u201cDevemos conhecer a realidade, as pessoas, como elas vivem, quais quest\u00f5es elas nos trazem\u201d, disse.<\/span><\/p>\n<h3>Miss\u00e3o e missionariedade<\/h3>\n<figure id=\"attachment_966672\" aria-describedby=\"caption-attachment-966672\" style=\"width: 300px\" class=\"wp-caption alignright\"><img decoding=\"async\" loading=\"lazy\" class=\"wp-image-966672 size-medium\" src=\"https:\/\/www.cnbb.org.br\/wp-content\/uploads\/2024\/07\/WhatsApp-Image-2024-07-12-at-13.23.59-300x139.jpeg\" alt=\"\" width=\"300\" height=\"139\" srcset=\"https:\/\/www.cnbb.org.br\/wp-content\/uploads\/2024\/07\/WhatsApp-Image-2024-07-12-at-13.23.59-300x139.jpeg 300w, https:\/\/www.cnbb.org.br\/wp-content\/uploads\/2024\/07\/WhatsApp-Image-2024-07-12-at-13.23.59-1024x473.jpeg 1024w, https:\/\/www.cnbb.org.br\/wp-content\/uploads\/2024\/07\/WhatsApp-Image-2024-07-12-at-13.23.59-768x355.jpeg 768w, https:\/\/www.cnbb.org.br\/wp-content\/uploads\/2024\/07\/WhatsApp-Image-2024-07-12-at-13.23.59-500x231.jpeg 500w, https:\/\/www.cnbb.org.br\/wp-content\/uploads\/2024\/07\/WhatsApp-Image-2024-07-12-at-13.23.59.jpeg 1280w\" sizes=\"(max-width: 300px) 100vw, 300px\" \/><figcaption id=\"caption-attachment-966672\" class=\"wp-caption-text\">Participantes do encontro<\/figcaption><\/figure>\n<p style=\"text-align: justify;\"><span data-contrast=\"auto\">Sob olhar da miss\u00e3o\/missionariedade, segundo ponto discutido, o arcebispo incentivou os coordenadores de pastoral a irem al\u00e9m, sa\u00edrem do conformismo. Explicou que \u00e9 preciso pensar na import\u00e2ncia de se articular estruturas mission\u00e1rias. \u201cNossa igreja diocesana \u00e9 mission\u00e1ria? A miss\u00e3o est\u00e1 relacionada \u00e0s pessoas?\u201d, enfatizou.<\/span><span data-ccp-props=\"{&quot;201341983&quot;:0,&quot;335551550&quot;:6,&quot;335551620&quot;:6,&quot;335559739&quot;:160,&quot;335559740&quot;:278}\">\u00a0<\/span><\/p>\n<p style=\"text-align: justify;\"><span data-contrast=\"auto\">Na perspectiva da inicia\u00e7\u00e3o \u00e0 vida crist\u00e3 levantou o desafio de se transmitir a f\u00e9 \u00e0s novas gera\u00e7\u00f5es. Chamou aten\u00e7\u00e3o para o fato de que vive-se em um mundo de diversidades e que \u00e9 preciso pensar em como transmitir a f\u00e9, diante de um cen\u00e1rio de diferentes express\u00f5es e viv\u00eancias.<\/span><span data-ccp-props=\"{&quot;201341983&quot;:0,&quot;335551550&quot;:6,&quot;335551620&quot;:6,&quot;335559739&quot;:160,&quot;335559740&quot;:278}\">\u00a0<\/span><\/p>\n<p style=\"text-align: justify;\"><span data-contrast=\"auto\">O arcebispo alertou, ainda, para o desafio de se enfrentar o individualismo e o anonimato, sobretudo nas grandes cidades. E destacou as pequenas comunidades como o quarto ponto a ser refletido. <\/span><\/p>\n<blockquote>\n<p style=\"text-align: justify;\"><span data-contrast=\"auto\">\u201cComo proposta a igreja aposta nas pequenas comunidades. A par\u00f3quia \u00e9 como uma rede de pequenas comunidades. O pr\u00f3prio Papa Francisco fala que a par\u00f3quia n\u00e3o \u00e9 uma realidade caduca, precisamente porque possui uma grande dinamicidade. Existe uma vitalidade nas par\u00f3quias\u201d, argumentou.\u00a0<\/span><span data-ccp-props=\"{&quot;201341983&quot;:0,&quot;335551550&quot;:6,&quot;335551620&quot;:6,&quot;335559739&quot;:160,&quot;335559740&quot;:278}\">\u00a0<\/span><\/p>\n<\/blockquote>\n<h3>Anima\u00e7\u00e3o b\u00edblica da pastoral<\/h3>\n<p style=\"text-align: justify;\"><span data-contrast=\"auto\">Falando da perspectiva, sob a vis\u00e3o da anima\u00e7\u00e3o b\u00edblica da pastoral, dom Jo\u00e3o Justino questionou o excesso de \u201cdevocionalismo\u201d, que \u00e9 segundo ele, quando as devo\u00e7\u00f5es ocupam um lugar de prioridade n\u00e3o deixando sombra para a experi\u00eancia do conte\u00fado da f\u00e9 baseada na Palavra de Deus. <\/span><span data-ccp-props=\"{&quot;201341983&quot;:0,&quot;335551550&quot;:6,&quot;335551620&quot;:6,&quot;335559739&quot;:160,&quot;335559740&quot;:278}\">\u00a0<\/span><\/p>\n<blockquote>\n<p style=\"text-align: justify;\"><span data-contrast=\"auto\">\u201cH\u00e1 experi\u00eancias bonitas, como por exemplo, o M\u00eas da B\u00edblia. Uma f\u00e9 alimentada pela Palavra, mas nem sempre damos centralidade \u00e0 Palavra. N\u00f3s damos valor a palavra que nos inspira? A Palavra de Deus cabe na sua a\u00e7\u00e3o evangelizadora?\u201d, questionou.\u00a0<\/span><span data-ccp-props=\"{&quot;201341983&quot;:0,&quot;335551550&quot;:6,&quot;335551620&quot;:6,&quot;335559739&quot;:160,&quot;335559740&quot;:278}\">\u00a0<\/span><\/p>\n<\/blockquote>\n<p style=\"text-align: justify;\"><span data-contrast=\"auto\">O sexto ponto abordado foi a ministerialidade, a partir de uma reflex\u00e3o sobre a participa\u00e7\u00e3o das mulheres na vida da Igreja. Dom Jo\u00e3o Justino afirmou que n\u00e3o se pode pensar a Igreja sem discutir a participa\u00e7\u00e3o das mulheres. <\/span><span data-contrast=\"auto\">Os \u00faltimos dois outros pontos citados foram a\u00a0 sinodalidade e de uma constru\u00e7\u00e3o de uma sociedade mais justa e fraterna. <\/span><span data-contrast=\"auto\">O encontro terminou com uma missa presidida pelo arcebispo.\u00a0<\/span><\/p>\n<p>&nbsp;<\/p>\n<pre>Por Larissa Carvalho<\/pre>\n","protected":false},"excerpt":{"rendered":"<p>O Encontro Nacional de Coordenadores de Pastoral, promovido pelo Secretariado Geral da CNBB, na Casa dom Luciano, em Bras\u00edlia, terminou na manh\u00e3 desta sexta-feira, 12 de julho, com a confer\u00eancia do arcebispo de Goi\u00e2nia e primeiro vice-presidente da CNBB, dom Jo\u00e3o Justino\u00a0de Medeiros Silva<\/p>\n","protected":false},"author":141,"featured_media":966674,"comment_status":"open","ping_status":"open","sticky":false,"template":"","format":"standard","meta":{"site-sidebar-layout":"default","site-content-layout":"default","ast-global-header-display":"","ast-banner-title-visibility":"","ast-main-header-display":"","ast-hfb-above-header-display":"","ast-hfb-below-header-display":"","ast-hfb-mobile-header-display":"","site-post-title":"","ast-breadcrumbs-content":"","ast-featured-img":"","footer-sml-layout":"","theme-transparent-header-meta":"default","adv-header-id-meta":"","stick-header-meta":"","header-above-stick-meta":"","header-main-stick-meta":"","header-below-stick-meta":""},"categories":[50,1851],"tags":[5611],"acf":[],"_links":{"self":[{"href":"https:\/\/www.cnbb.org.br\/cnbb-app\/wp\/v2\/posts\/966660"}],"collection":[{"href":"https:\/\/www.cnbb.org.br\/cnbb-app\/wp\/v2\/posts"}],"about":[{"href":"https:\/\/www.cnbb.org.br\/cnbb-app\/wp\/v2\/types\/post"}],"author":[{"embeddable":true,"href":"https:\/\/www.cnbb.org.br\/cnbb-app\/wp\/v2\/users\/141"}],"replies":[{"embeddable":true,"href":"https:\/\/www.cnbb.org.br\/cnbb-app\/wp\/v2\/comments?post=966660"}],"version-history":[{"count":17,"href":"https:\/\/www.cnbb.org.br\/cnbb-app\/wp\/v2\/posts\/966660\/revisions"}],"predecessor-version":[{"id":966721,"href":"https:\/\/www.cnbb.org.br\/cnbb-app\/wp\/v2\/posts\/966660\/revisions\/966721"}],"wp:featuredmedia":[{"embeddable":true,"href":"https:\/\/www.cnbb.org.br\/cnbb-app\/wp\/v2\/media\/966674"}],"wp:attachment":[{"href":"https:\/\/www.cnbb.org.br\/cnbb-app\/wp\/v2\/media?parent=966660"}],"wp:term":[{"taxonomy":"category","embeddable":true,"href":"https:\/\/www.cnbb.org.br\/cnbb-app\/wp\/v2\/categories?post=966660"},{"taxonomy":"post_tag","embeddable":true,"href":"https:\/\/www.cnbb.org.br\/cnbb-app\/wp\/v2\/tags?post=966660"}],"curies":[{"name":"wp","href":"https:\/\/api.w.org\/{rel}","templated":true}]}}