{"id":966685,"date":"2024-07-12T13:55:22","date_gmt":"2024-07-12T16:55:22","guid":{"rendered":"https:\/\/www.cnbb.org.br\/?p=966685"},"modified":"2024-07-12T13:56:26","modified_gmt":"2024-07-12T16:56:26","slug":"cuidar-uns-dos-outros-um-chamado-a-comunhao-e-a-coragem","status":"publish","type":"post","link":"https:\/\/www.cnbb.org.br\/cuidar-uns-dos-outros-um-chamado-a-comunhao-e-a-coragem\/","title":{"rendered":"Cuidar uns dos outros: um chamado \u00e0 comunh\u00e3o e \u00e0 coragem\u00a0"},"content":{"rendered":"<p style=\"text-align: right;\"><strong>Dom Jailton Oliveira Lino<br \/>\nBispo de Teixeira de Freitas\/ Caravelas (BA)<\/strong><\/p>\n<p>&nbsp;<\/p>\n<p style=\"text-align: justify;\"><span data-ccp-props=\"{&quot;201341983&quot;:0,&quot;335559739&quot;:160,&quot;335559740&quot;:278}\">\u00a0<\/span><\/p>\n<p style=\"text-align: justify;\"><span data-contrast=\"auto\">Queridos irm\u00e3os e irm\u00e3s consagrados, sacerdotes e religiosos,<\/span><span data-ccp-props=\"{&quot;201341983&quot;:0,&quot;335559739&quot;:160,&quot;335559740&quot;:278}\">\u00a0<\/span><\/p>\n<p style=\"text-align: justify;\"><span data-contrast=\"auto\">Recentemente, ao meditar sobre as palavras do Santo Padre, o Papa Francisco, fui tocado pela sua reflex\u00e3o sobre a coragem necess\u00e1ria para pensarmos como povo. Ele nos lembra que cuidar uns dos outros vai al\u00e9m de um simples ato de bondade; \u00e9 um chamado profundo \u00e0 comunh\u00e3o e \u00e0 solidariedade.<\/span><span data-ccp-props=\"{&quot;201341983&quot;:0,&quot;335559739&quot;:160,&quot;335559740&quot;:278}\">\u00a0<\/span><\/p>\n<p style=\"text-align: justify;\"><span data-contrast=\"auto\">O Papa Francisco nos exorta a sermos corajosos ao adotarmos uma mentalidade de povo. Isto \u00e9, n\u00e3o apenas um grupo de indiv\u00edduos, mas uma comunidade unida pela f\u00e9, pela esperan\u00e7a e pelo amor. Este chamado \u00e9 especialmente relevante para n\u00f3s, que fomos consagrados a servir ao Senhor e ao Seu povo.<\/span><span data-ccp-props=\"{&quot;201341983&quot;:0,&quot;335559739&quot;:160,&quot;335559740&quot;:278}\">\u00a0<\/span><\/p>\n<p style=\"text-align: justify;\"><b><span data-contrast=\"auto\">A Coragem de Servir e de Amar<\/span><\/b><span data-ccp-props=\"{&quot;201341983&quot;:0,&quot;335559739&quot;:160,&quot;335559740&quot;:278}\">\u00a0<\/span><\/p>\n<p style=\"text-align: justify;\"><span data-contrast=\"auto\">Ser consagrado significa ter respondido a um chamado especial de Deus para viver em total dedica\u00e7\u00e3o a Ele e ao pr\u00f3ximo. No entanto, muitas vezes, essa voca\u00e7\u00e3o exige uma coragem que ultrapassa os desafios do cotidiano. Precisamos estar dispostos a enfrentar as dificuldades e a superar as barreiras que nos impedem de nos ver como uma verdadeira comunidade de f\u00e9.<\/span><span data-ccp-props=\"{&quot;201341983&quot;:0,&quot;335559739&quot;:160,&quot;335559740&quot;:278}\">\u00a0<\/span><\/p>\n<p style=\"text-align: justify;\"><span data-contrast=\"auto\">O Papa nos lembra que cuidar uns dos outros requer uma entrega radical, uma disposi\u00e7\u00e3o para viver a fraternidade genu\u00edna. Isso significa estar atento \u00e0s necessidades dos nossos irm\u00e3os e irm\u00e3s, especialmente os mais vulner\u00e1veis, e agir com amor e compaix\u00e3o.<\/span><span data-ccp-props=\"{&quot;201341983&quot;:0,&quot;335559739&quot;:160,&quot;335559740&quot;:278}\">\u00a0<\/span><\/p>\n<p style=\"text-align: justify;\"><span data-contrast=\"auto\">A <\/span><b><span data-contrast=\"auto\">Comunh\u00e3o como Testemunho<\/span><\/b><span data-ccp-props=\"{&quot;201341983&quot;:0,&quot;335559739&quot;:160,&quot;335559740&quot;:278}\">\u00a0<\/span><\/p>\n<p style=\"text-align: justify;\"><span data-contrast=\"auto\">Nossas comunidades religiosas s\u00e3o chamadas a ser um testemunho vivo dessa comunh\u00e3o que o Papa Francisco tanto preza. Devemos ser exemplos de unidade e de servi\u00e7o m\u00fatuo, mostrando ao mundo que \u00e9 poss\u00edvel viver em harmonia e paz, mesmo em meio \u00e0s adversidades.<\/span><span data-ccp-props=\"{&quot;201341983&quot;:0,&quot;335559739&quot;:160,&quot;335559740&quot;:278}\">\u00a0<\/span><\/p>\n<p style=\"text-align: justify;\"><span data-contrast=\"auto\">Devemos tamb\u00e9m ser promotores de uma cultura de encontro e de di\u00e1logo. Em um mundo cada vez mais dividido, nossa miss\u00e3o \u00e9 ser pontes que conectam, e n\u00e3o muros que separam. \u00c9 nossa responsabilidade ouvir com aten\u00e7\u00e3o, acolher com generosidade e agir com justi\u00e7a.<\/span><span data-ccp-props=\"{&quot;201341983&quot;:0,&quot;335559739&quot;:160,&quot;335559740&quot;:278}\">\u00a0<\/span><\/p>\n<p style=\"text-align: justify;\"><b><span data-contrast=\"auto\">Um Chamado \u00e0 A\u00e7\u00e3o<\/span><\/b><span data-ccp-props=\"{&quot;201341983&quot;:0,&quot;335559739&quot;:160,&quot;335559740&quot;:278}\">\u00a0<\/span><\/p>\n<p style=\"text-align: justify;\"><span data-contrast=\"auto\">Portanto, convido todos voc\u00eas, meus irm\u00e3os e irm\u00e3s consagrados, a refletirem profundamente sobre as palavras do Papa Francisco. Que possamos redescobrir a beleza e a for\u00e7a da nossa voca\u00e7\u00e3o, n\u00e3o apenas como indiv\u00edduos, mas como membros de um corpo eclesial que vive em comunh\u00e3o.<\/span><span data-ccp-props=\"{&quot;201341983&quot;:0,&quot;335559739&quot;:160,&quot;335559740&quot;:278}\">\u00a0<\/span><\/p>\n<p style=\"text-align: justify;\"><span data-contrast=\"auto\">Que tenhamos a coragem de pensar e agir como povo, de cuidar uns dos outros com um amor genu\u00edno e uma dedica\u00e7\u00e3o incans\u00e1vel. Que nossas a\u00e7\u00f5es di\u00e1rias, por mais simples que pare\u00e7am, sejam sempre direcionadas para a constru\u00e7\u00e3o de uma comunidade mais justa, mais solid\u00e1ria e mais fraterna.<\/span><span data-ccp-props=\"{&quot;201341983&quot;:0,&quot;335559739&quot;:160,&quot;335559740&quot;:278}\">\u00a0<\/span><\/p>\n<p style=\"text-align: justify;\"><span data-contrast=\"auto\">Em Cristo,<\/span><span data-ccp-props=\"{&quot;201341983&quot;:0,&quot;335559739&quot;:160,&quot;335559740&quot;:278}\">\u00a0<\/span><\/p>\n<p style=\"text-align: justify;\">\n","protected":false},"excerpt":{"rendered":"<p>Dom Jailton Oliveira Lino Bispo de Teixeira de Freitas\/ Caravelas (BA) &nbsp; \u00a0 Queridos irm\u00e3os e irm\u00e3s consagrados, sacerdotes e religiosos,\u00a0 Recentemente, ao meditar sobre as palavras do Santo Padre, o Papa Francisco, fui tocado pela sua reflex\u00e3o sobre a coragem necess\u00e1ria para pensarmos como povo. Ele nos lembra que cuidar uns dos outros vai &hellip;<\/p>\n<p class=\"read-more\"> <a class=\"\" href=\"https:\/\/www.cnbb.org.br\/cuidar-uns-dos-outros-um-chamado-a-comunhao-e-a-coragem\/\"> <span class=\"screen-reader-text\">Cuidar uns dos outros: um chamado \u00e0 comunh\u00e3o e \u00e0 coragem\u00a0<\/span> Leia mais &raquo;<\/a><\/p>\n","protected":false},"author":159,"featured_media":0,"comment_status":"open","ping_status":"open","sticky":false,"template":"","format":"standard","meta":{"site-sidebar-layout":"default","site-content-layout":"default","ast-global-header-display":"","ast-banner-title-visibility":"","ast-main-header-display":"","ast-hfb-above-header-display":"","ast-hfb-below-header-display":"","ast-hfb-mobile-header-display":"","site-post-title":"","ast-breadcrumbs-content":"","ast-featured-img":"","footer-sml-layout":"","theme-transparent-header-meta":"default","adv-header-id-meta":"","stick-header-meta":"","header-above-stick-meta":"","header-main-stick-meta":"","header-below-stick-meta":""},"categories":[758],"tags":[],"acf":[],"_links":{"self":[{"href":"https:\/\/www.cnbb.org.br\/cnbb-app\/wp\/v2\/posts\/966685"}],"collection":[{"href":"https:\/\/www.cnbb.org.br\/cnbb-app\/wp\/v2\/posts"}],"about":[{"href":"https:\/\/www.cnbb.org.br\/cnbb-app\/wp\/v2\/types\/post"}],"author":[{"embeddable":true,"href":"https:\/\/www.cnbb.org.br\/cnbb-app\/wp\/v2\/users\/159"}],"replies":[{"embeddable":true,"href":"https:\/\/www.cnbb.org.br\/cnbb-app\/wp\/v2\/comments?post=966685"}],"version-history":[{"count":2,"href":"https:\/\/www.cnbb.org.br\/cnbb-app\/wp\/v2\/posts\/966685\/revisions"}],"predecessor-version":[{"id":966687,"href":"https:\/\/www.cnbb.org.br\/cnbb-app\/wp\/v2\/posts\/966685\/revisions\/966687"}],"wp:attachment":[{"href":"https:\/\/www.cnbb.org.br\/cnbb-app\/wp\/v2\/media?parent=966685"}],"wp:term":[{"taxonomy":"category","embeddable":true,"href":"https:\/\/www.cnbb.org.br\/cnbb-app\/wp\/v2\/categories?post=966685"},{"taxonomy":"post_tag","embeddable":true,"href":"https:\/\/www.cnbb.org.br\/cnbb-app\/wp\/v2\/tags?post=966685"}],"curies":[{"name":"wp","href":"https:\/\/api.w.org\/{rel}","templated":true}]}}