{"id":966692,"date":"2024-07-12T14:02:01","date_gmt":"2024-07-12T17:02:01","guid":{"rendered":"https:\/\/www.cnbb.org.br\/?p=966692"},"modified":"2024-07-12T14:03:12","modified_gmt":"2024-07-12T17:03:12","slug":"senhora-do-carmo","status":"publish","type":"post","link":"https:\/\/www.cnbb.org.br\/senhora-do-carmo\/","title":{"rendered":"Senhora do Carmo"},"content":{"rendered":"<p style=\"text-align: right;\"><strong>Dom Pedro Cipollini<\/strong><br \/>\n<strong>Bispo de Santo Andr\u00e9 (SP)<\/strong><\/p>\n<p style=\"text-align: justify;\"><span data-ccp-props=\"{&quot;134233117&quot;:false,&quot;134233118&quot;:false,&quot;134233279&quot;:true,&quot;335551550&quot;:2,&quot;335551620&quot;:2,&quot;335557856&quot;:16777215,&quot;335559738&quot;:0,&quot;335559739&quot;:300}\">\u00a0<\/span><\/p>\n<p>&nbsp;<\/p>\n<p style=\"text-align: justify;\"><span data-contrast=\"none\">Neste m\u00eas de julho, dia 16,\u00a0 a Igreja recorda a M\u00e3e de Jesus, por um de seus t\u00edtulos mais conhecidos: Nossa Senhora do Carmo ou do monte Carmelo. O monte Carmelo era local de vegeta\u00e7\u00e3o exuberante, por isso o nome Carmelo que quer dizer jardim ou pomar. Muitas mulheres trazem este nome e s\u00e3o homenageadas neste dia.<\/span><span data-ccp-props=\"{&quot;134233117&quot;:false,&quot;134233118&quot;:false,&quot;134233279&quot;:true,&quot;335551550&quot;:6,&quot;335551620&quot;:6,&quot;335557856&quot;:16777215,&quot;335559731&quot;:708,&quot;335559738&quot;:0,&quot;335559739&quot;:300}\">\u00a0<\/span><\/p>\n<p style=\"text-align: justify;\"><span data-contrast=\"none\">Este t\u00edtulo \u00e9 heran\u00e7a e recorda\u00e7\u00e3o do Profeta Elias, como defensor do \u00fanico Deus. No monte Carmelo o profeta derrotou a idolatria, repropondo o culto ao Deus \u00fanico. Foi neste monte que o profete viu uma nuvem surgir do mar em \u00e9poca de seca prolongada, nuvem que cresceu e fez chover (1Rs 18,20-46). Segundo a tradi\u00e7\u00e3o, neste monte, o profeta\u00a0 instituiu um grupo de disc\u00edpulos penitentes e solit\u00e1rios, dedicados \u00e0 ora\u00e7\u00e3o.\u00a0<\/span><span data-ccp-props=\"{&quot;134233117&quot;:false,&quot;134233118&quot;:false,&quot;134233279&quot;:true,&quot;335551550&quot;:6,&quot;335551620&quot;:6,&quot;335557856&quot;:16777215,&quot;335559731&quot;:708,&quot;335559738&quot;:0,&quot;335559739&quot;:300}\">\u00a0<\/span><\/p>\n<p style=\"text-align: justify;\"><span data-contrast=\"none\">Posteriormente neste local de forma mais organizada, surgiu no s\u00e9culo XII um grupo de monges dedicados a orar initerruptamente, louvando a Deus. Ali construiram uma capelinha na qual invocavam a prote\u00e7\u00e3o de Nossa Senhora do Monte Carmelo. Quando foram expulsos pelos sarracenos, os monges foram para Europa, onde a devo\u00e7\u00e3o se espalhou. Neste per\u00edodo dif\u00edcil, o superior da Ordem Carmelita, S. Sim\u00e3o Stok, invoca Nossa Senhora e ela lhe aparece, como a vemos na imagem de Nossa Senhora do Carmo, e lhe entrega o escapul\u00e1rio, com a promessa de que, os que o usarem obteriam de Cristo a salva\u00e7\u00e3o eterna.\u00a0<\/span><span data-ccp-props=\"{&quot;134233117&quot;:false,&quot;134233118&quot;:false,&quot;134233279&quot;:true,&quot;335551550&quot;:6,&quot;335551620&quot;:6,&quot;335557856&quot;:16777215,&quot;335559731&quot;:708,&quot;335559738&quot;:0,&quot;335559739&quot;:300}\">\u00a0<\/span><\/p>\n<p style=\"text-align: justify;\"><span data-contrast=\"none\">Esta devo\u00e7\u00e3o veio para a Am\u00e9rica Latina quando os frades carmelitas chegaram ao Brasil junto com os portugueses. Nas figuras de Elias, chamado Profeta do Carmelo e Maria, chamada a Flor do Carmelo,\u00a0 encontramos uma liga\u00e7\u00e3o entre a Antiga e Nova Alian\u00e7a.\u00a0<\/span><span data-ccp-props=\"{&quot;134233117&quot;:false,&quot;134233118&quot;:false,&quot;134233279&quot;:true,&quot;335551550&quot;:6,&quot;335551620&quot;:6,&quot;335557856&quot;:16777215,&quot;335559731&quot;:708,&quot;335559738&quot;:0,&quot;335559739&quot;:300}\">\u00a0<\/span><\/p>\n<p style=\"text-align: justify;\"><span data-contrast=\"none\">A espiritualidade carmelita prop\u00f5e a profecia de amar a Deus acima de tudo e, trabalhar para que seja glorificado como o fez Elias. \u00c9 a profecia. Tamb\u00e9m prop\u00f5e Maria como modelo de vida de f\u00e9 e ora\u00e7\u00e3o, simples e escondida, na qual todos os gestos s\u00e3o meios de acolher a vida divina que est\u00e1 em nosso meio. \u00c9 a contempla\u00e7\u00e3o.\u00a0<\/span><span data-ccp-props=\"{&quot;134233117&quot;:false,&quot;134233118&quot;:false,&quot;134233279&quot;:true,&quot;335551550&quot;:6,&quot;335551620&quot;:6,&quot;335557856&quot;:16777215,&quot;335559731&quot;:708,&quot;335559738&quot;:0,&quot;335559739&quot;:300}\">\u00a0<\/span><\/p>\n<p style=\"text-align: justify;\"><span data-contrast=\"none\">No centro de Santo Andr\u00e9, situa-se o templo religioso, a igreja de Nossa Senhora do Carmo, chamada popularmente igreja do Carmo, na pra\u00e7a do mesmo nome: Pra\u00e7a do Carmo. \u00c9 um ponto referencial da cidade, por ser hoje a Catedral da Diocese de Santo Andr\u00e9, criada em 1954 e que este ano comemora setenta anos de sua cria\u00e7\u00e3o. Por\u00e9m, a Catedral do Carmo, al\u00e9m da refer\u00eancia religiosa e hist\u00f3rica, tem um valor devocional e religioso imenso.\u00a0<\/span><span data-ccp-props=\"{&quot;134233117&quot;:false,&quot;134233118&quot;:false,&quot;134233279&quot;:true,&quot;335551550&quot;:6,&quot;335551620&quot;:6,&quot;335557856&quot;:16777215,&quot;335559731&quot;:708,&quot;335559738&quot;:0,&quot;335559739&quot;:300}\">\u00a0<\/span><\/p>\n<p style=\"text-align: justify;\"><span data-contrast=\"none\">Constru\u00edda por iniciativa do Padre Capra, foi feita com doa\u00e7\u00f5es dos fi\u00e9is, como a de Antonio Queiroz dos Santos que deu o terreno e uma doa\u00e7\u00e3o generosa, por entidades de classe, entre outros. A pedra fundamental foi lan\u00e7ada em 1917 e sua constru\u00e7\u00e3o, dirigida pelo engenheiro Pounchon e outros,\u00a0 se deu por etapas, at\u00e9 que foi inaugurada em 1958.\u00a0<\/span><span data-ccp-props=\"{&quot;134233117&quot;:false,&quot;134233118&quot;:false,&quot;134233279&quot;:true,&quot;335551550&quot;:6,&quot;335551620&quot;:6,&quot;335557856&quot;:16777215,&quot;335559731&quot;:708,&quot;335559738&quot;:0,&quot;335559739&quot;:300}\">\u00a0<\/span><\/p>\n<p style=\"text-align: justify;\"><span data-contrast=\"none\">A escolha do artista para a decora\u00e7\u00e3o da igreja foi realizada por meio de concurso ganho pelos irm\u00e3os Bastiglia, que trabalharam nela de 1952 at\u00e9 1957. Ela foi recentemente restaurada e \u00e9 amparada pela Lei n\u00ba 846, de 30.11.1953, que declara o bem como \u201c<\/span><i><span data-contrast=\"none\">monumento arquitet\u00f4nico<\/span><\/i><span data-contrast=\"none\">\u201d.\u00a0<\/span><span data-ccp-props=\"{&quot;134233117&quot;:false,&quot;134233118&quot;:false,&quot;134233279&quot;:true,&quot;335551550&quot;:6,&quot;335551620&quot;:6,&quot;335557856&quot;:16777215,&quot;335559731&quot;:708,&quot;335559738&quot;:0,&quot;335559739&quot;:300}\">\u00a0<\/span><\/p>\n<p style=\"text-align: justify;\"><span data-contrast=\"none\">Pe\u00e7amos a intercess\u00e3o de Nossa Senhora do Carmo, que ela n\u00e3o permita afogarmos nas nossas pequenas preocupa\u00e7\u00f5es, tamb\u00e9m nas grandes. Que ela nos ajude a aceitar o mist\u00e9rio de Jesus Cristo de forma mais radical em nossa vida. Sobretudo nos ajude a manter acesa a chama da gratid\u00e3o a Deus: \u201cMinha alma engrandece o Senhor, exulta meu esp\u00edrito em Deus meu salvador!\u201d.<\/span><span data-ccp-props=\"{&quot;134233117&quot;:false,&quot;134233118&quot;:false,&quot;134233279&quot;:true,&quot;335551550&quot;:6,&quot;335551620&quot;:6,&quot;335557856&quot;:16777215,&quot;335559731&quot;:708,&quot;335559738&quot;:0,&quot;335559739&quot;:300}\">\u00a0<\/span><\/p>\n","protected":false},"excerpt":{"rendered":"<p>Dom Pedro Cipollini Bispo de Santo Andr\u00e9 (SP) \u00a0 &nbsp; Neste m\u00eas de julho, dia 16,\u00a0 a Igreja recorda a M\u00e3e de Jesus, por um de seus t\u00edtulos mais conhecidos: Nossa Senhora do Carmo ou do monte Carmelo. O monte Carmelo era local de vegeta\u00e7\u00e3o exuberante, por isso o nome Carmelo que quer dizer jardim &hellip;<\/p>\n<p class=\"read-more\"> <a class=\"\" href=\"https:\/\/www.cnbb.org.br\/senhora-do-carmo\/\"> <span class=\"screen-reader-text\">Senhora do Carmo<\/span> Leia mais &raquo;<\/a><\/p>\n","protected":false},"author":28,"featured_media":0,"comment_status":"open","ping_status":"open","sticky":false,"template":"","format":"standard","meta":{"site-sidebar-layout":"default","site-content-layout":"default","ast-global-header-display":"","ast-banner-title-visibility":"","ast-main-header-display":"","ast-hfb-above-header-display":"","ast-hfb-below-header-display":"","ast-hfb-mobile-header-display":"","site-post-title":"","ast-breadcrumbs-content":"","ast-featured-img":"","footer-sml-layout":"","theme-transparent-header-meta":"default","adv-header-id-meta":"","stick-header-meta":"","header-above-stick-meta":"","header-main-stick-meta":"","header-below-stick-meta":""},"categories":[758],"tags":[],"acf":[],"_links":{"self":[{"href":"https:\/\/www.cnbb.org.br\/cnbb-app\/wp\/v2\/posts\/966692"}],"collection":[{"href":"https:\/\/www.cnbb.org.br\/cnbb-app\/wp\/v2\/posts"}],"about":[{"href":"https:\/\/www.cnbb.org.br\/cnbb-app\/wp\/v2\/types\/post"}],"author":[{"embeddable":true,"href":"https:\/\/www.cnbb.org.br\/cnbb-app\/wp\/v2\/users\/28"}],"replies":[{"embeddable":true,"href":"https:\/\/www.cnbb.org.br\/cnbb-app\/wp\/v2\/comments?post=966692"}],"version-history":[{"count":2,"href":"https:\/\/www.cnbb.org.br\/cnbb-app\/wp\/v2\/posts\/966692\/revisions"}],"predecessor-version":[{"id":966694,"href":"https:\/\/www.cnbb.org.br\/cnbb-app\/wp\/v2\/posts\/966692\/revisions\/966694"}],"wp:attachment":[{"href":"https:\/\/www.cnbb.org.br\/cnbb-app\/wp\/v2\/media?parent=966692"}],"wp:term":[{"taxonomy":"category","embeddable":true,"href":"https:\/\/www.cnbb.org.br\/cnbb-app\/wp\/v2\/categories?post=966692"},{"taxonomy":"post_tag","embeddable":true,"href":"https:\/\/www.cnbb.org.br\/cnbb-app\/wp\/v2\/tags?post=966692"}],"curies":[{"name":"wp","href":"https:\/\/api.w.org\/{rel}","templated":true}]}}