{"id":966699,"date":"2024-07-12T14:07:43","date_gmt":"2024-07-12T17:07:43","guid":{"rendered":"https:\/\/www.cnbb.org.br\/?p=966699"},"modified":"2024-07-12T14:08:15","modified_gmt":"2024-07-12T17:08:15","slug":"cardeal-eugenio-sales-nos-inspira-na-fidelidade-a-cristo-e-a-igreja","status":"publish","type":"post","link":"https:\/\/www.cnbb.org.br\/cardeal-eugenio-sales-nos-inspira-na-fidelidade-a-cristo-e-a-igreja\/","title":{"rendered":"Cardeal Eugenio Sales nos inspira na fidelidade a Cristo e \u00e0 Igreja!\u00a0"},"content":{"rendered":"<p style=\"text-align: right;\"><b><span data-contrast=\"auto\">Cardeal Orani Jo\u00e3o Tempesta<\/span><\/b><span data-ccp-props=\"{&quot;201341983&quot;:0,&quot;335551550&quot;:3,&quot;335551620&quot;:3,&quot;335559739&quot;:160,&quot;335559740&quot;:259}\"><br \/>\n<\/span><b><span data-contrast=\"auto\">Arcebispo do Rio de Janeiro (RJ)<\/span><\/b><span data-ccp-props=\"{&quot;201341983&quot;:0,&quot;335551550&quot;:3,&quot;335551620&quot;:3,&quot;335559739&quot;:160,&quot;335559740&quot;:259}\">\u00a0<\/span><\/p>\n<p>&nbsp;<\/p>\n<p style=\"text-align: justify;\"><span data-ccp-props=\"{&quot;201341983&quot;:0,&quot;335551550&quot;:6,&quot;335551620&quot;:6,&quot;335559739&quot;:160,&quot;335559740&quot;:259}\">\u00a0<\/span><\/p>\n<p style=\"text-align: justify;\"><span data-contrast=\"none\">Nesta semana comemorou-se os 12 anos do falecimento de nosso vener\u00e1vel predecessor, o Eminent\u00edssimo Senhor Cardeal Eugenio de Ara\u00fajo Salles, que governou com grande sabedoria a Arquidiocese de S\u00e3o Sebasti\u00e3o do Rio de Janeiro de mar\u00e7o de 1971 at\u00e9 o ano de 2001.<\/span><span data-ccp-props=\"{&quot;134233117&quot;:true,&quot;134233118&quot;:true,&quot;201341983&quot;:0,&quot;335551550&quot;:6,&quot;335551620&quot;:6,&quot;335559739&quot;:160,&quot;335559740&quot;:240}\">\u00a0<\/span><\/p>\n<p style=\"text-align: justify;\"><span data-contrast=\"none\">As obras e a mem\u00f3ria do Cardeal Sales falam por si s\u00f3 em nossa Arquidiocese, na Igreja no Brasil e na Igreja que peregrina em todo o mundo.<\/span><span data-ccp-props=\"{&quot;134233117&quot;:true,&quot;134233118&quot;:true,&quot;201341983&quot;:0,&quot;335551550&quot;:6,&quot;335551620&quot;:6,&quot;335559731&quot;:708,&quot;335559739&quot;:160,&quot;335559740&quot;:240}\">\u00a0<\/span><\/p>\n<p style=\"text-align: justify;\"><span data-contrast=\"none\">Dom Eug\u00eanio nasceu no interior do Rio Grande do Norte, fez seus primeiros estudos em Natal e ingressou no Semin\u00e1rio da Prainha, em Fortaleza, Cear\u00e1, no ano de 1931. Foi ordenado padre em 1943. Em 1954, aos 33 anos, foi nomeado Bispo Auxiliar da Diocese de Natal. Em 1968 foi nomeado Arcebispo de Salvador, e em 1969 recebeu do Papa Paulo VI o barrete de Cardeal. <\/span><span data-contrast=\"auto\">Em mar\u00e7o de 1971 D. Eug\u00eanio foi nomeado Arcebispo Metropolitano de S\u00e3o Sebasti\u00e3o do Rio de Janeiro, fun\u00e7\u00e3o que exerceu at\u00e9 o ano de 2001. Ap\u00f3s sua ren\u00fancia aceita pelo Papa Jo\u00e3o Paulo II naquele ano, Dom Eug\u00eanio continuou a residir no Rio de Janeiro, como Arcebispo Em\u00e9rito.<\/span><span data-ccp-props=\"{&quot;134233117&quot;:true,&quot;134233118&quot;:true,&quot;201341983&quot;:0,&quot;335551550&quot;:6,&quot;335551620&quot;:6,&quot;335559731&quot;:708,&quot;335559739&quot;:160,&quot;335559740&quot;:240}\">\u00a0<\/span><\/p>\n<p style=\"text-align: justify;\"><span data-contrast=\"none\">\u00c9 preciso destacar a participa\u00e7\u00e3o decisiva do Cardeal Sales em uma das principais a\u00e7\u00f5es de solidariedade em todos os campos no Brasil, a Campanha da Fraternidade. Ela foi idealizada pelo Cardeal Eugenio de Ara\u00fajo Salles em 1961, quando ele era Administrador Apost\u00f3lico de Natal, expandida para outras 16 dioceses nordestinas no ano seguinte e s\u00f3 ent\u00e3o assumida, nacionalmente, pela CNBB \u2013 Confer\u00eancia Nacional dos Bispos do Brasil \u2013 em 1964, com o tema \u201cIgreja em Renova\u00e7\u00e3o!\u201d. Estamos comemorando os 60 anos da Campanha da Fraternidade neste ano e precisamos lembrar do seu principal arquiteto.<\/span><span data-ccp-props=\"{&quot;134233117&quot;:true,&quot;134233118&quot;:true,&quot;201341983&quot;:0,&quot;335551550&quot;:6,&quot;335551620&quot;:6,&quot;335559731&quot;:708,&quot;335559739&quot;:160,&quot;335559740&quot;:240}\">\u00a0<\/span><\/p>\n<p style=\"text-align: justify;\"><span data-contrast=\"none\">Sempre me recordo da passagem do Papa S\u00e3o Jo\u00e3o Paulo II pelo Brasil, pois em 2 de julho de 1980, <\/span><span data-contrast=\"auto\">em nossa Catedral Metropolitana, o Papa S\u00e3o Jo\u00e3o Paulo II manifestou todo o seu carinho para com o saudoso Cardeal Sales e por toda a Arquidiocese de S\u00e3o Sebasti\u00e3o do Rio de Janeiro. Vale a pena, na \u00edntegra, relembrar a proximidade do Papa Woytila com o Cardeal Sales e a Igreja do Rio: \u201cNeste meu peregrinar pelo Brasil, j\u00e1 tive a alegria de ver muito do vosso belo Pa\u00eds, da bondade, nobres sentimentos e esp\u00edrito de f\u00e9 da sua gente. E aqui estou vendo a mesma coisa. Deus seja louvado! Agrade\u00e7o ao meu querido Irm\u00e3o o Senhor Cardeal Dom Eug\u00eanio de Ara\u00fajo Sales e, por ele, a todos, esta boa acolhida, que me \u00e9 dispensada agora e que tenho tido aqui na Arquidiocese do Rio de Janeiro: da comiss\u00e3o de preparativos \u00e0s entidades e pessoas todas que intervieram. Com o Senhor Cardeal Arcebispo, quero saudar os seus Bispos auxiliares e todos os Sacerdotes diocesanos e religiosos, que comp\u00f5em o Presbit\u00e9rio, e de modo particular e \u00edntimo compartilham com o Pastor diocesano as responsabilidades de mensageiros e distribuidores dos bens da salva\u00e7\u00e3o. Olhai: como \u201csal da terra\u201d e \u201cluz do mundo\u201d v\u00f3s procurais edificar aqui a Igreja, com bem elaborados Planos de Pastoral. Sede sempre presen\u00e7a vis\u00edvel do sagrado nesta grande metr\u00f3pole, vivendo e agindo cada um de v\u00f3s como na verdade \u00e9: um \u201calter Christus\u201d que passa fazendo o bem. Igualmente sa\u00fado as Religiosas aqui presentes e representadas. Sei que estais bem organizadas, aqui no Rio, e conhe\u00e7o o vosso apoio ao trabalho pastoral, para al\u00e9m do sempre essencial apodo da vossa vide de ora\u00e7\u00e3o: Vivei a vossa consagra\u00e7\u00e3o com generoso empenho, ades\u00e3o e disponibilidade ao Senhor; vivei-a em Igreja e ao servi\u00e7o da miss\u00e3o da Igreja. Fortes na f\u00e9, sede alegres na esperan\u00e7a! E a todos os fi\u00e9is diocesanos \u2013 dos assessores do Senhor Cardeal Arcebispo, aos funcion\u00e1rios da Diocese e aos que se dedicam a atividades de caridade e assist\u00eancia, passando pelos seminaristas, pais e m\u00e3es de fam\u00edlia, jovens e crian\u00e7as, at\u00e9 \u201caos mais pequeninos\u201d, os que sofrem no corpo ou na alma \u2013 a todos, enfim, sem querer esquecer ningu\u00e9m, chegue a minha cordial sauda\u00e7\u00e3o e a certeza da minha estima em Cristo. A todos deixo esta lembran\u00e7a do encontro com o Papa: \u201cTudo o que fizerdes, fazei-o de todo o cora\u00e7\u00e3o, como quem o fez pelo Senhor\u201d. E, em todas as coisas e sempre, \u201cservi ao Senhor Jesus Cristo\u201d (<\/span><i><span data-contrast=\"auto\">Col<\/span><\/i><span data-contrast=\"auto\">. 3, 23-24).\u202f\u202f\u202f Com a minha B\u00ean\u00e7\u00e3o Apost\u00f3lica!\u201d<\/span><span data-ccp-props=\"{&quot;134233117&quot;:true,&quot;134233118&quot;:true,&quot;201341983&quot;:0,&quot;335551550&quot;:6,&quot;335551620&quot;:6,&quot;335559731&quot;:708,&quot;335559739&quot;:160,&quot;335559740&quot;:240}\">\u00a0<\/span><\/p>\n<p style=\"text-align: justify;\"><span data-contrast=\"none\">A sua marca registrada era a sua fidelidade a Cristo e \u00e0 Igreja. Ele era seguro na doutrina e no magist\u00e9rio da Igreja de Cristo. Seguro no ensino da doutrina e na viv\u00eancia dos valores evang\u00e9licos, ele governou a Arquidiocese com sabedoria e levou a todos na busca da santidade.\u00a0<\/span><span data-ccp-props=\"{&quot;134233117&quot;:true,&quot;134233118&quot;:true,&quot;201341983&quot;:0,&quot;335551550&quot;:6,&quot;335551620&quot;:6,&quot;335559731&quot;:708,&quot;335559739&quot;:160,&quot;335559740&quot;:240}\">\u00a0<\/span><\/p>\n<p style=\"text-align: justify;\"><span data-contrast=\"auto\">Desde que chegou ao Rio de Janeiro colocou como centro de sua a\u00e7\u00e3o pastoral o cuidado com as voca\u00e7\u00f5es e o aumento do n\u00famero de ordena\u00e7\u00f5es sacerdotais. O Cardeal Sales foi o Bispo Diocesano que mais padres ordenou para a Igreja do Rio de Janeiro. O Semin\u00e1rio S\u00e3o Jos\u00e9 foi a menina de seus olhos.<\/span><span data-ccp-props=\"{&quot;134233117&quot;:true,&quot;134233118&quot;:true,&quot;201341983&quot;:0,&quot;335551550&quot;:6,&quot;335551620&quot;:6,&quot;335559731&quot;:708,&quot;335559739&quot;:160,&quot;335559740&quot;:240}\">\u00a0<\/span><\/p>\n<p style=\"text-align: justify;\"><span data-contrast=\"auto\">O Cardeal Sales vivenciou um dos per\u00edodos mais conturbados da hist\u00f3ria do Brasil e soube, como poucos, agir de forma equilibrada. Atrav\u00e9s de suas a\u00e7\u00f5es, Salles mostrou que \u00e9 poss\u00edvel acolher aqueles que sofrem sem comprometer os princ\u00edpios da Igreja.<\/span><span data-ccp-props=\"{&quot;134233117&quot;:true,&quot;134233118&quot;:true,&quot;201341983&quot;:0,&quot;335551550&quot;:6,&quot;335551620&quot;:6,&quot;335559731&quot;:708,&quot;335559739&quot;:160,&quot;335559740&quot;:240}\">\u00a0<\/span><\/p>\n<p style=\"text-align: justify;\"><span data-contrast=\"auto\">Durante o movimento militar no Brasil, enquanto alguns religiosos adotavam uma postura mais confrontadora, Dom Eug\u00eanio Salles optou por um caminho de acolhimento e prote\u00e7\u00e3o silenciosa. Sua estrat\u00e9gia, embora criticada por alguns como uma postura de coniv\u00eancia, revelou-se eficaz na prote\u00e7\u00e3o de vidas. Salles abrigou mais de quatro mil perseguidos pelos regimes militares sul-americanos, incluindo argentinos, chilenos, uruguaios e paraguaios. Suas visitas aos presos pol\u00edticos no Natal e na P\u00e1scoa demonstravam um compromisso constante com os valores crist\u00e3os de caridade e compaix\u00e3o.<\/span><span data-ccp-props=\"{&quot;134233117&quot;:true,&quot;134233118&quot;:true,&quot;201341983&quot;:0,&quot;335551550&quot;:6,&quot;335551620&quot;:6,&quot;335559731&quot;:708,&quot;335559739&quot;:160,&quot;335559740&quot;:240}\">\u00a0<\/span><\/p>\n<p style=\"text-align: justify;\"><span data-contrast=\"auto\">Ao mesmo tempo Dom Eug\u00eanio tamb\u00e9m foi um dos principais cr\u00edticos do que se chamava de \u201cpolitiza\u00e7\u00e3o da f\u00e9\u201d, entendendo que n\u00e3o cabia \u00e0 Igreja tomar partido. Em mat\u00e9ria do jornal O Globo divulgada ap\u00f3s sua morte, foi relatado que o Cardeal Salles acreditava que essa abordagem desviava os ensinamentos centrais da Igreja. Sua posi\u00e7\u00e3o mostra um homem comprometido com a preserva\u00e7\u00e3o da doutrina tradicional da Igreja, evitando que esta se tornasse um instrumento de luta pol\u00edtica.<\/span><span data-ccp-props=\"{&quot;134233117&quot;:true,&quot;134233118&quot;:true,&quot;201341983&quot;:0,&quot;335551550&quot;:6,&quot;335551620&quot;:6,&quot;335559731&quot;:708,&quot;335559739&quot;:160,&quot;335559740&quot;:240}\">\u00a0<\/span><\/p>\n<p style=\"text-align: justify;\"><span data-contrast=\"auto\">A postura de dom Eug\u00eanio Salles revela um equil\u00edbrio delicado entre a\u00e7\u00e3o e discri\u00e7\u00e3o, prote\u00e7\u00e3o e prud\u00eancia. Ele soube utilizar os valores cat\u00f3licos para acolher os oprimidos, sem ceder \u00e0 tenta\u00e7\u00e3o de partidarizar a Igreja. Sua habilidade em articular a prote\u00e7\u00e3o dos perseguidos sem comprometer a independ\u00eancia da Igreja Cat\u00f3lica \u00e9 um testemunho de sua sabedoria e firmeza de car\u00e1ter.<\/span><span data-ccp-props=\"{&quot;134233117&quot;:true,&quot;134233118&quot;:true,&quot;201341983&quot;:0,&quot;335551550&quot;:6,&quot;335551620&quot;:6,&quot;335559731&quot;:708,&quot;335559739&quot;:160,&quot;335559740&quot;:240}\">\u00a0<\/span><\/p>\n<p style=\"text-align: justify;\"><span data-contrast=\"auto\">Em um per\u00edodo em que a linha entre f\u00e9 e pol\u00edtica era frequentemente cruzada, Dom Eug\u00eanio manteve-se firme em sua convic\u00e7\u00e3o de que a Igreja deveria ser um ref\u00fagio seguro para todos, independentemente de suas ideologias. Sua atua\u00e7\u00e3o silenciosa, mas eficaz, salvou in\u00fameras vidas e preservou a integridade da institui\u00e7\u00e3o que ele tanto amava.<\/span><span data-ccp-props=\"{&quot;134233117&quot;:true,&quot;134233118&quot;:true,&quot;201341983&quot;:0,&quot;335551550&quot;:6,&quot;335551620&quot;:6,&quot;335559731&quot;:708,&quot;335559739&quot;:160,&quot;335559740&quot;:240}\">\u00a0<\/span><\/p>\n<p style=\"text-align: justify;\"><span data-contrast=\"auto\">Assim, o legado de Dom Eug\u00eanio Salles \u00e9 um exemplo poderoso de como os valores cat\u00f3licos podem ser aplicados em tempos de crise, oferecendo esperan\u00e7a e prote\u00e7\u00e3o aos necessitados sem comprometer os princ\u00edpios fundamentais da f\u00e9. Sua vida e obra continuam a inspirar aqueles que buscam um caminho de justi\u00e7a e compaix\u00e3o, ancorados na tradi\u00e7\u00e3o e na moralidade crist\u00e3.<\/span><span data-ccp-props=\"{&quot;134233117&quot;:true,&quot;134233118&quot;:true,&quot;201341983&quot;:0,&quot;335551550&quot;:6,&quot;335551620&quot;:6,&quot;335559731&quot;:708,&quot;335559739&quot;:160,&quot;335559740&quot;:240}\">\u00a0<\/span><\/p>\n<p style=\"text-align: justify;\"><span data-contrast=\"auto\">Do c\u00e9u, querido Dom Eug\u00eanio, intercedei por n\u00f3s e pela amada Arquidiocese de S\u00e3o Sebasti\u00e3o do Rio de Janeiro!<\/span><span data-ccp-props=\"{&quot;134233117&quot;:true,&quot;134233118&quot;:true,&quot;201341983&quot;:0,&quot;335551550&quot;:6,&quot;335551620&quot;:6,&quot;335559731&quot;:708,&quot;335559739&quot;:160,&quot;335559740&quot;:240}\">\u00a0<\/span><\/p>\n<p>&nbsp;<\/p>\n","protected":false},"excerpt":{"rendered":"<p>Cardeal Orani Jo\u00e3o Tempesta Arcebispo do Rio de Janeiro (RJ)\u00a0 &nbsp; \u00a0 Nesta semana comemorou-se os 12 anos do falecimento de nosso vener\u00e1vel predecessor, o Eminent\u00edssimo Senhor Cardeal Eugenio de Ara\u00fajo Salles, que governou com grande sabedoria a Arquidiocese de S\u00e3o Sebasti\u00e3o do Rio de Janeiro de mar\u00e7o de 1971 at\u00e9 o ano de 2001.\u00a0 &hellip;<\/p>\n<p class=\"read-more\"> <a class=\"\" href=\"https:\/\/www.cnbb.org.br\/cardeal-eugenio-sales-nos-inspira-na-fidelidade-a-cristo-e-a-igreja\/\"> <span class=\"screen-reader-text\">Cardeal Eugenio Sales nos inspira na fidelidade a Cristo e \u00e0 Igreja!\u00a0<\/span> Leia mais &raquo;<\/a><\/p>\n","protected":false},"author":31,"featured_media":0,"comment_status":"open","ping_status":"open","sticky":false,"template":"","format":"standard","meta":{"site-sidebar-layout":"default","site-content-layout":"default","ast-global-header-display":"","ast-banner-title-visibility":"","ast-main-header-display":"","ast-hfb-above-header-display":"","ast-hfb-below-header-display":"","ast-hfb-mobile-header-display":"","site-post-title":"","ast-breadcrumbs-content":"","ast-featured-img":"","footer-sml-layout":"","theme-transparent-header-meta":"default","adv-header-id-meta":"","stick-header-meta":"","header-above-stick-meta":"","header-main-stick-meta":"","header-below-stick-meta":""},"categories":[758],"tags":[],"acf":[],"_links":{"self":[{"href":"https:\/\/www.cnbb.org.br\/cnbb-app\/wp\/v2\/posts\/966699"}],"collection":[{"href":"https:\/\/www.cnbb.org.br\/cnbb-app\/wp\/v2\/posts"}],"about":[{"href":"https:\/\/www.cnbb.org.br\/cnbb-app\/wp\/v2\/types\/post"}],"author":[{"embeddable":true,"href":"https:\/\/www.cnbb.org.br\/cnbb-app\/wp\/v2\/users\/31"}],"replies":[{"embeddable":true,"href":"https:\/\/www.cnbb.org.br\/cnbb-app\/wp\/v2\/comments?post=966699"}],"version-history":[{"count":3,"href":"https:\/\/www.cnbb.org.br\/cnbb-app\/wp\/v2\/posts\/966699\/revisions"}],"predecessor-version":[{"id":966702,"href":"https:\/\/www.cnbb.org.br\/cnbb-app\/wp\/v2\/posts\/966699\/revisions\/966702"}],"wp:attachment":[{"href":"https:\/\/www.cnbb.org.br\/cnbb-app\/wp\/v2\/media?parent=966699"}],"wp:term":[{"taxonomy":"category","embeddable":true,"href":"https:\/\/www.cnbb.org.br\/cnbb-app\/wp\/v2\/categories?post=966699"},{"taxonomy":"post_tag","embeddable":true,"href":"https:\/\/www.cnbb.org.br\/cnbb-app\/wp\/v2\/tags?post=966699"}],"curies":[{"name":"wp","href":"https:\/\/api.w.org\/{rel}","templated":true}]}}