{"id":9667,"date":"2015-04-30T00:00:00","date_gmt":"2015-04-30T03:00:00","guid":{"rendered":"https:\/\/www.cnbb.org.br\/tema-e-lema-da-campanha-missionaria-2015-seguem-proposta-de-reflexao-sobre-servico\/"},"modified":"2020-03-11T20:03:53","modified_gmt":"2020-03-11T23:03:53","slug":"tema-e-lema-da-campanha-missionaria-2015-seguem-proposta-de-reflexao-sobre-servico","status":"publish","type":"post","link":"https:\/\/www.cnbb.org.br\/tema-e-lema-da-campanha-missionaria-2015-seguem-proposta-de-reflexao-sobre-servico\/","title":{"rendered":"Pontif\u00edcias Obras divulgam tema e lema da Campanha Mission\u00e1ria 2015"},"content":{"rendered":"<p style=\"text-align: justify\"><span style=\"font-size: 12.1599998474121px;line-height: 1.3em\">A Campanha Mission\u00e1ria 2015, realizada em outubro em todas as dioceses do Brasil, ter\u00e1 como tema &#8220;Miss\u00e3o \u00e9 servir&#8221; e como lema <span>\u00a0\u201cQuem quiser ser o primeiro, seja o servo de todos\u201d (Mc 10,44).\u00a0<\/span><\/span><\/p>\n<p style=\"text-align: justify\"><span style=\"font-size: 12.1599998474121px;line-height: 1.3em\"><span><span>A Campanha Mission\u00e1ria est\u00e1 em conson\u00e2ncia com o tema e lema da Campanha da Fraternidade deste ano, respectivamente,<\/span><span>\u00a0&#8220;Igreja e Sociedade&#8221; e &#8220;Eu vim para servir&#8221;<\/span><span>\u00a0(Mc 10,45)<\/span><\/span><\/span><\/p>\n<p>  <!--more-->  <\/p>\n<p style=\"text-align: justify\"><span><span>.<\/span><\/span><span style=\"font-size: 12.1599998474121px;line-height: 1.3em\">Normalmente o tema da Campanha Mission\u00e1ria acompanha a Campanha da Fraternidade, exceto quando ocorre um congresso mission\u00e1rio espec\u00edfico, com sua pr\u00f3pria tem\u00e1tica. Ao explicar sobre a escolha do tema, o diretor das Pontif\u00edcias Obras Mission\u00e1rias (POM), padre Camilo Pauletti, refor\u00e7ou que \u201cservir \u00e9 uma das palavras que se utiliza na miss\u00e3o. N\u00e3o existe miss\u00e3o, se n\u00e3o tiver servi\u00e7o, porque servi\u00e7o d\u00e1 sentido \u00e0 miss\u00e3o\u201d.<\/span><\/p>\n<p style=\"text-align: justify\">O padre lembra que as POM t\u00eam este carisma de olhar a dimens\u00e3o mission\u00e1ria como um todo. O desejo da entidade \u00e9 que o esp\u00edrito e a solidariedade mission\u00e1ria possam motivar os crist\u00e3os, os batizados e as igrejas particulares, a pensar no trabalho mission\u00e1rio em todas as partes. \u201c\u00c9 de fato uma Igreja em sa\u00edda, como diz o papa, que n\u00e3o olha s\u00f3 para si, mas vai al\u00e9m de si\u201d, disse padre Pauletti.<\/p>\n<p style=\"text-align: justify\"><span style=\"font-size: 12.1599998474121px;line-height: 1.3em\"><strong>Subs\u00eddios<\/strong><\/span><\/p>\n<p style=\"text-align: justify\"><span style=\"font-size: 12.1599998474121px;line-height: 1.3em\">At\u00e9 o final de junho, as POM enviar\u00e3o \u00e0s dioceses do Brasil o material da Campanha Mission\u00e1ria, para que, em agosto e setembro, haja a mobiliza\u00e7\u00e3o junto \u00e0s par\u00f3quias e comunidades. Entre os materiais produzidos est\u00e3o:\u00a0<\/span><span style=\"font-size: 12.1599998474121px;line-height: 1.3em\">\u00a0o cartaz da Campanha Mission\u00e1ria; a novena e DVD para reflex\u00e3o nas comunidades; a mensagem do papa Francisco para o Dia Mundial das Miss\u00f5es.<\/span><\/p>\n<p style=\"text-align: justify\"><span style=\"font-size: 12.1599998474121px;line-height: 1.3em\">Em setembro, ocorrer\u00e1 uma entrevista coletiva \u00e0 imprensa, na sede das POM, que marcar\u00e1 o lan\u00e7amento oficial do evento. Mais informa\u00e7\u00f5es: www.pom.org.br\u00a0<\/span><\/p>\n<p style=\"text-align: justify\"><span style=\"font-size: 0.83em;line-height: 1.3em\">\u00a0<\/span><\/p>\n","protected":false},"excerpt":{"rendered":"<p>A Campanha Mission\u00e1ria 2015, realizada em outubro em todas as dioceses do Brasil, ter\u00e1 como tema &#8220;Miss\u00e3o \u00e9 servir&#8221; e como lema \u00a0\u201cQuem quiser ser o primeiro, seja o servo de todos\u201d (Mc 10,44).\u00a0 A Campanha Mission\u00e1ria est\u00e1 em conson\u00e2ncia com o tema e lema da Campanha da Fraternidade deste ano, respectivamente,\u00a0&#8220;Igreja e Sociedade&#8221; e &hellip;<\/p>\n<p class=\"read-more\"> <a class=\"\" href=\"https:\/\/www.cnbb.org.br\/tema-e-lema-da-campanha-missionaria-2015-seguem-proposta-de-reflexao-sobre-servico\/\"> <span class=\"screen-reader-text\">Pontif\u00edcias Obras divulgam tema e lema da Campanha Mission\u00e1ria 2015<\/span> Leia mais &raquo;<\/a><\/p>\n","protected":false},"author":83,"featured_media":9668,"comment_status":"open","ping_status":"open","sticky":false,"template":"","format":"standard","meta":{"site-sidebar-layout":"default","site-content-layout":"default","ast-global-header-display":"","ast-banner-title-visibility":"","ast-main-header-display":"","ast-hfb-above-header-display":"","ast-hfb-below-header-display":"","ast-hfb-mobile-header-display":"","site-post-title":"","ast-breadcrumbs-content":"","ast-featured-img":"","footer-sml-layout":"","theme-transparent-header-meta":"","adv-header-id-meta":"","stick-header-meta":"","header-above-stick-meta":"","header-main-stick-meta":"","header-below-stick-meta":""},"categories":[854,878],"tags":[],"acf":[],"_links":{"self":[{"href":"https:\/\/www.cnbb.org.br\/cnbb-app\/wp\/v2\/posts\/9667"}],"collection":[{"href":"https:\/\/www.cnbb.org.br\/cnbb-app\/wp\/v2\/posts"}],"about":[{"href":"https:\/\/www.cnbb.org.br\/cnbb-app\/wp\/v2\/types\/post"}],"author":[{"embeddable":true,"href":"https:\/\/www.cnbb.org.br\/cnbb-app\/wp\/v2\/users\/83"}],"replies":[{"embeddable":true,"href":"https:\/\/www.cnbb.org.br\/cnbb-app\/wp\/v2\/comments?post=9667"}],"version-history":[{"count":0,"href":"https:\/\/www.cnbb.org.br\/cnbb-app\/wp\/v2\/posts\/9667\/revisions"}],"wp:featuredmedia":[{"embeddable":true,"href":"https:\/\/www.cnbb.org.br\/cnbb-app\/wp\/v2\/media\/9668"}],"wp:attachment":[{"href":"https:\/\/www.cnbb.org.br\/cnbb-app\/wp\/v2\/media?parent=9667"}],"wp:term":[{"taxonomy":"category","embeddable":true,"href":"https:\/\/www.cnbb.org.br\/cnbb-app\/wp\/v2\/categories?post=9667"},{"taxonomy":"post_tag","embeddable":true,"href":"https:\/\/www.cnbb.org.br\/cnbb-app\/wp\/v2\/tags?post=9667"}],"curies":[{"name":"wp","href":"https:\/\/api.w.org\/{rel}","templated":true}]}}