{"id":966703,"date":"2024-07-12T14:11:57","date_gmt":"2024-07-12T17:11:57","guid":{"rendered":"https:\/\/www.cnbb.org.br\/?p=966703"},"modified":"2024-07-12T15:59:27","modified_gmt":"2024-07-12T18:59:27","slug":"chamados-e-enviados-em-missao","status":"publish","type":"post","link":"https:\/\/www.cnbb.org.br\/chamados-e-enviados-em-missao\/","title":{"rendered":"Chamados e enviados em miss\u00e3o"},"content":{"rendered":"<p style=\"text-align: right;\"><span data-contrast=\"auto\"><b>Dom Anuar Battisti<\/b><br \/>\n<b>Arcebispo Em\u00e9rito de Maring\u00e1 (PR)<\/b>\u00a0<\/span><\/p>\n<p>&nbsp;<\/p>\n<p style=\"text-align: left;\"><span data-contrast=\"auto\"><br \/>\n**15\u00ba Domingo do Tempo Comum &#8211; Ano B**\u00a0<\/span><\/p>\n<p style=\"text-align: justify;\"><span data-contrast=\"auto\">Queridos irm\u00e3os e irm\u00e3s em Cristo,<\/span><span data-ccp-props=\"{&quot;201341983&quot;:0,&quot;335551550&quot;:6,&quot;335551620&quot;:6,&quot;335559731&quot;:708,&quot;335559739&quot;:160,&quot;335559740&quot;:278}\">\u00a0<\/span><\/p>\n<p style=\"text-align: justify;\"><span data-contrast=\"auto\">Hoje celebramos o 15\u00ba Domingo do Tempo Comum e as leituras deste dia nos convidam a refletir sobre a miss\u00e3o e o chamado de Deus em nossas vidas. Somos lembrados de que todos n\u00f3s, como crist\u00e3os, somos enviados em miss\u00e3o, cada um com um prop\u00f3sito especial e \u00fanico.<\/span><span data-ccp-props=\"{&quot;201341983&quot;:0,&quot;335551550&quot;:6,&quot;335551620&quot;:6,&quot;335559731&quot;:708,&quot;335559739&quot;:160,&quot;335559740&quot;:278}\">\u00a0<\/span><\/p>\n<p style=\"text-align: justify;\"><span data-contrast=\"auto\">Na primeira leitura, Am\u00f3s 7,12-15, vemos o profeta Am\u00f3s sendo chamado por Deus. Am\u00f3s n\u00e3o era um profeta de profiss\u00e3o, mas um simples pastor e cultivador de sic\u00f4moros. Ele diz: \u201cEu n\u00e3o sou profeta, nem filho de profeta; sou pastor e cultivador de sic\u00f4moros. Mas o Senhor me tirou de junto do rebanho e me disse: Vai, profetiza ao meu povo de Israel\u201d (Am\u00f3s 7,14-15). Esse chamado nos mostra que Deus n\u00e3o escolhe os capacitados, mas capacita os escolhidos. Muitas vezes, podemos sentir que n\u00e3o estamos preparados ou qualificados para a miss\u00e3o que Deus nos d\u00e1, mas Ele nos capacita e nos guia no caminho.<\/span><span data-ccp-props=\"{&quot;201341983&quot;:0,&quot;335551550&quot;:6,&quot;335551620&quot;:6,&quot;335559731&quot;:708,&quot;335559739&quot;:160,&quot;335559740&quot;:278}\">\u00a0<\/span><\/p>\n<p style=\"text-align: justify;\"><span data-contrast=\"auto\">No Evangelho hodierno, Marcos 6,7-13, Jesus envia os doze ap\u00f3stolos em miss\u00e3o. <\/span><i><span data-contrast=\"auto\">\u201cChamou os doze, e come\u00e7ou a envi\u00e1-los dois a dois, dando-lhes poder sobre os esp\u00edritos impuros. E ordenou-lhes que nada levassem para o caminho, a n\u00e3o ser um cajado; nem p\u00e3o, nem sacola, nem dinheiro na cintura\u201d <\/span><\/i><span data-contrast=\"auto\">(Marcos 6,7-8). Isso nos ensina sobre a confian\u00e7a total em Deus. Jesus queria que seus disc\u00edpulos confiassem completamente na provid\u00eancia divina e se apoiassem uns nos outros. A miss\u00e3o dos ap\u00f3stolos era pregar o arrependimento, curar os doentes e expulsar dem\u00f4nios. Eles foram chamados a ser testemunhas vivas do amor e da miseric\u00f3rdia de Deus.<\/span><span data-ccp-props=\"{&quot;201341983&quot;:0,&quot;335551550&quot;:6,&quot;335551620&quot;:6,&quot;335559731&quot;:708,&quot;335559739&quot;:160,&quot;335559740&quot;:278}\">\u00a0<\/span><\/p>\n<p style=\"text-align: justify;\"><span data-contrast=\"auto\">A segunda leitura, da Carta aos Ef\u00e9sios, nos lembra das b\u00ean\u00e7\u00e3os espirituais que recebemos em Cristo. <\/span><i><span data-contrast=\"auto\">\u201cBendito seja Deus e Pai de nosso Senhor Jesus Cristo, que nos aben\u00e7oou com toda a b\u00ean\u00e7\u00e3o espiritual nas regi\u00f5es celestiais em Cristo. Pois ele nos escolheu nele antes da cria\u00e7\u00e3o do mundo para sermos santos e irrepreens\u00edveis em sua presen\u00e7a\u201d<\/span><\/i><span data-contrast=\"auto\"> (Ef\u00e9sios 1,3-4). Fomos redimidos pelo sangue de Cristo e recebemos a promessa do Esp\u00edrito Santo. <\/span><i><span data-contrast=\"auto\">\u201cNele tamb\u00e9m voc\u00eas, depois que ouviram a palavra da verdade, o evangelho da salva\u00e7\u00e3o, e creram nele, foram selados com o Esp\u00edrito Santo da promessa, que \u00e9 a garantia da nossa heran\u00e7a at\u00e9 a reden\u00e7\u00e3o daqueles que pertencem a Deus, para o louvor da sua gl\u00f3ria\u201d <\/span><\/i><span data-contrast=\"auto\">(Ef\u00e9sios 1,13-14). Essas b\u00ean\u00e7\u00e3os nos d\u00e3o for\u00e7a e coragem para cumprir nossa miss\u00e3o.<\/span><span data-ccp-props=\"{&quot;201341983&quot;:0,&quot;335551550&quot;:6,&quot;335551620&quot;:6,&quot;335559731&quot;:708,&quot;335559739&quot;:160,&quot;335559740&quot;:278}\">\u00a0<\/span><\/p>\n<p style=\"text-align: justify;\"><span data-contrast=\"auto\">Queridos irm\u00e3os e irm\u00e3s, hoje somos chamados a refletir sobre nossa pr\u00f3pria miss\u00e3o. Deus tem um prop\u00f3sito para cada um de n\u00f3s. Ele nos chama para sermos seus disc\u00edpulos e testemunhas em nosso mundo, em nossas fam\u00edlias, comunidades e locais de trabalho. Assim como Am\u00f3s e os ap\u00f3stolos, somos chamados a confiar em Deus e a depender de Sua provid\u00eancia.<\/span><span data-ccp-props=\"{&quot;201341983&quot;:0,&quot;335551550&quot;:6,&quot;335551620&quot;:6,&quot;335559731&quot;:708,&quot;335559739&quot;:160,&quot;335559740&quot;:278}\">\u00a0<\/span><\/p>\n<p style=\"text-align: justify;\"><span data-contrast=\"auto\">Que possamos, como comunidade de f\u00e9, apoiar uns aos outros em nossa jornada de f\u00e9. Que possamos ouvir o chamado de Deus e responder com generosidade e coragem. E que, em tudo o que fazemos, possamos ser sinais do amor e da miseric\u00f3rdia de Deus para todos ao nosso redor.<\/span><span data-ccp-props=\"{&quot;201341983&quot;:0,&quot;335551550&quot;:6,&quot;335551620&quot;:6,&quot;335559731&quot;:708,&quot;335559739&quot;:160,&quot;335559740&quot;:278}\">\u00a0<\/span><\/p>\n<p style=\"text-align: justify;\"><span data-contrast=\"auto\">Que Deus nos aben\u00e7oe e nos guie em nossa miss\u00e3o. Am\u00e9m!<\/span><span data-ccp-props=\"{&quot;201341983&quot;:0,&quot;335551550&quot;:6,&quot;335551620&quot;:6,&quot;335559731&quot;:708,&quot;335559739&quot;:160,&quot;335559740&quot;:278}\">\u00a0<\/span><\/p>\n<p><span data-ccp-props=\"{&quot;201341983&quot;:0,&quot;335559739&quot;:160,&quot;335559740&quot;:278}\">\u00a0<\/span><\/p>\n<p>&nbsp;<\/p>\n<p><span data-ccp-props=\"{&quot;201341983&quot;:0,&quot;335551550&quot;:6,&quot;335551620&quot;:6,&quot;335559739&quot;:160,&quot;335559740&quot;:278}\">\u00a0<\/span><\/p>\n","protected":false},"excerpt":{"rendered":"<p>Dom Anuar Battisti Arcebispo Em\u00e9rito de Maring\u00e1 (PR)\u00a0 &nbsp; **15\u00ba Domingo do Tempo Comum &#8211; Ano B**\u00a0 Queridos irm\u00e3os e irm\u00e3s em Cristo,\u00a0 Hoje celebramos o 15\u00ba Domingo do Tempo Comum e as leituras deste dia nos convidam a refletir sobre a miss\u00e3o e o chamado de Deus em nossas vidas. Somos lembrados de que &hellip;<\/p>\n<p class=\"read-more\"> <a class=\"\" href=\"https:\/\/www.cnbb.org.br\/chamados-e-enviados-em-missao\/\"> <span class=\"screen-reader-text\">Chamados e enviados em miss\u00e3o<\/span> Leia mais &raquo;<\/a><\/p>\n","protected":false},"author":41,"featured_media":0,"comment_status":"open","ping_status":"open","sticky":false,"template":"","format":"standard","meta":{"site-sidebar-layout":"default","site-content-layout":"default","ast-global-header-display":"","ast-banner-title-visibility":"","ast-main-header-display":"","ast-hfb-above-header-display":"","ast-hfb-below-header-display":"","ast-hfb-mobile-header-display":"","site-post-title":"","ast-breadcrumbs-content":"","ast-featured-img":"","footer-sml-layout":"","theme-transparent-header-meta":"default","adv-header-id-meta":"","stick-header-meta":"","header-above-stick-meta":"","header-main-stick-meta":"","header-below-stick-meta":""},"categories":[758,1837],"tags":[],"acf":[],"_links":{"self":[{"href":"https:\/\/www.cnbb.org.br\/cnbb-app\/wp\/v2\/posts\/966703"}],"collection":[{"href":"https:\/\/www.cnbb.org.br\/cnbb-app\/wp\/v2\/posts"}],"about":[{"href":"https:\/\/www.cnbb.org.br\/cnbb-app\/wp\/v2\/types\/post"}],"author":[{"embeddable":true,"href":"https:\/\/www.cnbb.org.br\/cnbb-app\/wp\/v2\/users\/41"}],"replies":[{"embeddable":true,"href":"https:\/\/www.cnbb.org.br\/cnbb-app\/wp\/v2\/comments?post=966703"}],"version-history":[{"count":2,"href":"https:\/\/www.cnbb.org.br\/cnbb-app\/wp\/v2\/posts\/966703\/revisions"}],"predecessor-version":[{"id":966706,"href":"https:\/\/www.cnbb.org.br\/cnbb-app\/wp\/v2\/posts\/966703\/revisions\/966706"}],"wp:attachment":[{"href":"https:\/\/www.cnbb.org.br\/cnbb-app\/wp\/v2\/media?parent=966703"}],"wp:term":[{"taxonomy":"category","embeddable":true,"href":"https:\/\/www.cnbb.org.br\/cnbb-app\/wp\/v2\/categories?post=966703"},{"taxonomy":"post_tag","embeddable":true,"href":"https:\/\/www.cnbb.org.br\/cnbb-app\/wp\/v2\/tags?post=966703"}],"curies":[{"name":"wp","href":"https:\/\/api.w.org\/{rel}","templated":true}]}}