{"id":966707,"date":"2024-07-12T16:58:19","date_gmt":"2024-07-12T19:58:19","guid":{"rendered":"https:\/\/www.cnbb.org.br\/?p=966707"},"modified":"2024-07-13T09:55:20","modified_gmt":"2024-07-13T12:55:20","slug":"dom-leomar-brustolin-fala-sobre-seminario-de-ivc-com-seminaristas-que-tem-inicio-dia-15-de-julho","status":"publish","type":"post","link":"https:\/\/www.cnbb.org.br\/dom-leomar-brustolin-fala-sobre-seminario-de-ivc-com-seminaristas-que-tem-inicio-dia-15-de-julho\/","title":{"rendered":"Dom Leomar Brustolin fala sobre Semin\u00e1rio de IVC com Seminaristas que tem in\u00edcio dia 15 de julho"},"content":{"rendered":"<p style=\"text-align: justify;\">Na pr\u00f3xima semana, de 15 a 17 de julho, a Comiss\u00e3o Episcopal para a Anima\u00e7\u00e3o B\u00edblico-Catequ\u00e9tica da Confer\u00eancia Nacional dos Bispos do Brasil (CNBB) acolher\u00e1, na Casa dom Luciano, em Bras\u00edlia, um grupo de 208 seminaristas de todo o pa\u00eds para o Semin\u00e1rio de Inicia\u00e7\u00e3o \u00e0 Vida Crist\u00e3 (IVC) com Seminaristas.<\/p>\n<p style=\"text-align: justify;\">A iniciativa tem como tem\u00e1tica principal \u201cA import\u00e2ncia da catequese na forma\u00e7\u00e3o do futuro presb\u00edtero\u201d e deseja refor\u00e7ar o espa\u00e7o que a Inicia\u00e7\u00e3o \u00e0 Vida Crist\u00e3 e a dimens\u00e3o catequ\u00e9tica ocupam na forma\u00e7\u00e3o do presbiterato.<\/p>\n<h3>Transmiss\u00e3o da f\u00e9<\/h3>\n<p style=\"text-align: justify;\">O arcebispo de Santa Maria (RS) e presidente da Comiss\u00e3o Episcopal para a Anima\u00e7\u00e3o B\u00edblico-Catequ\u00e9tica da CNBB, dom Leomar Brustolin, gravou um v\u00eddeo acolhendo os participantes que estar\u00e3o na capital do pa\u00eds para este encontro e aprofundamento.<\/p>\n<p style=\"text-align: justify;\">O Semin\u00e1rio, segundo dom Leomar, faz parte do esfor\u00e7o da CNBB em fomentar cada vez mais o trabalho de muitos catequistas, presb\u00edteros e bispos que est\u00e3o atuando com a Inicia\u00e7\u00e3o \u00e0 Vida Crist\u00e3 para a nova evangeliza\u00e7\u00e3o no Brasil.<\/p>\n<blockquote>\n<p style=\"text-align: justify;\">&#8220;Queremos alinhar o caminho para junto darmos passos fortes e consolidados para a transmiss\u00e3o da f\u00e9 para as novas gera\u00e7\u00f5es, \u00e0queles que se afastaram e \u00e0queles que buscam a Deus de cora\u00e7\u00e3o&#8221;, refor\u00e7ou.<\/p>\n<\/blockquote>\n<p><strong>Confira o v\u00eddeo de dom Leomar Brustolin:<\/strong><\/p>\n<div class=\"ast-oembed-container\" style=\"height: 100%;\"><iframe loading=\"lazy\" title=\"DomLeomar IVC Seminaristas\" width=\"500\" height=\"281\" src=\"https:\/\/www.youtube.com\/embed\/uyptdh3-fI0?feature=oembed\" frameborder=\"0\" allow=\"accelerometer; autoplay; clipboard-write; encrypted-media; gyroscope; picture-in-picture; web-share\" referrerpolicy=\"strict-origin-when-cross-origin\" allowfullscreen><\/iframe><\/div>\n<p>&nbsp;<\/p>\n<pre>Por Willian Bonfim<\/pre>\n","protected":false},"excerpt":{"rendered":"<p>Na pr\u00f3xima semana, de 15 a 17 de julho, a Comiss\u00e3o Episcopal para a Anima\u00e7\u00e3o B\u00edblico-Catequ\u00e9tica da Confer\u00eancia Nacional dos Bispos do Brasil (CNBB) acolher\u00e1, na Casa dom Luciano, em Bras\u00edlia, um grupo de 208 seminaristas de todo o pa\u00eds para o Semin\u00e1rio de Inicia\u00e7\u00e3o \u00e0 Vida Crist\u00e3 (IVC) com Seminaristas<\/p>\n","protected":false},"author":142,"featured_media":966704,"comment_status":"open","ping_status":"open","sticky":false,"template":"","format":"standard","meta":{"site-sidebar-layout":"default","site-content-layout":"default","ast-global-header-display":"","ast-banner-title-visibility":"","ast-main-header-display":"","ast-hfb-above-header-display":"","ast-hfb-below-header-display":"","ast-hfb-mobile-header-display":"","site-post-title":"","ast-breadcrumbs-content":"","ast-featured-img":"","footer-sml-layout":"","theme-transparent-header-meta":"default","adv-header-id-meta":"","stick-header-meta":"","header-above-stick-meta":"","header-main-stick-meta":"","header-below-stick-meta":""},"categories":[800,1840],"tags":[5612],"acf":[],"_links":{"self":[{"href":"https:\/\/www.cnbb.org.br\/cnbb-app\/wp\/v2\/posts\/966707"}],"collection":[{"href":"https:\/\/www.cnbb.org.br\/cnbb-app\/wp\/v2\/posts"}],"about":[{"href":"https:\/\/www.cnbb.org.br\/cnbb-app\/wp\/v2\/types\/post"}],"author":[{"embeddable":true,"href":"https:\/\/www.cnbb.org.br\/cnbb-app\/wp\/v2\/users\/142"}],"replies":[{"embeddable":true,"href":"https:\/\/www.cnbb.org.br\/cnbb-app\/wp\/v2\/comments?post=966707"}],"version-history":[{"count":8,"href":"https:\/\/www.cnbb.org.br\/cnbb-app\/wp\/v2\/posts\/966707\/revisions"}],"predecessor-version":[{"id":966727,"href":"https:\/\/www.cnbb.org.br\/cnbb-app\/wp\/v2\/posts\/966707\/revisions\/966727"}],"wp:featuredmedia":[{"embeddable":true,"href":"https:\/\/www.cnbb.org.br\/cnbb-app\/wp\/v2\/media\/966704"}],"wp:attachment":[{"href":"https:\/\/www.cnbb.org.br\/cnbb-app\/wp\/v2\/media?parent=966707"}],"wp:term":[{"taxonomy":"category","embeddable":true,"href":"https:\/\/www.cnbb.org.br\/cnbb-app\/wp\/v2\/categories?post=966707"},{"taxonomy":"post_tag","embeddable":true,"href":"https:\/\/www.cnbb.org.br\/cnbb-app\/wp\/v2\/tags?post=966707"}],"curies":[{"name":"wp","href":"https:\/\/api.w.org\/{rel}","templated":true}]}}