{"id":966728,"date":"2024-07-15T09:01:08","date_gmt":"2024-07-15T12:01:08","guid":{"rendered":"https:\/\/www.cnbb.org.br\/?p=966728"},"modified":"2024-07-15T09:02:00","modified_gmt":"2024-07-15T12:02:00","slug":"celebrando-a-vocacao-e-a-missao-no-dia-de-sao-camilo","status":"publish","type":"post","link":"https:\/\/www.cnbb.org.br\/celebrando-a-vocacao-e-a-missao-no-dia-de-sao-camilo\/","title":{"rendered":"Celebrando a voca\u00e7\u00e3o e a miss\u00e3o no dia de S\u00e3o Camilo\u00a0"},"content":{"rendered":"<p style=\"text-align: right;\"><b><span data-contrast=\"none\">Dom Anuar Battisti<\/span><\/b><br \/>\n<b><span data-contrast=\"none\">Arcebispo Em\u00e9rito de Maring\u00e1 (PR)<\/span><\/b><span data-ccp-props=\"{&quot;201341983&quot;:0,&quot;335551550&quot;:2,&quot;335551620&quot;:2,&quot;335559731&quot;:708,&quot;335559739&quot;:0,&quot;335559740&quot;:240}\">\u00a0<\/span><\/p>\n<p style=\"text-align: justify;\">\n<p style=\"text-align: justify;\"><span data-ccp-props=\"{&quot;201341983&quot;:0,&quot;335551550&quot;:6,&quot;335551620&quot;:6,&quot;335559739&quot;:160,&quot;335559740&quot;:278}\">\u00a0<\/span><\/p>\n<p style=\"text-align: justify;\"><span data-contrast=\"auto\">No dia 14 de julho comemoramos o Dia de S\u00e3o Camilo de Lellis, patrono dos profissionais de sa\u00fade, e o Dia do Administrador Hospitalar. Este \u00e9 um momento especial para refletirmos sobre a import\u00e2ncia da dedica\u00e7\u00e3o e do servi\u00e7o daqueles que cuidam dos enfermos e administram nossas institui\u00e7\u00f5es de sa\u00fade.<\/span><span data-ccp-props=\"{&quot;201341983&quot;:0,&quot;335551550&quot;:6,&quot;335551620&quot;:6,&quot;335559731&quot;:708,&quot;335559739&quot;:160,&quot;335559740&quot;:278}\">\u00a0<\/span><\/p>\n<p style=\"text-align: justify;\"><span data-contrast=\"auto\">S\u00e3o Camilo, que dedicou sua vida ao servi\u00e7o dos doentes e \u00e0 melhoria das condi\u00e7\u00f5es hospitalares, \u00e9 uma inspira\u00e7\u00e3o para todos n\u00f3s. Sua vida e seu trabalho nos lembram que a voca\u00e7\u00e3o para cuidar dos outros \u00e9 um chamado sagrado, uma miss\u00e3o divina que transcende a mera profiss\u00e3o.<\/span><span data-ccp-props=\"{&quot;201341983&quot;:0,&quot;335551550&quot;:6,&quot;335551620&quot;:6,&quot;335559731&quot;:708,&quot;335559739&quot;:160,&quot;335559740&quot;:278}\">\u00a0<\/span><\/p>\n<p style=\"text-align: justify;\"><span data-contrast=\"auto\">Como presidente do ICDS, sinto um profundo orgulho e admira\u00e7\u00e3o pelos profissionais de sa\u00fade e administradores hospitalares que fazem parte desta nobre institui\u00e7\u00e3o. Reconhe\u00e7o o esfor\u00e7o di\u00e1rio, a dedica\u00e7\u00e3o e o compromisso com a excel\u00eancia no cuidado aos nossos pacientes.<\/span><span data-ccp-props=\"{&quot;201341983&quot;:0,&quot;335551550&quot;:6,&quot;335551620&quot;:6,&quot;335559731&quot;:708,&quot;335559739&quot;:160,&quot;335559740&quot;:278}\">\u00a0<\/span><\/p>\n<p style=\"text-align: justify;\"><span data-contrast=\"auto\">Os profissionais de sa\u00fade do ICDS s\u00e3o verdadeiros her\u00f3is. Eles encarnam a miss\u00e3o de S\u00e3o Camilo em cada gesto de cuidado e compaix\u00e3o. \u00c9 uma honra estar \u00e0 frente de uma institui\u00e7\u00e3o onde o amor ao pr\u00f3ximo \u00e9 praticado com tanta devo\u00e7\u00e3o e profissionalismo.<\/span><span data-ccp-props=\"{&quot;201341983&quot;:0,&quot;335551550&quot;:6,&quot;335551620&quot;:6,&quot;335559731&quot;:708,&quot;335559739&quot;:160,&quot;335559740&quot;:278}\">\u00a0<\/span><\/p>\n<p style=\"text-align: justify;\"><span data-contrast=\"auto\">Minha voca\u00e7\u00e3o religiosa est\u00e1 intrinsecamente ligada ao meu trabalho como administrador hospitalar. Para mim, administrar o ICDS \u00e9 mais do que uma responsabilidade; \u00e9 uma extens\u00e3o da minha miss\u00e3o como padre e arcebispo. Cada decis\u00e3o, cada melhoria na institui\u00e7\u00e3o, \u00e9 feita com a inten\u00e7\u00e3o de honrar a Deus atrav\u00e9s do servi\u00e7o aos outros.<\/span><span data-ccp-props=\"{&quot;201341983&quot;:0,&quot;335551550&quot;:6,&quot;335551620&quot;:6,&quot;335559731&quot;:708,&quot;335559739&quot;:160,&quot;335559740&quot;:278}\">\u00a0<\/span><\/p>\n<p style=\"text-align: justify;\"><span data-contrast=\"auto\">Vejo no trabalho di\u00e1rio de administra\u00e7\u00e3o hospitalar uma oportunidade de servir ao pr\u00f3ximo de maneira concreta e efetiva, seguindo os ensinamentos de Jesus Cristo e os exemplos de santos como S\u00e3o Camilo. Vivo esta miss\u00e3o com fervor e compromisso, garantindo que o ICDS continue a ser um farol de esperan\u00e7a e cuidado para todos que dele necessitam.<\/span><span data-ccp-props=\"{&quot;201341983&quot;:0,&quot;335551550&quot;:6,&quot;335551620&quot;:6,&quot;335559731&quot;:708,&quot;335559739&quot;:160,&quot;335559740&quot;:278}\">\u00a0<\/span><\/p>\n<p style=\"text-align: justify;\"><span data-contrast=\"auto\">Neste dia especial, quero estender minha gratid\u00e3o a todos os profissionais de sa\u00fade e administradores hospitalares. Que Deus aben\u00e7oe a todos voc\u00eas. Que S\u00e3o Camilo inspire e guie suas a\u00e7\u00f5es, hoje e sempre. Agrade\u00e7o profundamente a cada um por seu trabalho incans\u00e1vel e por manter viva a miss\u00e3o de cuidar dos enfermos com amor e dignidade.<\/span><span data-ccp-props=\"{&quot;201341983&quot;:0,&quot;335551550&quot;:6,&quot;335551620&quot;:6,&quot;335559731&quot;:708,&quot;335559739&quot;:160,&quot;335559740&quot;:278}\">\u00a0<\/span><\/p>\n<p style=\"text-align: justify;\"><span data-contrast=\"auto\">Que este 14 de julho seja um dia de celebra\u00e7\u00e3o e reconhecimento, n\u00e3o apenas para os profissionais de sa\u00fade e administradores hospitalares, mas para todos que, de alguma forma, dedicam suas vidas ao cuidado do pr\u00f3ximo, refletindo o amor e a compaix\u00e3o de Deus em cada ato de servi\u00e7o.<\/span><span data-ccp-props=\"{&quot;201341983&quot;:0,&quot;335551550&quot;:6,&quot;335551620&quot;:6,&quot;335559731&quot;:708,&quot;335559739&quot;:160,&quot;335559740&quot;:278}\">\u00a0<\/span><\/p>\n<p style=\"text-align: justify;\"><span data-contrast=\"auto\">Com gratid\u00e3o, em Cristo que se compadeceu de todos os doentes e trouxe a sa\u00fade do corpo e da alma!<\/span><span data-ccp-props=\"{&quot;201341983&quot;:0,&quot;335551550&quot;:6,&quot;335551620&quot;:6,&quot;335559731&quot;:708,&quot;335559739&quot;:160,&quot;335559740&quot;:278}\">\u00a0<\/span><\/p>\n<p style=\"text-align: justify;\"><span data-ccp-props=\"{&quot;201341983&quot;:0,&quot;335551550&quot;:6,&quot;335551620&quot;:6,&quot;335559739&quot;:160,&quot;335559740&quot;:278}\">\u00a0<\/span><\/p>\n<p>&nbsp;<\/p>\n<p><span data-ccp-props=\"{&quot;201341983&quot;:0,&quot;335551550&quot;:6,&quot;335551620&quot;:6,&quot;335559739&quot;:160,&quot;335559740&quot;:278}\">\u00a0<\/span><\/p>\n","protected":false},"excerpt":{"rendered":"<p>Dom Anuar Battisti Arcebispo Em\u00e9rito de Maring\u00e1 (PR)\u00a0 \u00a0 No dia 14 de julho comemoramos o Dia de S\u00e3o Camilo de Lellis, patrono dos profissionais de sa\u00fade, e o Dia do Administrador Hospitalar. Este \u00e9 um momento especial para refletirmos sobre a import\u00e2ncia da dedica\u00e7\u00e3o e do servi\u00e7o daqueles que cuidam dos enfermos e administram &hellip;<\/p>\n<p class=\"read-more\"> <a class=\"\" href=\"https:\/\/www.cnbb.org.br\/celebrando-a-vocacao-e-a-missao-no-dia-de-sao-camilo\/\"> <span class=\"screen-reader-text\">Celebrando a voca\u00e7\u00e3o e a miss\u00e3o no dia de S\u00e3o Camilo\u00a0<\/span> Leia mais &raquo;<\/a><\/p>\n","protected":false},"author":41,"featured_media":0,"comment_status":"open","ping_status":"open","sticky":false,"template":"","format":"standard","meta":{"site-sidebar-layout":"default","site-content-layout":"default","ast-global-header-display":"","ast-banner-title-visibility":"","ast-main-header-display":"","ast-hfb-above-header-display":"","ast-hfb-below-header-display":"","ast-hfb-mobile-header-display":"","site-post-title":"","ast-breadcrumbs-content":"","ast-featured-img":"","footer-sml-layout":"","theme-transparent-header-meta":"default","adv-header-id-meta":"","stick-header-meta":"","header-above-stick-meta":"","header-main-stick-meta":"","header-below-stick-meta":""},"categories":[758],"tags":[],"acf":[],"_links":{"self":[{"href":"https:\/\/www.cnbb.org.br\/cnbb-app\/wp\/v2\/posts\/966728"}],"collection":[{"href":"https:\/\/www.cnbb.org.br\/cnbb-app\/wp\/v2\/posts"}],"about":[{"href":"https:\/\/www.cnbb.org.br\/cnbb-app\/wp\/v2\/types\/post"}],"author":[{"embeddable":true,"href":"https:\/\/www.cnbb.org.br\/cnbb-app\/wp\/v2\/users\/41"}],"replies":[{"embeddable":true,"href":"https:\/\/www.cnbb.org.br\/cnbb-app\/wp\/v2\/comments?post=966728"}],"version-history":[{"count":2,"href":"https:\/\/www.cnbb.org.br\/cnbb-app\/wp\/v2\/posts\/966728\/revisions"}],"predecessor-version":[{"id":966730,"href":"https:\/\/www.cnbb.org.br\/cnbb-app\/wp\/v2\/posts\/966728\/revisions\/966730"}],"wp:attachment":[{"href":"https:\/\/www.cnbb.org.br\/cnbb-app\/wp\/v2\/media?parent=966728"}],"wp:term":[{"taxonomy":"category","embeddable":true,"href":"https:\/\/www.cnbb.org.br\/cnbb-app\/wp\/v2\/categories?post=966728"},{"taxonomy":"post_tag","embeddable":true,"href":"https:\/\/www.cnbb.org.br\/cnbb-app\/wp\/v2\/tags?post=966728"}],"curies":[{"name":"wp","href":"https:\/\/api.w.org\/{rel}","templated":true}]}}