{"id":966734,"date":"2024-07-15T09:04:57","date_gmt":"2024-07-15T12:04:57","guid":{"rendered":"https:\/\/www.cnbb.org.br\/?p=966734"},"modified":"2024-07-15T09:05:24","modified_gmt":"2024-07-15T12:05:24","slug":"lado-humano-de-cristo","status":"publish","type":"post","link":"https:\/\/www.cnbb.org.br\/lado-humano-de-cristo\/","title":{"rendered":"Lado humano de Cristo\u00a0\u00a0"},"content":{"rendered":"<p style=\"text-align: right;\"><strong>Dom Paulo Mendes Peixoto<br \/>\nArcebispo de Uberaba (MG)<\/strong><\/p>\n<p style=\"text-align: justify;\"><span data-ccp-props=\"{&quot;134233279&quot;:true,&quot;201341983&quot;:0,&quot;335551550&quot;:6,&quot;335551620&quot;:6,&quot;335559739&quot;:160,&quot;335559740&quot;:259}\">\u00a0<\/span><\/p>\n<p style=\"text-align: justify;\"><span data-contrast=\"auto\">A palavra \u201cAlian\u00e7a\u201d, que se tornou realidade no di\u00e1logo entre Jav\u00e9 e Abra\u00e3o (cf. Gn 17,9-10), revela perfeitamente a face humana de Deus, concretizada no fato da Encarna\u00e7\u00e3o do Verbo e nascimento do Filho, Jesus Cristo, tornando humano Aquele que tamb\u00e9m era, e \u00e9, divino. Na pr\u00e1tica, a vida real de Jesus teve marca de humanidade, principalmente no seu relacionamento fraterno com as pessoas.<\/span><span data-ccp-props=\"{&quot;134233279&quot;:true,&quot;201341983&quot;:0,&quot;335551550&quot;:6,&quot;335551620&quot;:6,&quot;335559731&quot;:1134,&quot;335559739&quot;:160,&quot;335559740&quot;:259}\">\u00a0<\/span><\/p>\n<p style=\"text-align: justify;\"><span data-contrast=\"auto\">Ter compaix\u00e3o com as pessoas \u00e9 ter atitude de humanidade e de reconhecimento da dignidade do outro, especialmente em seus momentos marcados pelas fragilidades f\u00edsicas, ps\u00edquicas, espirituais, materiais e desigualdade social. Ser humano implica ter compromisso e comprometimento com as pessoas mais necessitadas da sociedade, como o fez Jesus em rela\u00e7\u00e3o aos fr\u00e1geis de seu tempo.<\/span><span data-ccp-props=\"{&quot;134233279&quot;:true,&quot;201341983&quot;:0,&quot;335551550&quot;:6,&quot;335551620&quot;:6,&quot;335559731&quot;:1134,&quot;335559739&quot;:160,&quot;335559740&quot;:259}\">\u00a0<\/span><\/p>\n<p style=\"text-align: justify;\"><span data-contrast=\"auto\">N\u00e3o \u00e9 f\u00e1cil ser verdadeiramente humano, porque exige sa\u00edda do individualismo, da centralidade em n\u00f3s mesmos, do ego\u00edsmo e de tudo aquilo que nos distancia do outro. Jesus \u00e9 modelo de realiza\u00e7\u00e3o de tudo isto, agindo acima de qualquer tipo de interesse particular ego\u00edsta, possibilitando e habilitando aos seus seguidores, atitudes tamb\u00e9m humanas de solidariedade e de compaix\u00e3o.<\/span><span data-ccp-props=\"{&quot;134233279&quot;:true,&quot;201341983&quot;:0,&quot;335551550&quot;:6,&quot;335551620&quot;:6,&quot;335559731&quot;:1134,&quot;335559739&quot;:160,&quot;335559740&quot;:259}\">\u00a0<\/span><\/p>\n<p style=\"text-align: justify;\"><span data-contrast=\"auto\">\u00a0Existem muitas lideran\u00e7as com pr\u00e1ticas desumanas pelo mundo. Em diversos pa\u00edses h\u00e1 crise de humanidade, o desrespeito para com o ser humano \u00e9 impressionante. Basta ver que milhares de crist\u00e3os est\u00e3o sendo ceifados brutalmente por defender a f\u00e9 em Deus. No pr\u00f3ximo dia seis de agosto, numa data convencional, estamos sendo sensibilizados para rezar por esses irm\u00e3os perseguidos.<\/span><span data-ccp-props=\"{&quot;134233279&quot;:true,&quot;201341983&quot;:0,&quot;335551550&quot;:6,&quot;335551620&quot;:6,&quot;335559731&quot;:1134,&quot;335559739&quot;:160,&quot;335559740&quot;:259}\">\u00a0<\/span><\/p>\n<p style=\"text-align: justify;\"><span data-contrast=\"auto\">Jesus falou sobre a import\u00e2ncia da unidade, a diminui\u00e7\u00e3o das diferen\u00e7as, do \u00f3dio, dos preconceitos, mostrando que o perd\u00e3o \u00e9 mais importante do que a puni\u00e7\u00e3o. S\u00f3 assim, com pr\u00e1ticas humanas, ser\u00e1 capaz de construir paz no meio da sociedade. O Papa Francisco, ao falar do aspecto humano da cultura, convida o mundo a derrubar os muros de separa\u00e7\u00e3o e a construir pontes de uni\u00e3o.<\/span><span data-ccp-props=\"{&quot;134233279&quot;:true,&quot;201341983&quot;:0,&quot;335551550&quot;:6,&quot;335551620&quot;:6,&quot;335559731&quot;:1134,&quot;335559739&quot;:160,&quot;335559740&quot;:259}\">\u00a0<\/span><\/p>\n<p style=\"text-align: justify;\"><span data-contrast=\"auto\">Pelo seu lado verdadeiramente humano, por ser acolhedor e por agir com autoridade, Jesus era seguido por multid\u00f5es carentes de esperan\u00e7a, porque eram como ovelhas sem pastor, e depositavam cr\u00e9dito nele. A forma como Jesus agia diante de todos, revela um ensinamento novo, significando o mist\u00e9rio de amor de Deus Pai, que consola as pessoas e d\u00e1 sentido para a sua exist\u00eancia.<\/span><span data-ccp-props=\"{&quot;134233279&quot;:true,&quot;201341983&quot;:0,&quot;335551550&quot;:6,&quot;335551620&quot;:6,&quot;335559731&quot;:1134,&quot;335559739&quot;:160,&quot;335559740&quot;:259}\">\u00a0<\/span><\/p>\n<p>&nbsp;<\/p>\n","protected":false},"excerpt":{"rendered":"<p>Dom Paulo Mendes Peixoto Arcebispo de Uberaba (MG) \u00a0 A palavra \u201cAlian\u00e7a\u201d, que se tornou realidade no di\u00e1logo entre Jav\u00e9 e Abra\u00e3o (cf. Gn 17,9-10), revela perfeitamente a face humana de Deus, concretizada no fato da Encarna\u00e7\u00e3o do Verbo e nascimento do Filho, Jesus Cristo, tornando humano Aquele que tamb\u00e9m era, e \u00e9, divino. Na &hellip;<\/p>\n<p class=\"read-more\"> <a class=\"\" href=\"https:\/\/www.cnbb.org.br\/lado-humano-de-cristo\/\"> <span class=\"screen-reader-text\">Lado humano de Cristo\u00a0\u00a0<\/span> Leia mais &raquo;<\/a><\/p>\n","protected":false},"author":25,"featured_media":0,"comment_status":"open","ping_status":"open","sticky":false,"template":"","format":"standard","meta":{"site-sidebar-layout":"default","site-content-layout":"default","ast-global-header-display":"","ast-banner-title-visibility":"","ast-main-header-display":"","ast-hfb-above-header-display":"","ast-hfb-below-header-display":"","ast-hfb-mobile-header-display":"","site-post-title":"","ast-breadcrumbs-content":"","ast-featured-img":"","footer-sml-layout":"","theme-transparent-header-meta":"default","adv-header-id-meta":"","stick-header-meta":"","header-above-stick-meta":"","header-main-stick-meta":"","header-below-stick-meta":""},"categories":[758],"tags":[],"acf":[],"_links":{"self":[{"href":"https:\/\/www.cnbb.org.br\/cnbb-app\/wp\/v2\/posts\/966734"}],"collection":[{"href":"https:\/\/www.cnbb.org.br\/cnbb-app\/wp\/v2\/posts"}],"about":[{"href":"https:\/\/www.cnbb.org.br\/cnbb-app\/wp\/v2\/types\/post"}],"author":[{"embeddable":true,"href":"https:\/\/www.cnbb.org.br\/cnbb-app\/wp\/v2\/users\/25"}],"replies":[{"embeddable":true,"href":"https:\/\/www.cnbb.org.br\/cnbb-app\/wp\/v2\/comments?post=966734"}],"version-history":[{"count":1,"href":"https:\/\/www.cnbb.org.br\/cnbb-app\/wp\/v2\/posts\/966734\/revisions"}],"predecessor-version":[{"id":966735,"href":"https:\/\/www.cnbb.org.br\/cnbb-app\/wp\/v2\/posts\/966734\/revisions\/966735"}],"wp:attachment":[{"href":"https:\/\/www.cnbb.org.br\/cnbb-app\/wp\/v2\/media?parent=966734"}],"wp:term":[{"taxonomy":"category","embeddable":true,"href":"https:\/\/www.cnbb.org.br\/cnbb-app\/wp\/v2\/categories?post=966734"},{"taxonomy":"post_tag","embeddable":true,"href":"https:\/\/www.cnbb.org.br\/cnbb-app\/wp\/v2\/tags?post=966734"}],"curies":[{"name":"wp","href":"https:\/\/api.w.org\/{rel}","templated":true}]}}