{"id":966898,"date":"2024-07-18T16:28:28","date_gmt":"2024-07-18T19:28:28","guid":{"rendered":"https:\/\/www.cnbb.org.br\/?p=966898"},"modified":"2024-07-18T16:30:40","modified_gmt":"2024-07-18T19:30:40","slug":"dia-24-de-julho-comissao-biblico-catequetica-promove-live-ivc-com-seminaristas","status":"publish","type":"post","link":"https:\/\/www.cnbb.org.br\/dia-24-de-julho-comissao-biblico-catequetica-promove-live-ivc-com-seminaristas\/","title":{"rendered":"Dia 24 de julho, Comiss\u00e3o B\u00edblico-Catequ\u00e9tica promove live \u201cIVC com Seminaristas\u201d"},"content":{"rendered":"<p style=\"text-align: justify;\">Na pr\u00f3xima semana, no dia 24 de julho \u00e0s 19h30, a Comiss\u00e3o Episcopal para a Anima\u00e7\u00e3o B\u00edblico-Catequ\u00e9tica da Confer\u00eancia Nacional dos Bispos do Brasil (CNBB) realiza uma Live sobre o Semin\u00e1rio de Inicia\u00e7\u00e3o \u00e0 Vida Crist\u00e3 (IVC) com Seminaristas. A live ser\u00e1 transmitida , ao vivo, no canal de Youtube da CNBB.<\/p>\n<p style=\"text-align: justify;\">O assessor da Comiss\u00e3o para Anima\u00e7\u00e3o B\u00edblico-Catequ\u00e9tica, padre Wagner Carvalho explica que a live ser\u00e1 uma oportunidade de fazer ecoar para Igreja no Brasil as reflex\u00f5es do Semin\u00e1rio de Inicia\u00e7\u00e3o \u00e0 Vida Crist\u00e3 (IVC) com Seminaristas, realizado em Bras\u00edlia, de 15 a 17 de julho.<\/p>\n<p style=\"text-align: justify;\">Um seminarista de cada regional foi escolhido para compartilhar seus aprendizados e conte\u00fados vivenciados na forma\u00e7\u00e3o oferecida pela CNBB. Eles abordar\u00e3o temas que foram refletidos no encontro como Mistagogia, Querigma, Catecumenato, Catequese e M\u00eddias Digitais, Rito de Elei\u00e7\u00e3o, Purifica\u00e7\u00e3o e Ilumina\u00e7\u00e3o e Rito do Exorcismo.<\/p>\n<p style=\"text-align: justify;\">O assessor da Comiss\u00e3o para Anima\u00e7\u00e3o B\u00edblico-Catequ\u00e9tica, padre Wagner Carvalho explica que a live ser\u00e1 uma oportunidade de fazer ecoar para Igreja no Brasil as reflex\u00f5es do Semin\u00e1rio de Inicia\u00e7\u00e3o \u00e0 Vida Crist\u00e3 (IVC) com Seminaristas.<\/p>\n<p>A live pode ser acompanhada pelo canal da CNBB no Youtube, no link abaixo:<\/p>\n<div class=\"ast-oembed-container\" style=\"height: 100%;\"><iframe loading=\"lazy\" title=\"Live com os seminaristas de IVC\" width=\"500\" height=\"281\" src=\"https:\/\/www.youtube.com\/embed\/iJot9lKborg?feature=oembed\" frameborder=\"0\" allow=\"accelerometer; autoplay; clipboard-write; encrypted-media; gyroscope; picture-in-picture; web-share\" referrerpolicy=\"strict-origin-when-cross-origin\" allowfullscreen><\/iframe><\/div>\n<p>&nbsp;<\/p>\n<pre>Por Willian Bonfim<\/pre>\n<p>&nbsp;<\/p>\n","protected":false},"excerpt":{"rendered":"<p>A live, que acontece \u00e0s 19h30, \u00e9 promovida pela Comiss\u00e3o Episcopal para a Anima\u00e7\u00e3o B\u00edblico-Catequ\u00e9tica da CNBB. A iniciativa segue deseja refor\u00e7ar o espa\u00e7o que a Inicia\u00e7\u00e3o \u00e0 Vida Crist\u00e3 e a dimens\u00e3o catequ\u00e9tica ocupam na forma\u00e7\u00e3o do presbiterato. Poder\u00e1 ser acompanhada no canal do Youtube da CNBB <\/p>\n","protected":false},"author":142,"featured_media":966995,"comment_status":"open","ping_status":"open","sticky":false,"template":"","format":"standard","meta":{"site-sidebar-layout":"default","site-content-layout":"default","ast-global-header-display":"","ast-banner-title-visibility":"","ast-main-header-display":"","ast-hfb-above-header-display":"","ast-hfb-below-header-display":"","ast-hfb-mobile-header-display":"","site-post-title":"","ast-breadcrumbs-content":"","ast-featured-img":"","footer-sml-layout":"","theme-transparent-header-meta":"default","adv-header-id-meta":"","stick-header-meta":"","header-above-stick-meta":"","header-main-stick-meta":"","header-below-stick-meta":""},"categories":[800,1840],"tags":[2106,5621],"acf":[],"_links":{"self":[{"href":"https:\/\/www.cnbb.org.br\/cnbb-app\/wp\/v2\/posts\/966898"}],"collection":[{"href":"https:\/\/www.cnbb.org.br\/cnbb-app\/wp\/v2\/posts"}],"about":[{"href":"https:\/\/www.cnbb.org.br\/cnbb-app\/wp\/v2\/types\/post"}],"author":[{"embeddable":true,"href":"https:\/\/www.cnbb.org.br\/cnbb-app\/wp\/v2\/users\/142"}],"replies":[{"embeddable":true,"href":"https:\/\/www.cnbb.org.br\/cnbb-app\/wp\/v2\/comments?post=966898"}],"version-history":[{"count":4,"href":"https:\/\/www.cnbb.org.br\/cnbb-app\/wp\/v2\/posts\/966898\/revisions"}],"predecessor-version":[{"id":966996,"href":"https:\/\/www.cnbb.org.br\/cnbb-app\/wp\/v2\/posts\/966898\/revisions\/966996"}],"wp:featuredmedia":[{"embeddable":true,"href":"https:\/\/www.cnbb.org.br\/cnbb-app\/wp\/v2\/media\/966995"}],"wp:attachment":[{"href":"https:\/\/www.cnbb.org.br\/cnbb-app\/wp\/v2\/media?parent=966898"}],"wp:term":[{"taxonomy":"category","embeddable":true,"href":"https:\/\/www.cnbb.org.br\/cnbb-app\/wp\/v2\/categories?post=966898"},{"taxonomy":"post_tag","embeddable":true,"href":"https:\/\/www.cnbb.org.br\/cnbb-app\/wp\/v2\/tags?post=966898"}],"curies":[{"name":"wp","href":"https:\/\/api.w.org\/{rel}","templated":true}]}}