{"id":967311,"date":"2024-07-27T08:49:11","date_gmt":"2024-07-27T11:49:11","guid":{"rendered":"https:\/\/www.cnbb.org.br\/?p=967311"},"modified":"2024-07-26T08:54:33","modified_gmt":"2024-07-26T11:54:33","slug":"o-sentido-da-vida-3","status":"publish","type":"post","link":"https:\/\/www.cnbb.org.br\/o-sentido-da-vida-3\/","title":{"rendered":"O Sentido da vida\u00a0"},"content":{"rendered":"<p style=\"text-align: right;\"><b><span data-contrast=\"auto\">Cardeal Orani Jo\u00e3o Tempesta<br \/>\n<\/span><\/b><b><span data-contrast=\"auto\">Arcebispo do Rio de Janeiro (RJ)<\/span><\/b><\/p>\n<p>&nbsp;<\/p>\n<p style=\"text-align: justify;\">\n<p>O Sentido da vida<span data-ccp-props=\"{&quot;201341983&quot;:0,&quot;335551550&quot;:2,&quot;335551620&quot;:2,&quot;335559739&quot;:160,&quot;335559740&quot;:276}\">\u00a0<\/span><\/p>\n<p style=\"text-align: justify;\"><i><span data-contrast=\"auto\">Cadernos do Conc\u00edlio \u2013 Volume 26<\/span><\/i><span data-ccp-props=\"{&quot;201341983&quot;:0,&quot;335551550&quot;:2,&quot;335551620&quot;:2,&quot;335559739&quot;:160,&quot;335559740&quot;:276}\">\u00a0<\/span><\/p>\n<p style=\"text-align: justify;\"><span data-contrast=\"auto\">Hoje nos debru\u00e7aremos no volume vinte e seis da Cole\u00e7\u00e3o Cadernos do Conc\u00edlio Ecum\u00eanico Vaticano II, uma tradu\u00e7\u00e3o publicada pelas Edi\u00e7\u00f5es CNBB em vistas do S\u00ednodo da Esperan\u00e7a, que tem como tema: \u201c<\/span><i><span data-contrast=\"auto\">O sentido da vida\u201d, <\/span><\/i><span data-contrast=\"auto\">tema debatido tamb\u00e9m ao longo do Conc\u00edlio Ecum\u00eanico Vaticano II e que \u00e9 atual tamb\u00e9m para n\u00f3s hoje. Sobretudo por aquilo que vivemos no mundo nos \u00faltimos tempos com pandemia da Covid-19, guerras, viol\u00eancia, fome e tantas outras coisas.\u00a0<\/span><span data-ccp-props=\"{&quot;201341983&quot;:0,&quot;335551550&quot;:6,&quot;335551620&quot;:6,&quot;335559731&quot;:708,&quot;335559739&quot;:160,&quot;335559740&quot;:276}\">\u00a0<\/span><\/p>\n<p style=\"text-align: justify;\"><span data-contrast=\"auto\">\u00c9 sempre bom falarmos sobre o sentido da vida, quantas pessoas que conhecemos, at\u00e9 mesmo de nosso n\u00facleo familiar, que atravessam um momento de depress\u00e3o e perdem muitas vezes a vontade de viver. Temos que ter a certeza de que Deus nos deu a vida e somente Ele tem o poder de tir\u00e1-la, n\u00e3o podemos tir\u00e1-la por vontade pr\u00f3pria. N\u00e3o sabemos qual o dia e a hora, somente Ele o sabe.\u00a0<\/span><span data-ccp-props=\"{&quot;201341983&quot;:0,&quot;335551550&quot;:6,&quot;335551620&quot;:6,&quot;335559731&quot;:708,&quot;335559739&quot;:160,&quot;335559740&quot;:276}\">\u00a0<\/span><\/p>\n<p style=\"text-align: justify;\"><span data-contrast=\"auto\">Desde quando fomos concebidos e nascemos, Deus imprimiu em n\u00f3s o dom do Esp\u00edrito Santo, confirmado na celebra\u00e7\u00e3o do Batismo e depois na Crisma. Somos convidados a trilhar a nossa vida segundo o Esp\u00edrito Santo e esse mesmo Esp\u00edrito Santo dar\u00e1 sentido a nossa vida. Ao longo da nossa exist\u00eancia nos deparamos com algumas situa\u00e7\u00f5es que colocam em \u201cxeque\u201d a nossa vida, mas devemos acreditar em Deus e continuar seguindo em frente. Temos que acreditar que vale a pena viver e que temos muito a contribuir com esse mundo at\u00e9 o momento em que Deus nos chamar de volta para Ele.\u00a0<\/span><span data-ccp-props=\"{&quot;201341983&quot;:0,&quot;335551550&quot;:6,&quot;335551620&quot;:6,&quot;335559731&quot;:708,&quot;335559739&quot;:160,&quot;335559740&quot;:276}\">\u00a0<\/span><\/p>\n<p style=\"text-align: justify;\"><span data-contrast=\"auto\">Aquelas pessoas que se encontram internadas nos hospitais acometidas por alguma doen\u00e7a, aqueles que est\u00e3o em casas de repouso, ou nas pris\u00f5es, colocam em d\u00favida a pr\u00f3pria exist\u00eancia, por conta muitas vezes da solid\u00e3o e por tudo aquilo que passou para estar ali. Mas, mesmo assim deve confiar em Deus que far\u00e1 o melhor e conseguir\u00e1 passar por aquela situa\u00e7\u00e3o.\u00a0<\/span><span data-ccp-props=\"{&quot;201341983&quot;:0,&quot;335551550&quot;:6,&quot;335551620&quot;:6,&quot;335559731&quot;:708,&quot;335559739&quot;:160,&quot;335559740&quot;:276}\">\u00a0<\/span><\/p>\n<p style=\"text-align: justify;\"><span data-contrast=\"auto\">As fam\u00edlias que perderam seus entes queridos sobretudo recentemente por conta da pandemia da Covid-19, ou que perderam seus entes queridos em acidente, assalto, ou precocemente, ficam abalados e questionam a Deus o porqu\u00ea. Por mais que essa situa\u00e7\u00e3o seja dif\u00edcil \u00e9 preciso confiar no Senhor e seguir em frente, acreditando que aquele ente querido que morreu est\u00e1 no c\u00e9u intercedendo por aqueles que ficaram.\u00a0<\/span><span data-ccp-props=\"{&quot;201341983&quot;:0,&quot;335551550&quot;:6,&quot;335551620&quot;:6,&quot;335559731&quot;:708,&quot;335559739&quot;:160,&quot;335559740&quot;:276}\">\u00a0<\/span><\/p>\n<p style=\"text-align: justify;\"><span data-contrast=\"auto\">O questionamento sobre a vida humana \u00e9 bem antigo, vem desde o tempo filos\u00f3fico. Os pensadores filos\u00f3ficos se questionavam qual era a raz\u00e3o da exist\u00eancia humana, e ainda, de onde viemos e para onde vamos depois daqui. N\u00f3s como crist\u00e3os cat\u00f3licos sabemos que viemos de Deus e para Ele voltaremos. A vida n\u00e3o termina aqui, mas continua eternamente.\u00a0<\/span><span data-ccp-props=\"{&quot;201341983&quot;:0,&quot;335551550&quot;:6,&quot;335551620&quot;:6,&quot;335559731&quot;:708,&quot;335559739&quot;:160,&quot;335559740&quot;:276}\">\u00a0<\/span><\/p>\n<p style=\"text-align: justify;\"><span data-contrast=\"auto\">Diante dos avan\u00e7os tecnol\u00f3gicos e cient\u00edficos a humanidade trouxe \u00e0 tona novamente esses questionamentos sobre a exist\u00eancia humana. Temos que tomar muito cuidado nos dias de hoje com a <\/span><i><span data-contrast=\"auto\">\u201cIntelig\u00eancia Artificial\u201d<\/span><\/i><span data-contrast=\"auto\">, que \u00e9 capaz de criar textos, imagens, e at\u00e9 mesmo criar um \u201crob\u00f4\u201d com a imagem semelhante \u00e0 do ser humano. Esse \u201crob\u00f4\u201d n\u00e3o tem sentimento e n\u00e3o tem esp\u00edrito como um ser humano tem.\u00a0<\/span><span data-ccp-props=\"{&quot;201341983&quot;:0,&quot;335551550&quot;:6,&quot;335551620&quot;:6,&quot;335559731&quot;:708,&quot;335559739&quot;:160,&quot;335559740&quot;:276}\">\u00a0<\/span><\/p>\n<p style=\"text-align: justify;\"><span data-contrast=\"auto\">A Constitui\u00e7\u00e3o Dogm\u00e1tica <\/span><i><span data-contrast=\"auto\">Lumen Gentium, <\/span><\/i><span data-contrast=\"auto\">documento do Conc\u00edlio Ecum\u00eanico Vaticano II, tem um cap\u00edtulo que trata sobre a escatologia, ou seja, aquilo que acontecer\u00e1 no final dos tempos, ou seja, o nosso fim \u00faltimo que \u00e9 a vida eterna. Enquanto estamos aqui na terra fazemos parte da Igreja peregrina que caminhamos rumo a Igreja triunfante, que \u00e9 a Igreja celeste, ao encontro do Senhor.\u00a0<\/span><span data-ccp-props=\"{&quot;201341983&quot;:0,&quot;335551550&quot;:6,&quot;335551620&quot;:6,&quot;335559731&quot;:708,&quot;335559739&quot;:160,&quot;335559740&quot;:276}\">\u00a0<\/span><\/p>\n<p style=\"text-align: justify;\"><span data-contrast=\"auto\">A Constitui\u00e7\u00e3o Dogm\u00e1tica <\/span><i><span data-contrast=\"auto\">Lumen Gentium, <\/span><\/i><span data-contrast=\"auto\">tamb\u00e9m vai dizer que \u00e9 por isso que rezamos pelos defuntos, acreditamos que suas vidas est\u00e3o junto de Deus se viveram de acordo com a vontade do Pai. Por isso, n\u00e3o devemos acumular bens materiais, causar brigas e intrigas com os outros, querer ser melhor do que os outros, enfim, o que levaremos dessa vida ser\u00e1 somente o amor. O amor deve ser o nosso \u201cingresso\u201d para a vida eterna.\u00a0<\/span><span data-ccp-props=\"{&quot;201341983&quot;:0,&quot;335551550&quot;:6,&quot;335551620&quot;:6,&quot;335559731&quot;:708,&quot;335559739&quot;:160,&quot;335559740&quot;:276}\">\u00a0<\/span><\/p>\n<p style=\"text-align: justify;\"><span data-contrast=\"auto\">Acredita-se que ap\u00f3s essa vida terrena teremos um primeiro encontro com o Senhor, ou seja, ser\u00e1 o nosso \u201cju\u00edzo particular\u201d, momento em que poderemos nos arrepender de nossos pecados e aguardar a o momento do encontro final com o Senhor, na segunda vinda de Cristo que ser\u00e1 o \u201cju\u00edzo final\u201d junto com todos.\u00a0<\/span><span data-ccp-props=\"{&quot;201341983&quot;:0,&quot;335551550&quot;:6,&quot;335551620&quot;:6,&quot;335559731&quot;:708,&quot;335559739&quot;:160,&quot;335559740&quot;:276}\">\u00a0<\/span><\/p>\n<p style=\"text-align: justify;\"><span data-contrast=\"auto\">A nossa vida tem total sentido, ela n\u00e3o teria sentido se acabasse aqui, mas ela continua na eternidade. Por isso, aproveitemos ao m\u00e1ximo enquanto estamos aqui para amar o nosso pr\u00f3ximo e fazer o bem para que ao passar dessa vida possamos habitar eternamente junto de Deus.\u00a0<\/span><span data-ccp-props=\"{&quot;201341983&quot;:0,&quot;335551550&quot;:6,&quot;335551620&quot;:6,&quot;335559731&quot;:708,&quot;335559739&quot;:160,&quot;335559740&quot;:276}\">\u00a0<\/span><\/p>\n<p style=\"text-align: justify;\"><span data-contrast=\"auto\">A salva\u00e7\u00e3o \u00e9 para todos, Deus n\u00e3o deseja condenar ningu\u00e9m, por isso, at\u00e9 o \u00faltimo momento a pessoa tem a oportunidade de se arrepender de seus pecados. E n\u00f3s que aqui ficamos rezamos sempre na inten\u00e7\u00e3o dos entes falecidos, para que alcancem mais facilmente o perd\u00e3o dos pecados e a salva\u00e7\u00e3o eterna.\u00a0<\/span><span data-ccp-props=\"{&quot;201341983&quot;:0,&quot;335551550&quot;:6,&quot;335551620&quot;:6,&quot;335559731&quot;:708,&quot;335559739&quot;:160,&quot;335559740&quot;:276}\">\u00a0<\/span><\/p>\n<p style=\"text-align: justify;\"><span data-contrast=\"auto\">Podemos observar que a quest\u00e3o do sentido da vida vem de anos na Igreja, conforme nos exorta a Constitui\u00e7\u00e3o Dogm\u00e1tica <\/span><i><span data-contrast=\"auto\">Lumen gentium, <\/span><\/i><span data-contrast=\"auto\">e ela ainda continua atual nos dias de hoje. Convido a tomarem esse volume vinte e seis dos Cadernos do Conc\u00edlio Ecum\u00eanico Vaticano II em m\u00e3os e ainda ler o cap\u00edtulo s\u00e9timo da Constitui\u00e7\u00e3o Dogm\u00e1tica <\/span><i><span data-contrast=\"auto\">Lumen Gentium.<\/span><\/i><span data-contrast=\"auto\">\u00a0<\/span><span data-ccp-props=\"{&quot;201341983&quot;:0,&quot;335551550&quot;:6,&quot;335551620&quot;:6,&quot;335559731&quot;:708,&quot;335559739&quot;:160,&quot;335559740&quot;:276}\">\u00a0<\/span><\/p>\n<p><span data-ccp-props=\"{&quot;201341983&quot;:0,&quot;335551550&quot;:6,&quot;335551620&quot;:6,&quot;335559731&quot;:708,&quot;335559739&quot;:160,&quot;335559740&quot;:276}\">\u00a0<\/span><\/p>\n<p>&nbsp;<\/p>\n","protected":false},"excerpt":{"rendered":"<p>Cardeal Orani Jo\u00e3o Tempesta Arcebispo do Rio de Janeiro (RJ) &nbsp; O Sentido da vida\u00a0 Cadernos do Conc\u00edlio \u2013 Volume 26\u00a0 Hoje nos debru\u00e7aremos no volume vinte e seis da Cole\u00e7\u00e3o Cadernos do Conc\u00edlio Ecum\u00eanico Vaticano II, uma tradu\u00e7\u00e3o publicada pelas Edi\u00e7\u00f5es CNBB em vistas do S\u00ednodo da Esperan\u00e7a, que tem como tema: \u201cO sentido &hellip;<\/p>\n<p class=\"read-more\"> <a class=\"\" href=\"https:\/\/www.cnbb.org.br\/o-sentido-da-vida-3\/\"> <span class=\"screen-reader-text\">O Sentido da vida\u00a0<\/span> Leia mais &raquo;<\/a><\/p>\n","protected":false},"author":31,"featured_media":0,"comment_status":"open","ping_status":"open","sticky":false,"template":"","format":"standard","meta":{"site-sidebar-layout":"default","site-content-layout":"default","ast-global-header-display":"","ast-banner-title-visibility":"","ast-main-header-display":"","ast-hfb-above-header-display":"","ast-hfb-below-header-display":"","ast-hfb-mobile-header-display":"","site-post-title":"","ast-breadcrumbs-content":"","ast-featured-img":"","footer-sml-layout":"","theme-transparent-header-meta":"default","adv-header-id-meta":"","stick-header-meta":"","header-above-stick-meta":"","header-main-stick-meta":"","header-below-stick-meta":""},"categories":[758],"tags":[],"acf":[],"_links":{"self":[{"href":"https:\/\/www.cnbb.org.br\/cnbb-app\/wp\/v2\/posts\/967311"}],"collection":[{"href":"https:\/\/www.cnbb.org.br\/cnbb-app\/wp\/v2\/posts"}],"about":[{"href":"https:\/\/www.cnbb.org.br\/cnbb-app\/wp\/v2\/types\/post"}],"author":[{"embeddable":true,"href":"https:\/\/www.cnbb.org.br\/cnbb-app\/wp\/v2\/users\/31"}],"replies":[{"embeddable":true,"href":"https:\/\/www.cnbb.org.br\/cnbb-app\/wp\/v2\/comments?post=967311"}],"version-history":[{"count":3,"href":"https:\/\/www.cnbb.org.br\/cnbb-app\/wp\/v2\/posts\/967311\/revisions"}],"predecessor-version":[{"id":967314,"href":"https:\/\/www.cnbb.org.br\/cnbb-app\/wp\/v2\/posts\/967311\/revisions\/967314"}],"wp:attachment":[{"href":"https:\/\/www.cnbb.org.br\/cnbb-app\/wp\/v2\/media?parent=967311"}],"wp:term":[{"taxonomy":"category","embeddable":true,"href":"https:\/\/www.cnbb.org.br\/cnbb-app\/wp\/v2\/categories?post=967311"},{"taxonomy":"post_tag","embeddable":true,"href":"https:\/\/www.cnbb.org.br\/cnbb-app\/wp\/v2\/tags?post=967311"}],"curies":[{"name":"wp","href":"https:\/\/api.w.org\/{rel}","templated":true}]}}