{"id":967691,"date":"2024-08-02T11:05:13","date_gmt":"2024-08-02T14:05:13","guid":{"rendered":"https:\/\/www.cnbb.org.br\/?p=967691"},"modified":"2024-08-02T15:56:26","modified_gmt":"2024-08-02T18:56:26","slug":"10o-dia-de-oracao-pelos-cristaos-perseguidos","status":"publish","type":"post","link":"https:\/\/www.cnbb.org.br\/10o-dia-de-oracao-pelos-cristaos-perseguidos\/","title":{"rendered":"Missa na Catedral da S\u00e9 em S\u00e3o Paulo motiva para o 10\u00ba Dia de Ora\u00e7\u00e3o pelos Crist\u00e3os Perseguidos"},"content":{"rendered":"<p style=\"text-align: justify;\">No pr\u00f3ximo dia 6 de agosto, a Funda\u00e7\u00e3o Pontif\u00edcia Ajuda \u00e0 Igreja que Sofre (ACN) promove a 10\u00aa edi\u00e7\u00e3o do Dia de Ora\u00e7\u00e3o pelos Crist\u00e3os Perseguidos. Neste ano, s\u00e3o lembrados os dez anos da expuls\u00e3o de mais de 100 mil crist\u00e3os do norte do Iraque pelo grupo terrorista Estado Isl\u00e2mico. Uma missa na catedral da S\u00e9, em S\u00e3o Paulo (SP), no domingo, 4 de agosto, motivar\u00e1 a participa\u00e7\u00e3o dos fi\u00e9is nessa proposta de ora\u00e7\u00e3o.<\/p>\n<p style=\"text-align: justify;\">Com o apoio da Confer\u00eancia Nacional dos Bispos do Brasil (CNBB), a ACN promove essa iniciativa convidando todas as par\u00f3quias e comunidades crist\u00e3s do pa\u00eds a participarem. &#8220;Rezar \u00e9 demonstrar import\u00e2ncia ao tema e dar a visibilidade necess\u00e1ria para uma posi\u00e7\u00e3o contr\u00e1ria a persegui\u00e7\u00e3o de quem, ainda hoje, paga um alto pre\u00e7o por acreditar em Jesus&#8221;, motiva a ACN.<\/p>\n<p style=\"text-align: justify;\">O cartaz que divulga essa iniciativa apresenta uma foto de duas m\u00e3es que tiveram suas orelhas cortadas por terroristas do Boko Haram, em 2019, quando uma aldeia crist\u00e3 em Camar\u00f5es foi atacada. O atentado teria sido uma forma de aterrorizar os que, segundo islamistas, &#8220;ouvem as vozes daqueles que n\u00e3o os seguem&#8221;.<\/p>\n<p style=\"text-align: justify;\">O assistente eclesi\u00e1stico da ACN Brasil, frei Rog\u00e9rio Lima, destaca o trabalho da ACN, que gra\u00e7as aos benfeitores, socorre todos os dias &#8220;os crist\u00e3os que sofrem mis\u00e9ria ou persegui\u00e7\u00e3o em mais de 130 pa\u00edses, incluindo o Brasil&#8221;.<\/p>\n<blockquote>\n<p style=\"text-align: justify;\">&#8220;No Dia de Ora\u00e7\u00e3o pelos Crist\u00e3os Perseguidos queremos mostrar tamb\u00e9m o poder que a ora\u00e7\u00e3o tem para aqueles que sofrem na pele a discrimina\u00e7\u00e3o e a persegui\u00e7\u00e3o por serem crist\u00e3os. Semanalmente recebemos not\u00edcias de ataques a igrejas, de sequestros, tortura e assassinato de padres, religiosas e crist\u00e3os leigos. Al\u00e9m da ajuda concreta, precisamos da ora\u00e7\u00e3o de cada um. Como Paulo nos pediu na carta aos Tessalonicenses: \u2018Orai meus irm\u00e3os e irm\u00e3s, sem cessar\u2019\u201d, afirmou.<\/p>\n<\/blockquote>\n<h3 style=\"text-align: justify;\">Persegui\u00e7\u00e3o religiosa aos crist\u00e3os<\/h3>\n<p style=\"text-align: justify;\">Os dados levantados pela Funda\u00e7\u00e3o Pontif\u00edcia contabilizam 61 pa\u00edses onde a liberdade religiosa \u00e9 violada de forma grave. Pessoas foram mortas ou sequestradas por causa da f\u00e9 em 40 pa\u00edses. As informa\u00e7\u00f5es constam no Relat\u00f3rio de Liberdade Religiosa no Mundo, edi\u00e7\u00e3o de 2023. O mesmo documento registra que 62% da popula\u00e7\u00e3o mundial vive em pa\u00edses com viola\u00e7\u00f5es da liberdade religiosa.<\/p>\n<p style=\"text-align: justify;\">No \u00faltimo Natal, h\u00e1 apenas 8 meses, comunidades crist\u00e3s foram brutalmente atacadas na Nig\u00e9ria, causando mais de 300 mortes. Em 2023, 132 padres cat\u00f3licos e religiosos foram presos, sequestrados ou assassinados. Em v\u00e1rios pa\u00edses da \u00c1frica, \u00c1sia e Oriente M\u00e9dio igrejas s\u00e3o atacadas e incendiadas, crist\u00e3os s\u00e3o discriminados, presos, sequestrados, torturados, apedrejados ou mortos, por serem crist\u00e3os.<\/p>\n<p style=\"text-align: justify;\">\n<div class=\"ast-oembed-container\" style=\"height: 100%;\"><iframe loading=\"lazy\" title=\"Dia de Ora\u00e7\u00e3o pelos Crist\u00e3os Perseguidos | 2024\" width=\"500\" height=\"281\" src=\"https:\/\/www.youtube.com\/embed\/LWJvzxHj63Y?feature=oembed\" frameborder=\"0\" allow=\"accelerometer; autoplay; clipboard-write; encrypted-media; gyroscope; picture-in-picture; web-share\" referrerpolicy=\"strict-origin-when-cross-origin\" allowfullscreen><\/iframe><\/div>\n<\/p>\n<h3 style=\"text-align: justify;\">Programa\u00e7\u00e3o no Brasil<\/h3>\n<p style=\"text-align: justify;\">Neste final de semana, a missa na Catedral da S\u00e9, em S\u00e3o Paulo, ser\u00e1 no domingo, 4 de agosto, \u00e0s 11h. No dia 6 de agosto, o frei Rog\u00e9rio ir\u00e1 celebrar na capela da ACN, \u00e0s 15 horas, com transmiss\u00e3o ao vivo pelo Youtube da ACN Brasil.<\/p>\n<p style=\"text-align: justify;\">Link do site da ACN com mais informa\u00e7\u00f5es. <a href=\"https:\/\/www.acn.org.br\/dia-de-oracao-pelos-cristaos-perseguidos\/\" target=\"_blank\" rel=\"noopener\">Acesse aqui.<\/a><\/p>\n<p style=\"text-align: justify;\"><a href=\"https:\/\/www.acn.org.br\/wp-content\/uploads\/2024\/05\/ACN-cARTAZ-DOCP-A2-2024.jpg\" data-rel=\"lightbox-image-0\" data-rl_title=\"\" data-rl_caption=\"\" title=\"\" target=\"_blank\" rel=\"noopener\">Download do cartaz.<\/a><\/p>\n<p>&nbsp;<\/p>\n<h3 style=\"text-align: justify;\">Sobre a ACN &#8211; Ajuda \u00e0 Igreja que Sofre<\/h3>\n<p style=\"text-align: justify;\">A ACN (Ajuda \u00e0 Igreja que Sofre) \u00e9 uma Funda\u00e7\u00e3o Pontif\u00edcia que apoia, por meio de informa\u00e7\u00e3o, ora\u00e7\u00e3o e a\u00e7\u00e3o, os fi\u00e9is onde quer que sejam perseguidos, oprimidos ou enfrentem necessidade. Fundada no Natal de 1947, a ACN foi elevada \u00e0 condi\u00e7\u00e3o de Funda\u00e7\u00e3o Pontif\u00edcia da Igreja em 2011. Todos os anos, a institui\u00e7\u00e3o atende cerca de 5.000 pedidos de ajuda pastoral da Igreja em mais de 130 pa\u00edses.<\/p>\n<p style=\"text-align: justify;\">Os projetos apoiados incluem: forma\u00e7\u00e3o de seminaristas, impress\u00e3o de B\u00edblias e literatura religiosa &#8211; incluindo a B\u00edblia da Crian\u00e7a da ACN com mais de 51 milh\u00f5es de exemplares impressos em mais de 190 l\u00ednguas -, apoio a padres e religiosos em miss\u00f5es e situa\u00e7\u00f5es cr\u00edticas; constru\u00e7\u00e3o e reconstru\u00e7\u00e3o de igrejas e demais instala\u00e7\u00f5es eclesiais; meios de transporte para evangeliza\u00e7\u00e3o; programas religiosos de comunica\u00e7\u00e3o; ajuda a refugiados e v\u00edtimas de conflitos.<\/p>\n<p>&nbsp;<\/p>\n<pre>Por Luiz Lopes Jr. com informa\u00e7\u00f5es da ACN Brasil<\/pre>\n","protected":false},"excerpt":{"rendered":"<p>Iniciativa da Funda\u00e7\u00e3o Pontif\u00edcia Ajuda \u00e0 Igreja que Sofre tem apoio da CNBB e convida todas as par\u00f3quias e comunidades crist\u00e3s do pa\u00eds a participarem. Neste ano, s\u00e3o lembrados os dez anos da expuls\u00e3o de mais de 100 mil crist\u00e3os do norte do Iraque. Os dados levantados pela Funda\u00e7\u00e3o contabilizam 61 pa\u00edses onde a liberdade religiosa \u00e9 violada de forma grave<\/p>\n","protected":false},"author":38,"featured_media":967692,"comment_status":"open","ping_status":"open","sticky":false,"template":"","format":"standard","meta":{"site-sidebar-layout":"default","site-content-layout":"default","ast-global-header-display":"","ast-banner-title-visibility":"","ast-main-header-display":"","ast-hfb-above-header-display":"","ast-hfb-below-header-display":"","ast-hfb-mobile-header-display":"","site-post-title":"","ast-breadcrumbs-content":"","ast-featured-img":"","footer-sml-layout":"","theme-transparent-header-meta":"default","adv-header-id-meta":"","stick-header-meta":"","header-above-stick-meta":"","header-main-stick-meta":"","header-below-stick-meta":""},"categories":[50,1937],"tags":[4608],"acf":[],"_links":{"self":[{"href":"https:\/\/www.cnbb.org.br\/cnbb-app\/wp\/v2\/posts\/967691"}],"collection":[{"href":"https:\/\/www.cnbb.org.br\/cnbb-app\/wp\/v2\/posts"}],"about":[{"href":"https:\/\/www.cnbb.org.br\/cnbb-app\/wp\/v2\/types\/post"}],"author":[{"embeddable":true,"href":"https:\/\/www.cnbb.org.br\/cnbb-app\/wp\/v2\/users\/38"}],"replies":[{"embeddable":true,"href":"https:\/\/www.cnbb.org.br\/cnbb-app\/wp\/v2\/comments?post=967691"}],"version-history":[{"count":5,"href":"https:\/\/www.cnbb.org.br\/cnbb-app\/wp\/v2\/posts\/967691\/revisions"}],"predecessor-version":[{"id":967745,"href":"https:\/\/www.cnbb.org.br\/cnbb-app\/wp\/v2\/posts\/967691\/revisions\/967745"}],"wp:featuredmedia":[{"embeddable":true,"href":"https:\/\/www.cnbb.org.br\/cnbb-app\/wp\/v2\/media\/967692"}],"wp:attachment":[{"href":"https:\/\/www.cnbb.org.br\/cnbb-app\/wp\/v2\/media?parent=967691"}],"wp:term":[{"taxonomy":"category","embeddable":true,"href":"https:\/\/www.cnbb.org.br\/cnbb-app\/wp\/v2\/categories?post=967691"},{"taxonomy":"post_tag","embeddable":true,"href":"https:\/\/www.cnbb.org.br\/cnbb-app\/wp\/v2\/tags?post=967691"}],"curies":[{"name":"wp","href":"https:\/\/api.w.org\/{rel}","templated":true}]}}