{"id":967783,"date":"2024-08-05T09:39:42","date_gmt":"2024-08-05T12:39:42","guid":{"rendered":"https:\/\/www.cnbb.org.br\/?p=967783"},"modified":"2024-08-05T09:40:29","modified_gmt":"2024-08-05T12:40:29","slug":"uma-sinfonia-para-anunciar-viver-e-testemunhar","status":"publish","type":"post","link":"https:\/\/www.cnbb.org.br\/uma-sinfonia-para-anunciar-viver-e-testemunhar\/","title":{"rendered":"Uma sinfonia para anunciar, viver e testemunhar\u00a0"},"content":{"rendered":"<p style=\"text-align: right;\"><b><span data-contrast=\"none\">Dom Roberto Francisco Ferreria Paz<\/span><\/b><span data-ccp-props=\"{&quot;335551550&quot;:2,&quot;335551620&quot;:2}\"><br \/>\n<\/span><b><span data-contrast=\"none\">Bispo de Campos (RJ)<\/span><\/b><span data-ccp-props=\"{&quot;335551550&quot;:2,&quot;335551620&quot;:2}\">\u00a0<\/span><\/p>\n<p style=\"text-align: justify;\"><span data-ccp-props=\"{&quot;335551550&quot;:2,&quot;335551620&quot;:2}\">\u00a0<\/span><\/p>\n<p style=\"text-align: justify;\"><span data-contrast=\"none\">Agosto na Igreja que peregrina no Brasil \u00e9 o m\u00eas das voca\u00e7\u00f5es, um tempo para refletir, animar e acompanhar o inestim\u00e1vel dom da voca\u00e7\u00e3o, do chamado de Deus, que transparece nos diversos caminhos, estados, carismas e minist\u00e9rios que emergem na vida e na Igreja.\u00a0<\/span><span data-ccp-props=\"{&quot;335551550&quot;:6,&quot;335551620&quot;:6,&quot;335559731&quot;:720}\">\u00a0<\/span><\/p>\n<p style=\"text-align: justify;\"><span data-contrast=\"none\">Neste ano 2024 o tema do m\u00eas vocacional: \u201cIgreja, uma Sinfonia Vocacional\u201d manifesta os v\u00e1rios aspectos dos sinais vocacionais, a harmonia do chamado e do plano de Deus para cada um de n\u00f3s, expresso na musicalidade, dan\u00e7a e leveza, que traduzem a felicidade e a alegria de ter encontrado o profundo sentido da vida. Por outra parte, revelam a perspectiva e dimens\u00e3o sinodal de cada voca\u00e7\u00e3o que na singularidade e diversidade do chamado, conjugam-se e com fineza cordial edificam e animam o corpo eclesial mostrando a beleza de ser crist\u00e3o e pertencer a Igreja de Cristo.\u202f<\/span><span data-ccp-props=\"{&quot;335551550&quot;:6,&quot;335551620&quot;:6,&quot;335559731&quot;:720}\">\u00a0<\/span><\/p>\n<p style=\"text-align: justify;\"><span data-contrast=\"none\">O lema escolhido para este m\u00eas foi: \u201cPedi, pois ao Senhor da Messe, Mt. 9,38\u201d, que se enquadra perfeitamente no Ano da Ora\u00e7\u00e3o, preparat\u00f3rio do grandioso jubileu eclesial do ano 2025, por\u00e9m revela-nos o fundamento essencial da pastoral e anima\u00e7\u00e3o vocacional, a prece ao Senhor da Messe.<\/span><span data-ccp-props=\"{&quot;335551550&quot;:6,&quot;335551620&quot;:6,&quot;335559731&quot;:720}\">\u00a0<\/span><\/p>\n<p style=\"text-align: justify;\"><span data-contrast=\"none\">\u00a0Por ela alcan\u00e7amos o Cora\u00e7\u00e3o do Bom Pastor que sempre envia oper\u00e1rios a sua messe sempre pr\u00f3diga e abundante. Toda ora\u00e7\u00e3o \u00e9 vocacional uma vez que nos coloca diante do Deus da Vida, o Senhor da hist\u00f3ria que continuamente nos chama, e nos revela sua vontade. \u00c9 tamb\u00e9m pela ora\u00e7\u00e3o que descobrimos que vivemos e somos\u202f<\/span><span data-ccp-props=\"{&quot;335551550&quot;:6,&quot;335551620&quot;:6,&quot;335559731&quot;:720}\">\u00a0<\/span><\/p>\n<p style=\"text-align: justify;\"><span data-contrast=\"none\">Igreja numa sinfonia vocacional, animando-nos e encorajando-nos mutuamente, pois a ora\u00e7\u00e3o nos santifica e nos torna dispon\u00edveis e abertos aos sinais dos tempos onde se concretiza o chamado divino. Que possamos despertar com a alegria e realiza\u00e7\u00e3o de nossa condi\u00e7\u00e3o de eleitos e chamados, a consci\u00eancia e reconhecimento de caminhar juntos, pois cada vocacionado alimenta e nutre a voca\u00e7\u00e3o de cada irm\u00e3o e irm\u00e3, apresentando a bela e harmoniosa sinfonia de uma Igreja esponsal, orante, fiel e coerente com o chamado do Senhor Jesus. Deus seja louvado!<\/span><span data-ccp-props=\"{&quot;335551550&quot;:6,&quot;335551620&quot;:6,&quot;335559731&quot;:720}\">\u00a0<\/span><\/p>\n<p><span data-ccp-props=\"{&quot;335551550&quot;:1,&quot;335551620&quot;:1,&quot;335559739&quot;:240}\">\u00a0<\/span><\/p>\n","protected":false},"excerpt":{"rendered":"<p>Dom Roberto Francisco Ferreria Paz Bispo de Campos (RJ)\u00a0 \u00a0 Agosto na Igreja que peregrina no Brasil \u00e9 o m\u00eas das voca\u00e7\u00f5es, um tempo para refletir, animar e acompanhar o inestim\u00e1vel dom da voca\u00e7\u00e3o, do chamado de Deus, que transparece nos diversos caminhos, estados, carismas e minist\u00e9rios que emergem na vida e na Igreja.\u00a0\u00a0 Neste &hellip;<\/p>\n<p class=\"read-more\"> <a class=\"\" href=\"https:\/\/www.cnbb.org.br\/uma-sinfonia-para-anunciar-viver-e-testemunhar\/\"> <span class=\"screen-reader-text\">Uma sinfonia para anunciar, viver e testemunhar\u00a0<\/span> Leia mais &raquo;<\/a><\/p>\n","protected":false},"author":23,"featured_media":0,"comment_status":"open","ping_status":"open","sticky":false,"template":"","format":"standard","meta":{"site-sidebar-layout":"default","site-content-layout":"default","ast-global-header-display":"","ast-banner-title-visibility":"","ast-main-header-display":"","ast-hfb-above-header-display":"","ast-hfb-below-header-display":"","ast-hfb-mobile-header-display":"","site-post-title":"","ast-breadcrumbs-content":"","ast-featured-img":"","footer-sml-layout":"","theme-transparent-header-meta":"default","adv-header-id-meta":"","stick-header-meta":"","header-above-stick-meta":"","header-main-stick-meta":"","header-below-stick-meta":""},"categories":[758,1837],"tags":[],"acf":[],"_links":{"self":[{"href":"https:\/\/www.cnbb.org.br\/cnbb-app\/wp\/v2\/posts\/967783"}],"collection":[{"href":"https:\/\/www.cnbb.org.br\/cnbb-app\/wp\/v2\/posts"}],"about":[{"href":"https:\/\/www.cnbb.org.br\/cnbb-app\/wp\/v2\/types\/post"}],"author":[{"embeddable":true,"href":"https:\/\/www.cnbb.org.br\/cnbb-app\/wp\/v2\/users\/23"}],"replies":[{"embeddable":true,"href":"https:\/\/www.cnbb.org.br\/cnbb-app\/wp\/v2\/comments?post=967783"}],"version-history":[{"count":2,"href":"https:\/\/www.cnbb.org.br\/cnbb-app\/wp\/v2\/posts\/967783\/revisions"}],"predecessor-version":[{"id":967785,"href":"https:\/\/www.cnbb.org.br\/cnbb-app\/wp\/v2\/posts\/967783\/revisions\/967785"}],"wp:attachment":[{"href":"https:\/\/www.cnbb.org.br\/cnbb-app\/wp\/v2\/media?parent=967783"}],"wp:term":[{"taxonomy":"category","embeddable":true,"href":"https:\/\/www.cnbb.org.br\/cnbb-app\/wp\/v2\/categories?post=967783"},{"taxonomy":"post_tag","embeddable":true,"href":"https:\/\/www.cnbb.org.br\/cnbb-app\/wp\/v2\/tags?post=967783"}],"curies":[{"name":"wp","href":"https:\/\/api.w.org\/{rel}","templated":true}]}}