{"id":967842,"date":"2024-08-06T10:05:13","date_gmt":"2024-08-06T13:05:13","guid":{"rendered":"https:\/\/www.cnbb.org.br\/?p=967842"},"modified":"2024-08-06T10:11:07","modified_gmt":"2024-08-06T13:11:07","slug":"live-apresentara-os-primeiros-leigos-do-regional-nordeste-3-que-serao-instituidos-no-ministerio-de-catequista","status":"publish","type":"post","link":"https:\/\/www.cnbb.org.br\/live-apresentara-os-primeiros-leigos-do-regional-nordeste-3-que-serao-instituidos-no-ministerio-de-catequista\/","title":{"rendered":"Live apresentar\u00e1 os primeiros leigos do regional Nordeste 3 que ser\u00e3o institu\u00eddos no Minist\u00e9rio de Catequista"},"content":{"rendered":"<p style=\"text-align: justify;\">No dia 26 de agosto, 26 homens e mulheres das arquidioceses e dioceses da Bahia e de Sergipe ser\u00e3o institu\u00eddos catequistas, sendo os primeiros do regional Nordeste 3. Representando a Arquidiocese de Salvador, estar\u00e1 o coordenador do Servi\u00e7o Arquidiocesano de Anima\u00e7\u00e3o B\u00edblico-catequ\u00e9tica, Jos\u00e9 Carlos Santos Silva. A Santa Missa com o rito de institui\u00e7\u00e3o acontecer\u00e1 na Bas\u00edlica Santu\u00e1rio Senhor Bom Jesus do Bonfim, \u00e0s 17h, e ser\u00e1 transmitida pelo canal youtube.com\/@cnbbne3<\/p>\n<p style=\"text-align: justify;\">Ainda como parte da prepara\u00e7\u00e3o, os que ser\u00e3o institu\u00eddos catequistas ser\u00e3o apresentados na pr\u00f3xima ter\u00e7a-feira, 6 de agosto, em live conduzida pelo coordenador Regional da Catequese, Fl\u00e1vio \u00cdris, \u00e0s 19h30, pelo canal do regional.<\/p>\n<p>&nbsp;<\/p>\n<p>Mais informa\u00e7\u00f5es no site do <a href=\"https:\/\/cnbbne3.org.br\/live-apresentara-os-primeiros-leigos-do-regional-nordeste-3-que-serao-instituidos-no-ministerio-de-catequista\/\" target=\"_blank\" rel=\"noopener\">regional Nordeste 3<\/a>.<\/p>\n","protected":false},"excerpt":{"rendered":"<p>No dia 26 de agosto, 26 homens e mulheres das arquidioceses e dioceses da Bahia e de Sergipe ser\u00e3o institu\u00eddos catequistas, sendo os primeiros do regional Nordeste 3. Representando a Arquidiocese de Salvador, estar\u00e1 o coordenador do Servi\u00e7o Arquidiocesano de Anima\u00e7\u00e3o B\u00edblico-catequ\u00e9tica, Jos\u00e9 Carlos Santos Silva. A Santa Missa com o rito de institui\u00e7\u00e3o acontecer\u00e1 &hellip;<\/p>\n<p class=\"read-more\"> <a class=\"\" href=\"https:\/\/www.cnbb.org.br\/live-apresentara-os-primeiros-leigos-do-regional-nordeste-3-que-serao-instituidos-no-ministerio-de-catequista\/\"> <span class=\"screen-reader-text\">Live apresentar\u00e1 os primeiros leigos do regional Nordeste 3 que ser\u00e3o institu\u00eddos no Minist\u00e9rio de Catequista<\/span> Leia mais &raquo;<\/a><\/p>\n","protected":false},"author":141,"featured_media":967843,"comment_status":"open","ping_status":"open","sticky":false,"template":"","format":"standard","meta":{"site-sidebar-layout":"default","site-content-layout":"default","ast-global-header-display":"","ast-banner-title-visibility":"","ast-main-header-display":"","ast-hfb-above-header-display":"","ast-hfb-below-header-display":"","ast-hfb-mobile-header-display":"","site-post-title":"","ast-breadcrumbs-content":"","ast-featured-img":"","footer-sml-layout":"","theme-transparent-header-meta":"default","adv-header-id-meta":"","stick-header-meta":"","header-above-stick-meta":"","header-main-stick-meta":"","header-below-stick-meta":""},"categories":[789],"tags":[],"acf":[],"_links":{"self":[{"href":"https:\/\/www.cnbb.org.br\/cnbb-app\/wp\/v2\/posts\/967842"}],"collection":[{"href":"https:\/\/www.cnbb.org.br\/cnbb-app\/wp\/v2\/posts"}],"about":[{"href":"https:\/\/www.cnbb.org.br\/cnbb-app\/wp\/v2\/types\/post"}],"author":[{"embeddable":true,"href":"https:\/\/www.cnbb.org.br\/cnbb-app\/wp\/v2\/users\/141"}],"replies":[{"embeddable":true,"href":"https:\/\/www.cnbb.org.br\/cnbb-app\/wp\/v2\/comments?post=967842"}],"version-history":[{"count":1,"href":"https:\/\/www.cnbb.org.br\/cnbb-app\/wp\/v2\/posts\/967842\/revisions"}],"predecessor-version":[{"id":967844,"href":"https:\/\/www.cnbb.org.br\/cnbb-app\/wp\/v2\/posts\/967842\/revisions\/967844"}],"wp:featuredmedia":[{"embeddable":true,"href":"https:\/\/www.cnbb.org.br\/cnbb-app\/wp\/v2\/media\/967843"}],"wp:attachment":[{"href":"https:\/\/www.cnbb.org.br\/cnbb-app\/wp\/v2\/media?parent=967842"}],"wp:term":[{"taxonomy":"category","embeddable":true,"href":"https:\/\/www.cnbb.org.br\/cnbb-app\/wp\/v2\/categories?post=967842"},{"taxonomy":"post_tag","embeddable":true,"href":"https:\/\/www.cnbb.org.br\/cnbb-app\/wp\/v2\/tags?post=967842"}],"curies":[{"name":"wp","href":"https:\/\/api.w.org\/{rel}","templated":true}]}}