{"id":968117,"date":"2024-08-09T13:37:17","date_gmt":"2024-08-09T16:37:17","guid":{"rendered":"https:\/\/www.cnbb.org.br\/?p=968117"},"modified":"2024-08-09T13:38:02","modified_gmt":"2024-08-09T16:38:02","slug":"a-vocacao-que-constroi-a-familia","status":"publish","type":"post","link":"https:\/\/www.cnbb.org.br\/a-vocacao-que-constroi-a-familia\/","title":{"rendered":"A voca\u00e7\u00e3o que constr\u00f3i a fam\u00edlia\u00a0"},"content":{"rendered":"<p style=\"text-align: right;\"><strong>Dom Jos\u00e9 Gislon<br \/>\nBispo de Caxias do Sul (RS)<\/strong><\/p>\n<p style=\"text-align: justify;\"><span data-ccp-props=\"{&quot;201341983&quot;:0,&quot;335551550&quot;:2,&quot;335551620&quot;:2,&quot;335559739&quot;:0,&quot;335559740&quot;:240}\">\u00a0<\/span><\/p>\n<p style=\"text-align: justify;\"><span data-contrast=\"auto\">Estimados irm\u00e3os e irm\u00e3s em Cristo Jesus! <\/span><span data-contrast=\"auto\">No segundo Domingo de agosto comemoramos o dia dos pais e iniciamos a Semana Nacional da fam\u00edlia. Lembrar a voca\u00e7\u00e3o ao Matrim\u00f4nio \u00e9 tomar consci\u00eancia da import\u00e2ncia fundamental da fam\u00edlia na sociedade, mesmo com todas as mudan\u00e7as religiosas, culturais e sociais que marcaram a humanidade nas \u00faltimas d\u00e9cadas.\u00a0<\/span><span data-ccp-props=\"{&quot;201341983&quot;:0,&quot;335551550&quot;:6,&quot;335551620&quot;:6,&quot;335559739&quot;:0,&quot;335559740&quot;:240}\">\u00a0<\/span><\/p>\n<p style=\"text-align: justify;\"><span data-contrast=\"auto\">Para este ano, a Semana Nacional da Fam\u00edlia, que \u00e9 celebrada de 11 a 17 de agosto, tem <\/span><span data-contrast=\"auto\">como tema: \u201cFam\u00edlia e Amizade\u201d, e o lema \u201cAmizade, uma forma de vida com sabor do Evangelho\u201d. <\/span><span data-contrast=\"auto\">O dom da voca\u00e7\u00e3o \u00e0 vida matrimonial contempla a dimens\u00e3o do ser pai, do ser m\u00e3e, e a constru\u00e7\u00e3o de uma fam\u00edlia em nome do amor. A exorta\u00e7\u00e3o apost\u00f3lica p\u00f3s-sinodal <\/span><i><span data-contrast=\"auto\">Amoris Laetitia, <\/span><\/i><span data-contrast=\"auto\">do Papa Francisco, reflete sobre o amor no matrim\u00f4nio e na fam\u00edlia. N\u00e3o sobre a palavra \u201camor\u201d, que \u00e9 seguidamente mencionada de forma desfigurada, porque falta o sentido da presen\u00e7a de Deus, da partilha e do cuidado da vida da pessoa amada.<\/span><span data-ccp-props=\"{&quot;201341983&quot;:0,&quot;335551550&quot;:6,&quot;335551620&quot;:6,&quot;335559739&quot;:0,&quot;335559740&quot;:240}\">\u00a0<\/span><\/p>\n<p style=\"text-align: justify;\"><span data-contrast=\"auto\">Talvez dever\u00edamos lembrar das palavras de Santo Tom\u00e1s de Aquino, quando falamos do amor na voca\u00e7\u00e3o ao Matrim\u00f4nio. Ele nos fala que, depois do amor que nos une a Deus, o amor conjugal \u00e9 a \u201camizade maior\u201d. \u00c9 uma uni\u00e3o que tem todas as caracter\u00edsticas de uma boa amizade: busca o bem do outro, reciprocidade, intimidade, ternura e estabilidade. Mas tamb\u00e9m \u00e9 capaz de superar os desafios, n\u00e3o tem medo de lutar, renascer, reinventar-se e recome\u00e7ar sempre de novo, para estar ao lado da pessoa amada. Poucas alegrias humanas s\u00e3o t\u00e3o profundas e festivas como quando duas pessoas que se amam, conquistam conjuntamente algo que lhes custou um grande esfor\u00e7o compartilhado. Percorrer um caminho juntos, mesmo se dif\u00edcil, pode ser uma oportunidade, para se apreciar melhor o que se tem, e quem est\u00e1 ao nosso lado. Com os olhos do amor e do cora\u00e7\u00e3o, podemos ver valores e qualidades que nunca t\u00ednhamos percebido na pessoa que est\u00e1 ao nosso lado, caminhando conosco nos momentos alegres e dif\u00edceis da nossa vida.<\/span><span data-ccp-props=\"{&quot;201341983&quot;:0,&quot;335551550&quot;:6,&quot;335551620&quot;:6,&quot;335559739&quot;:0,&quot;335559740&quot;:240}\">\u00a0<\/span><\/p>\n<p style=\"text-align: justify;\"><span data-contrast=\"auto\">Por isso, \u00e9 importante que os jovens fa\u00e7am o discernimento sobre a op\u00e7\u00e3o e a voca\u00e7\u00e3o \u00e0 vida matrimonial. Formar uma fam\u00edlia tamb\u00e9m significa correr riscos, mas quem ama de verdade aceita correr riscos em nome do amor. Al\u00e9m disso, a fam\u00edlia, para manter-se unida, precisa tamb\u00e9m exercitar no seu dia a dia a escuta, o perd\u00e3o e a reconcilia\u00e7\u00e3o. Mas para que isso aconte\u00e7a, \u00e9 necess\u00e1rio a presen\u00e7a do amor no cora\u00e7\u00e3o das pessoas. Sem ele, at\u00e9 mesmo o perd\u00e3o e a reconcilia\u00e7\u00e3o, depois das pequenas falhas cotidianas, podem ficar cada vez mais distantes, esvaziando assim o sentido de perten\u00e7a de um ao outro, e o sentido de perten\u00e7a \u00e0 uma fam\u00edlia, da qual podemos dizer com orgulho: esta \u00e9 a minha fam\u00edlia.<\/span><span data-ccp-props=\"{&quot;201341983&quot;:0,&quot;335551550&quot;:6,&quot;335551620&quot;:6,&quot;335559739&quot;:0,&quot;335559740&quot;:240}\">\u00a0<\/span><\/p>\n<p style=\"text-align: justify;\"><span data-contrast=\"auto\">O amor n\u00e3o exige que o outro seja perfeito para aceit\u00e1-lo, mas possui sempre o sentido de profunda compaix\u00e3o, que leva a aceitar o outro como parte da minha vida e deste mundo, mesmo quando age de modo diferente daquilo que eu desejaria. Na vida familiar n\u00e3o pode reinar a l\u00f3gica do dom\u00ednio de uns sobre os outros, nem a competi\u00e7\u00e3o para ver quem \u00e9 mais poderoso, porque esta l\u00f3gica acaba com o amor e destr\u00f3i a serenidade na fam\u00edlia.<\/span><span data-ccp-props=\"{&quot;201341983&quot;:0,&quot;335551550&quot;:6,&quot;335551620&quot;:6,&quot;335559739&quot;:0,&quot;335559740&quot;:240}\">\u00a0<\/span><\/p>\n<p style=\"text-align: justify;\"><span data-contrast=\"auto\">Dentre as v\u00e1rias mudan\u00e7as culturais e sociais que marcaram a figura do pai na fam\u00edlia, creio que a mais marcante foi a que rompeu a barreira de os pais terem o direito de expressar amor e ternura em rela\u00e7\u00e3o aos filhos. Ser um pai amoroso n\u00e3o \u00e9 sinal de fraqueza ou aus\u00eancia de autoridade, mas \u00e9 express\u00e3o do amor divino, daquele amor revelado por Deus Pai ao seu filho Jesus, e manifestado em v\u00e1rias passagens da B\u00edblia, a come\u00e7ar pelo batismo de Jesus: \u201c<\/span><i><span data-contrast=\"auto\">Este \u00e9 o meu Filho muito amado no qual pus todo o meu agrado\u201d<\/span><\/i><span data-contrast=\"auto\"> (Mt 3,17).<\/span><span data-ccp-props=\"{&quot;201341983&quot;:0,&quot;335551550&quot;:6,&quot;335551620&quot;:6,&quot;335559739&quot;:0,&quot;335559740&quot;:240}\">\u00a0<\/span><\/p>\n<p style=\"text-align: justify;\"><span data-contrast=\"auto\">Estimados pais, \u00e0s vezes o fardo da responsabilidade familiar pode ser pesado, mas se a fam\u00edlia \u00e9 importante para voc\u00eas, ent\u00e3o ir\u00e3o encontrar as for\u00e7as e o tempo para cuidar dela com amor e proteg\u00ea-la, como parte da vossa voca\u00e7\u00e3o e miss\u00e3o.\u00a0<\/span><span data-ccp-props=\"{&quot;201341983&quot;:0,&quot;335551550&quot;:6,&quot;335551620&quot;:6,&quot;335559739&quot;:0,&quot;335559740&quot;:240}\">\u00a0<\/span><\/p>\n<p style=\"text-align: justify;\"><span data-ccp-props=\"{&quot;201341983&quot;:0,&quot;335551550&quot;:6,&quot;335551620&quot;:6,&quot;335559739&quot;:0,&quot;335559740&quot;:240}\">\u00a0<\/span><\/p>\n<p style=\"text-align: justify;\"><span data-ccp-props=\"{&quot;201341983&quot;:0,&quot;335551550&quot;:6,&quot;335551620&quot;:6,&quot;335559739&quot;:0,&quot;335559740&quot;:240}\">\u00a0<\/span><\/p>\n<p style=\"text-align: justify;\">\n","protected":false},"excerpt":{"rendered":"<p>Dom Jos\u00e9 Gislon Bispo de Caxias do Sul (RS) \u00a0 Estimados irm\u00e3os e irm\u00e3s em Cristo Jesus! No segundo Domingo de agosto comemoramos o dia dos pais e iniciamos a Semana Nacional da fam\u00edlia. Lembrar a voca\u00e7\u00e3o ao Matrim\u00f4nio \u00e9 tomar consci\u00eancia da import\u00e2ncia fundamental da fam\u00edlia na sociedade, mesmo com todas as mudan\u00e7as religiosas, &hellip;<\/p>\n<p class=\"read-more\"> <a class=\"\" href=\"https:\/\/www.cnbb.org.br\/a-vocacao-que-constroi-a-familia\/\"> <span class=\"screen-reader-text\">A voca\u00e7\u00e3o que constr\u00f3i a fam\u00edlia\u00a0<\/span> Leia mais &raquo;<\/a><\/p>\n","protected":false},"author":20,"featured_media":0,"comment_status":"open","ping_status":"open","sticky":false,"template":"","format":"standard","meta":{"site-sidebar-layout":"default","site-content-layout":"default","ast-global-header-display":"","ast-banner-title-visibility":"","ast-main-header-display":"","ast-hfb-above-header-display":"","ast-hfb-below-header-display":"","ast-hfb-mobile-header-display":"","site-post-title":"","ast-breadcrumbs-content":"","ast-featured-img":"","footer-sml-layout":"","theme-transparent-header-meta":"default","adv-header-id-meta":"","stick-header-meta":"","header-above-stick-meta":"","header-main-stick-meta":"","header-below-stick-meta":""},"categories":[758],"tags":[],"acf":[],"_links":{"self":[{"href":"https:\/\/www.cnbb.org.br\/cnbb-app\/wp\/v2\/posts\/968117"}],"collection":[{"href":"https:\/\/www.cnbb.org.br\/cnbb-app\/wp\/v2\/posts"}],"about":[{"href":"https:\/\/www.cnbb.org.br\/cnbb-app\/wp\/v2\/types\/post"}],"author":[{"embeddable":true,"href":"https:\/\/www.cnbb.org.br\/cnbb-app\/wp\/v2\/users\/20"}],"replies":[{"embeddable":true,"href":"https:\/\/www.cnbb.org.br\/cnbb-app\/wp\/v2\/comments?post=968117"}],"version-history":[{"count":1,"href":"https:\/\/www.cnbb.org.br\/cnbb-app\/wp\/v2\/posts\/968117\/revisions"}],"predecessor-version":[{"id":968118,"href":"https:\/\/www.cnbb.org.br\/cnbb-app\/wp\/v2\/posts\/968117\/revisions\/968118"}],"wp:attachment":[{"href":"https:\/\/www.cnbb.org.br\/cnbb-app\/wp\/v2\/media?parent=968117"}],"wp:term":[{"taxonomy":"category","embeddable":true,"href":"https:\/\/www.cnbb.org.br\/cnbb-app\/wp\/v2\/categories?post=968117"},{"taxonomy":"post_tag","embeddable":true,"href":"https:\/\/www.cnbb.org.br\/cnbb-app\/wp\/v2\/tags?post=968117"}],"curies":[{"name":"wp","href":"https:\/\/api.w.org\/{rel}","templated":true}]}}