{"id":968197,"date":"2024-08-13T17:05:12","date_gmt":"2024-08-13T20:05:12","guid":{"rendered":"https:\/\/www.cnbb.org.br\/?p=968197"},"modified":"2024-08-14T12:59:32","modified_gmt":"2024-08-14T15:59:32","slug":"conselho-episcopal-pastoral-se-encontra-de-forma-virtual-para-aprofundar-a-caminhada-da-cnbb","status":"publish","type":"post","link":"https:\/\/www.cnbb.org.br\/conselho-episcopal-pastoral-se-encontra-de-forma-virtual-para-aprofundar-a-caminhada-da-cnbb\/","title":{"rendered":"Conselho Episcopal Pastoral se encontra de forma virtual para aprofundar a caminhada da CNBB"},"content":{"rendered":"<p style=\"text-align: justify;\">O Conselho Episcopal Pastoral (Consep) da Confer\u00eancia Nacional dos Bispos do Brasil (CNBB) se reuniu nesta ter\u00e7a-feira, 13 de agosto. O \u00f3rg\u00e3o, que se re\u00fane a cada tr\u00eas meses, \u00e9 composto pela presid\u00eancia Confer\u00eancia, bispos que presidem as Comiss\u00f5es Episcopais e seus assessores. A reuni\u00e3o foi coordenada pelo bispo auxiliar de Bras\u00edlia e secret\u00e1rio-geral da CNBB, dom Ricardo Hoepers.<\/p>\n<p style=\"text-align: justify;\">Uma parte da manh\u00e3 foi dedicada \u00e0 an\u00e1lise de conjuntura social. O bispo de Carolina (MA), dom Francisco Lima Soares apresentou a an\u00e1lise de conjuntura na qual destacou alguns pontos como a perman\u00eancia\u00a0 da polariza\u00e7\u00e3o como amea\u00e7a \u00e0 democracia e \u00e0 pr\u00f3pria comunh\u00e3o na Igreja, a crise ambiental e clim\u00e1tica, as guerras e o crescente aumento no n\u00famero de pobres no Brasil e no mundo. O Papa Francisco e seu magist\u00e9rio, foi apresentando pelo bispo, como um l\u00edder e sinal de esperan\u00e7a para a humanidade.<\/p>\n<p style=\"text-align: justify;\">J\u00e1 a an\u00e1lise eclesial, coordenada por dom Joel Portella, representando o Instituto Nacional de Pastoral Padre Alberto Antoniazzi, o Inapaz, buscou aprofundar o tema: &#8220;profetismo em tempos de p\u00f3s&#8221; e refletir sobre a pergunta: como ser Igreja sinal de Esperan\u00e7a nas diferentes realidades? A an\u00e1lise tamb\u00e9m refletiu a presen\u00e7a da polariza\u00e7\u00e3o e das bolhas dentro da pr\u00f3pria Igreja, o que se torna um desafio para a comunh\u00e3o eclesial.<\/p>\n<p style=\"text-align: justify;\">Em contrapartida, foi apontada a necessidade de a Igreja avan\u00e7ar mais na viv\u00eancia das comunidades eclesiais mission\u00e1rias, em manifesta\u00e7\u00f5es institucionais frente aos problemas, buscando ser voz e dar a voz aos que n\u00e3o t\u00eam voz, especialmente os empobrecidos, ser mediadora criando rodas de conversa e de di\u00e1logo, como a experi\u00eancia do p\u00e1tio dos gentios, sobretudo entre quem pensa diferente e ter uma a a\u00e7\u00e3o mais proativa e de coopera\u00e7\u00e3o social.<\/p>\n<h3>Informes pastorais<\/h3>\n<p style=\"text-align: justify;\">A parte da tarde foi reservada para que os presidentes das 12 Comiss\u00f5es Episcopais e seus assessores fizessem os informes dos processos que est\u00e3o em curso no \u00e2mbito pastoral de cada Comiss\u00e3o.<\/p>\n<blockquote>\n<p style=\"text-align: justify;\">\u00a0&#8220;Ouvir e compartilhar tudo isto \u00e9 um privil\u00e9gio para n\u00f3s, porque nos d\u00e1 uma vis\u00e3o ampla do que a CNBB \u00e9 e faz no Brasil&#8221;, disse o arcebispo de Porto Alegre (RS) e presidente da CNBB, dom Jaime Spengler, ap\u00f3s ouvir os relatos.<\/p>\n<\/blockquote>\n<p style=\"text-align: justify;\">Outros pontos da reuni\u00e3o foram a elabora\u00e7\u00e3o dos objetivos gerais e espec\u00edficos da Campanha da Fraternidade 2026, o processo de elabora\u00e7\u00e3o das Diretrizes da A\u00e7\u00e3o Evangelizadora da Igreja no Brasil, informes sobre a situa\u00e7\u00e3o financeira da CNBB pelo Conselho Gestor, 2\u00ba Encontro Nacional de Assessores Jur\u00eddicos das Dioceses, orienta\u00e7\u00f5es da CNBB &#8211; a partir do magist\u00e9rio da Igreja- sobre as elei\u00e7\u00f5es municipais 2024, Encontro Formativo com Coordenadores Diocesanos de Pastoral, reuni\u00e3o com os Secret\u00e1rios Executivos dos 19 Regionais em julho e a constru\u00e7\u00e3o do Centro de M\u00eddia Paulo VI da CNBB.<\/p>\n<p><img decoding=\"async\" loading=\"lazy\" class=\"aligncenter wp-image-968213 size-large\" src=\"https:\/\/www.cnbb.org.br\/wp-content\/uploads\/2024\/08\/Consep-dom-Ricardo--1024x557.jpg\" alt=\"\" width=\"1024\" height=\"557\" srcset=\"https:\/\/www.cnbb.org.br\/wp-content\/uploads\/2024\/08\/Consep-dom-Ricardo--1024x557.jpg 1024w, https:\/\/www.cnbb.org.br\/wp-content\/uploads\/2024\/08\/Consep-dom-Ricardo--300x163.jpg 300w, https:\/\/www.cnbb.org.br\/wp-content\/uploads\/2024\/08\/Consep-dom-Ricardo--768x418.jpg 768w, https:\/\/www.cnbb.org.br\/wp-content\/uploads\/2024\/08\/Consep-dom-Ricardo--1536x835.jpg 1536w, https:\/\/www.cnbb.org.br\/wp-content\/uploads\/2024\/08\/Consep-dom-Ricardo--500x272.jpg 500w, https:\/\/www.cnbb.org.br\/wp-content\/uploads\/2024\/08\/Consep-dom-Ricardo-.jpg 1600w\" sizes=\"(max-width: 1024px) 100vw, 1024px\" \/><\/p>\n<p>&nbsp;<\/p>\n<pre>Por Willian Bonfim. Foto capa Paulo Augusto Cruz<\/pre>\n<p>&nbsp;<\/p>\n<p>&nbsp;<\/p>\n<p>&nbsp;<\/p>\n<p>&nbsp;<\/p>\n<p>&nbsp;<\/p>\n<p>&nbsp;<\/p>\n<p>&nbsp;<\/p>\n","protected":false},"excerpt":{"rendered":"<p>O \u00f3rg\u00e3o, que se re\u00fane a cada tr\u00eas meses, \u00e9 composto pela presid\u00eancia Confer\u00eancia, bispos que presidem as Comiss\u00f5es Episcopais e seus assessores. A reuni\u00e3o foi coordenada pelo bispo auxiliar de Bras\u00edlia e secret\u00e1rio-geral da CNBB, dom Ricardo Hoepers<\/p>\n","protected":false},"author":142,"featured_media":968215,"comment_status":"open","ping_status":"open","sticky":false,"template":"","format":"standard","meta":{"site-sidebar-layout":"default","site-content-layout":"default","ast-global-header-display":"","ast-banner-title-visibility":"","ast-main-header-display":"","ast-hfb-above-header-display":"","ast-hfb-below-header-display":"","ast-hfb-mobile-header-display":"","site-post-title":"","ast-breadcrumbs-content":"","ast-featured-img":"","footer-sml-layout":"","theme-transparent-header-meta":"default","adv-header-id-meta":"","stick-header-meta":"","header-above-stick-meta":"","header-main-stick-meta":"","header-below-stick-meta":""},"categories":[824,1840],"tags":[2509],"acf":[],"_links":{"self":[{"href":"https:\/\/www.cnbb.org.br\/cnbb-app\/wp\/v2\/posts\/968197"}],"collection":[{"href":"https:\/\/www.cnbb.org.br\/cnbb-app\/wp\/v2\/posts"}],"about":[{"href":"https:\/\/www.cnbb.org.br\/cnbb-app\/wp\/v2\/types\/post"}],"author":[{"embeddable":true,"href":"https:\/\/www.cnbb.org.br\/cnbb-app\/wp\/v2\/users\/142"}],"replies":[{"embeddable":true,"href":"https:\/\/www.cnbb.org.br\/cnbb-app\/wp\/v2\/comments?post=968197"}],"version-history":[{"count":8,"href":"https:\/\/www.cnbb.org.br\/cnbb-app\/wp\/v2\/posts\/968197\/revisions"}],"predecessor-version":[{"id":968271,"href":"https:\/\/www.cnbb.org.br\/cnbb-app\/wp\/v2\/posts\/968197\/revisions\/968271"}],"wp:featuredmedia":[{"embeddable":true,"href":"https:\/\/www.cnbb.org.br\/cnbb-app\/wp\/v2\/media\/968215"}],"wp:attachment":[{"href":"https:\/\/www.cnbb.org.br\/cnbb-app\/wp\/v2\/media?parent=968197"}],"wp:term":[{"taxonomy":"category","embeddable":true,"href":"https:\/\/www.cnbb.org.br\/cnbb-app\/wp\/v2\/categories?post=968197"},{"taxonomy":"post_tag","embeddable":true,"href":"https:\/\/www.cnbb.org.br\/cnbb-app\/wp\/v2\/tags?post=968197"}],"curies":[{"name":"wp","href":"https:\/\/api.w.org\/{rel}","templated":true}]}}