{"id":968306,"date":"2024-08-15T10:23:20","date_gmt":"2024-08-15T13:23:20","guid":{"rendered":"https:\/\/www.cnbb.org.br\/?p=968306"},"modified":"2024-08-15T10:24:24","modified_gmt":"2024-08-15T13:24:24","slug":"comissao-episcopal-para-a-animacao-biblico-catequetica-promove-live-especial-para-celebrar-o-dia-dos-catequistas","status":"publish","type":"post","link":"https:\/\/www.cnbb.org.br\/comissao-episcopal-para-a-animacao-biblico-catequetica-promove-live-especial-para-celebrar-o-dia-dos-catequistas\/","title":{"rendered":"Comiss\u00e3o Episcopal para a Anima\u00e7\u00e3o B\u00edblico-Catequ\u00e9tica promove live especial para celebrar o Dia dos Catequistas"},"content":{"rendered":"<p style=\"text-align: justify;\">Na pr\u00f3xima sexta-feira, 16 de agosto, \u00e0s 19h30, em prepara\u00e7\u00e3o para o Dia dos Catequistas, celebrado no dia 25 de agosto, a Comiss\u00e3o Episcopal para a Anima\u00e7\u00e3o B\u00edblico-Catequ\u00e9tica realizar\u00e1 uma live especial que promete ser um momento de alegria, reflex\u00e3o e celebra\u00e7\u00e3o para todos que dedicam suas vidas \u00e0 miss\u00e3o catequ\u00e9tica.<\/p>\n<p style=\"text-align: justify;\">Com o tema central de \u201ca ora\u00e7\u00e3o sustenta a vida do catequista\u201d, a live tem o objetivo principal de renovar o \u00e2nimo dos catequistas, relembrar a import\u00e2ncia dessa miss\u00e3o fundamental na vida da Igreja e reconhecer o papel vital que cada catequista desempenha na forma\u00e7\u00e3o de novos disc\u00edpulos de Cristo. Ser\u00e1 um momento para fortalecer nossos la\u00e7os, compartilhar experi\u00eancias e nos inspirar mutuamente.<\/p>\n<blockquote>\n<p style=\"text-align: justify;\">&#8220;Prepare seu cora\u00e7\u00e3o e reserve esse tempo para se unir a n\u00f3s nesse encontro virtual. Vamos juntos celebrar a vida e a miss\u00e3o de cada catequista, renovando o compromisso de seguir adiante com f\u00e9 e ardor mission\u00e1rio&#8221;, exorta a Comiss\u00e3o.<\/p>\n<\/blockquote>\n<p style=\"text-align: justify;\">A live poder\u00e1 ser acompanhada nas redes sociais da CNBB, no Youtube, \u00e0s 19h30.<\/p>\n<blockquote>\n<p style=\"text-align: justify;\">&#8220;Convide outros catequistas, familiares e amigos para estarem conosco! Esperamos por voc\u00ea nesta sexta-feira. Juntos, faremos dessa live um verdadeiro momento de comunh\u00e3o e celebra\u00e7\u00e3o!&#8221;, convida a Comiss\u00e3o.<\/p>\n<\/blockquote>\n<div class=\"ast-oembed-container\" style=\"height: 100%;\"><iframe loading=\"lazy\" title=\"#Live: Dia do Catequista - A Ora\u00e7\u00e3o sustenta a Vida do Catequista\" width=\"500\" height=\"281\" src=\"https:\/\/www.youtube.com\/embed\/OFiYyDKdfU4?feature=oembed\" frameborder=\"0\" allow=\"accelerometer; autoplay; clipboard-write; encrypted-media; gyroscope; picture-in-picture; web-share\" referrerpolicy=\"strict-origin-when-cross-origin\" allowfullscreen><\/iframe><\/div>\n<p>&nbsp;<\/p>\n<p>&nbsp;<\/p>\n<pre>Por Larissa Carvalho\/ Com informa\u00e7\u00f5es da Comiss\u00e3o<\/pre>\n<p style=\"text-align: justify;\">\n","protected":false},"excerpt":{"rendered":"<p>Na pr\u00f3xima sexta-feira, 16 de agosto, \u00e0s 19h30, em prepara\u00e7\u00e3o para o Dia dos Catequistas, celebrado no dia 25 de agosto, a Comiss\u00e3o Episcopal para a Anima\u00e7\u00e3o B\u00edblico-Catequ\u00e9tica realizar\u00e1 uma live especial que promete ser um momento de alegria, reflex\u00e3o e celebra\u00e7\u00e3o para todos que dedicam suas vidas \u00e0 miss\u00e3o catequ\u00e9tica<\/p>\n","protected":false},"author":141,"featured_media":968314,"comment_status":"open","ping_status":"open","sticky":false,"template":"","format":"standard","meta":{"site-sidebar-layout":"default","site-content-layout":"default","ast-global-header-display":"","ast-banner-title-visibility":"","ast-main-header-display":"","ast-hfb-above-header-display":"","ast-hfb-below-header-display":"","ast-hfb-mobile-header-display":"","site-post-title":"","ast-breadcrumbs-content":"","ast-featured-img":"","footer-sml-layout":"","theme-transparent-header-meta":"default","adv-header-id-meta":"","stick-header-meta":"","header-above-stick-meta":"","header-main-stick-meta":"","header-below-stick-meta":""},"categories":[800,50],"tags":[1881,2757],"acf":[],"_links":{"self":[{"href":"https:\/\/www.cnbb.org.br\/cnbb-app\/wp\/v2\/posts\/968306"}],"collection":[{"href":"https:\/\/www.cnbb.org.br\/cnbb-app\/wp\/v2\/posts"}],"about":[{"href":"https:\/\/www.cnbb.org.br\/cnbb-app\/wp\/v2\/types\/post"}],"author":[{"embeddable":true,"href":"https:\/\/www.cnbb.org.br\/cnbb-app\/wp\/v2\/users\/141"}],"replies":[{"embeddable":true,"href":"https:\/\/www.cnbb.org.br\/cnbb-app\/wp\/v2\/comments?post=968306"}],"version-history":[{"count":7,"href":"https:\/\/www.cnbb.org.br\/cnbb-app\/wp\/v2\/posts\/968306\/revisions"}],"predecessor-version":[{"id":968316,"href":"https:\/\/www.cnbb.org.br\/cnbb-app\/wp\/v2\/posts\/968306\/revisions\/968316"}],"wp:featuredmedia":[{"embeddable":true,"href":"https:\/\/www.cnbb.org.br\/cnbb-app\/wp\/v2\/media\/968314"}],"wp:attachment":[{"href":"https:\/\/www.cnbb.org.br\/cnbb-app\/wp\/v2\/media?parent=968306"}],"wp:term":[{"taxonomy":"category","embeddable":true,"href":"https:\/\/www.cnbb.org.br\/cnbb-app\/wp\/v2\/categories?post=968306"},{"taxonomy":"post_tag","embeddable":true,"href":"https:\/\/www.cnbb.org.br\/cnbb-app\/wp\/v2\/tags?post=968306"}],"curies":[{"name":"wp","href":"https:\/\/api.w.org\/{rel}","templated":true}]}}