{"id":968363,"date":"2024-08-16T09:16:22","date_gmt":"2024-08-16T12:16:22","guid":{"rendered":"https:\/\/www.cnbb.org.br\/?p=968363"},"modified":"2024-08-16T09:16:58","modified_gmt":"2024-08-16T12:16:58","slug":"sao-tarcisio-e-o-ministerio-dos-coroinhas","status":"publish","type":"post","link":"https:\/\/www.cnbb.org.br\/sao-tarcisio-e-o-ministerio-dos-coroinhas\/","title":{"rendered":"S\u00e3o Tarc\u00edsio e o minist\u00e9rio dos coroinhas\u00a0"},"content":{"rendered":"<p style=\"text-align: right;\"><b><span data-contrast=\"auto\">Cardeal Orani Jo\u00e3o Tempesta<br \/>\n<\/span><\/b><b><span data-contrast=\"auto\">Arcebispo do Rio de Janeiro (RJ)<\/span><\/b><span data-ccp-props=\"{&quot;201341983&quot;:0,&quot;335551550&quot;:3,&quot;335551620&quot;:3,&quot;335559731&quot;:708,&quot;335559739&quot;:160,&quot;335559740&quot;:259}\">\u00a0<\/span><\/p>\n<p>&nbsp;<\/p>\n<p>&nbsp;<\/p>\n<p style=\"text-align: justify;\"><span data-contrast=\"auto\">Celebramos no dia 15 de agosto a mem\u00f3ria lit\u00fargica de S\u00e3o Tarc\u00edsio, patrono de todos os coroinhas, ac\u00f3litos e cerimoni\u00e1rios. O m\u00eas de agosto \u00e9 um m\u00eas muito especial para a Igreja em que recordamos diversos santos e voca\u00e7\u00f5es. No primeiro domingo do m\u00eas recordamos a voca\u00e7\u00e3o ao minist\u00e9rio ordenado e o dia do padre, no segundo domingo a voca\u00e7\u00e3o ao matrim\u00f4nio e o inicio da Semana Nacional da Fam\u00edlia, na terceira semana a voca\u00e7\u00e3o a vida consagrada e religiosa e, por fim, a voca\u00e7\u00e3o ao minist\u00e9rio e servi\u00e7o laical e o dia nacional dos catequistas.\u00a0<\/span><span data-ccp-props=\"{&quot;201341983&quot;:0,&quot;335551550&quot;:6,&quot;335551620&quot;:6,&quot;335559731&quot;:708,&quot;335559739&quot;:160,&quot;335559740&quot;:259}\">\u00a0<\/span><\/p>\n<p style=\"text-align: justify;\"><span data-contrast=\"auto\">Recordamos ainda no dia 10 de agosto a voca\u00e7\u00e3o diaconal, com a celebra\u00e7\u00e3o do dia de S\u00e3o Louren\u00e7o e no dia 15 de agosto recordamos a voca\u00e7\u00e3o de coroinhas, ac\u00f3litos e cerimoni\u00e1rios e a mem\u00f3ria lit\u00fargica de S\u00e3o Tarc\u00edsio. Louvemos e agrade\u00e7amos a Deus o servi\u00e7o dos coroinhas, cerimoni\u00e1rios e ac\u00f3litos em nossas par\u00f3quias. \u00c9 muito bonito chegar nas diversas par\u00f3quias e ver os meninos e meninas auxiliando no servi\u00e7o do altar.\u00a0<\/span><span data-ccp-props=\"{&quot;201341983&quot;:0,&quot;335551550&quot;:6,&quot;335551620&quot;:6,&quot;335559731&quot;:708,&quot;335559739&quot;:160,&quot;335559740&quot;:259}\">\u00a0<\/span><\/p>\n<p style=\"text-align: justify;\"><span data-contrast=\"auto\">O servi\u00e7o de coroinhas, ac\u00f3litos e cerimoni\u00e1rios \u00e9 t\u00e3o salutar que muitos padres ou religiosas tiveram o seu despertar vocacional a partir do servi\u00e7o no altar. Ao estarem mais pr\u00f3ximos do altar, ao verem o sacerdote celebrar a missa, e ao entenderem melhor o mist\u00e9rio que est\u00e1 sendo celebrado aumenta o desejo de servir ao Senhor de outra maneira.\u00a0<\/span><span data-ccp-props=\"{&quot;201341983&quot;:0,&quot;335551550&quot;:6,&quot;335551620&quot;:6,&quot;335559731&quot;:708,&quot;335559739&quot;:160,&quot;335559740&quot;:259}\">\u00a0<\/span><\/p>\n<p style=\"text-align: justify;\"><span data-contrast=\"auto\">Por isso se na sua par\u00f3quia ainda n\u00e3o tem a pastoral dos coroinhas, ac\u00f3litos e cerimoni\u00e1rios converse com seu p\u00e1roco para que imediatamente instaure essa pastoral. Algum catequista, ou liturgista, pode dar a forma\u00e7\u00e3o de prepara\u00e7\u00e3o para eles, e depois de um tempo de forma\u00e7\u00e3o e ensaio escolher uma missa dominical para a investidura dos novos coroinhas. Pode at\u00e9 come\u00e7ar com poucos, mas um vai falando para o outro e logo esse n\u00famero aumentar\u00e1, e quem sabe muitas voca\u00e7\u00f5es possam surgir a parir desse servi\u00e7o pastoral.\u00a0<\/span><span data-ccp-props=\"{&quot;201341983&quot;:0,&quot;335551550&quot;:6,&quot;335551620&quot;:6,&quot;335559731&quot;:708,&quot;335559739&quot;:160,&quot;335559740&quot;:259}\">\u00a0<\/span><\/p>\n<p style=\"text-align: justify;\"><span data-contrast=\"auto\">A voca\u00e7\u00e3o para ser coroinha surge no seio da fam\u00edlia, por isso, \u00e9 importante a fam\u00edlia ir \u00e0 missa com os seus filhos desde pequenos, pois v\u00e3o tomando gosto e se interessando pela celebra\u00e7\u00e3o da missa e por tudo que a envolve. A crian\u00e7a querendo ser coroinha os pais devem incentivar para que seja, pois \u00e9 um minist\u00e9rio muito bonito dentro da Igreja.\u00a0<\/span><span data-ccp-props=\"{&quot;201341983&quot;:0,&quot;335551550&quot;:6,&quot;335551620&quot;:6,&quot;335559731&quot;:708,&quot;335559739&quot;:160,&quot;335559740&quot;:259}\">\u00a0<\/span><\/p>\n<p style=\"text-align: justify;\"><span data-contrast=\"auto\">E ainda, os coroinhas e servidores do altar de hoje, podem despertar para outras voca\u00e7\u00f5es dentro da Igreja que n\u00e3o necessariamente o minist\u00e9rio ordenado ou consagrado, podem por exemplo ser bons pais de fam\u00edlia e atuarem como catequistas, coordenadores de grupo de jovens, ministros extraordin\u00e1rios da Sagrada Comunh\u00e3o, e ainda minist\u00e9rio de m\u00fasica. Enfim, tudo come\u00e7a pela pastoral dos coroinhas, o amor pela Igreja come\u00e7a a partir dessa pastoral.\u00a0<\/span><span data-ccp-props=\"{&quot;201341983&quot;:0,&quot;335551550&quot;:6,&quot;335551620&quot;:6,&quot;335559731&quot;:708,&quot;335559739&quot;:160,&quot;335559740&quot;:259}\">\u00a0<\/span><\/p>\n<p style=\"text-align: justify;\"><span data-contrast=\"auto\">S\u00e3o Tarc\u00edsio \u00e9 o patrono de todos os coroinhas, cerimoni\u00e1rios e ac\u00f3litos, tanto que em diversas par\u00f3quias o grupo de coroinhas recebe o t\u00edtulo de S\u00e3o Tarc\u00edsio, por ter o santo como padroeiro. E ainda, em algumas par\u00f3quias os novos coroinhas s\u00e3o investidos no dia dele, ou pr\u00f3ximo da data. Os coroinhas, cerimoni\u00e1rios e ac\u00f3litos devem guardar a f\u00e9 e ter amor pela Igreja do mesmo modo que S\u00e3o Tarc\u00edsio. Devem cuidar para seguir retamente no caminho de Deus, cuidar de suas vestimentas e ter um comportamento adequado na Igreja e fora dela.\u00a0<\/span><span data-ccp-props=\"{&quot;201341983&quot;:0,&quot;335551550&quot;:6,&quot;335551620&quot;:6,&quot;335559731&quot;:708,&quot;335559739&quot;:160,&quot;335559740&quot;:259}\">\u00a0<\/span><\/p>\n<p style=\"text-align: justify;\"><span data-contrast=\"auto\">\u00a0O coroinha, cerimoni\u00e1rio e ac\u00f3lito deve ter f\u00e9, acreditar em Deus, em Nossa Senhora e claro, em Jesus Eucar\u00edstico. Deve acreditar que pelo poder da f\u00e9 tudo se transforma, e que est\u00e1 ali atendendo o chamando feito por Jesus. O coroinha tamb\u00e9m n\u00e3o deve se achar melhor do que os outros que n\u00e3o s\u00e3o, deve servir ao seu minist\u00e9rio de forma gratuita e com alegria.\u00a0<\/span><span data-ccp-props=\"{&quot;201341983&quot;:0,&quot;335551550&quot;:6,&quot;335551620&quot;:6,&quot;335559731&quot;:708,&quot;335559739&quot;:160,&quot;335559740&quot;:259}\">\u00a0<\/span><\/p>\n<p style=\"text-align: justify;\"><span data-contrast=\"auto\">S\u00e3o Tarc\u00edsio foi um m\u00e1rtir da Igreja dos primeiros s\u00e9culos da era crist\u00e3, como j\u00e1 foi dito, ele morreu defendendo a f\u00e9 em Cristo e na Igreja, do mesmo modo que muitos m\u00e1rtires dos primeiros s\u00e9culos da era crist\u00e3. Ele foi v\u00edtima de persegui\u00e7\u00e3o do imp\u00e9rio romano mediada pelo imperador Valeriano.\u00a0<\/span><span data-ccp-props=\"{&quot;201341983&quot;:0,&quot;335551550&quot;:6,&quot;335551620&quot;:6,&quot;335559731&quot;:708,&quot;335559739&quot;:160,&quot;335559740&quot;:259}\">\u00a0<\/span><\/p>\n<p style=\"text-align: justify;\"><span data-contrast=\"auto\">Tarc\u00edsio residia em Roma na It\u00e1lia, a Igreja de Roma contava com cinquenta sacerdotes, sete di\u00e1conos, e mais ou menos cinquenta mil fi\u00e9is no centro da cidade imperial. Ele era um dos integrantes dessa Igreja localizada em Roma, quase toda dizimada por causa da f\u00faria do imperador.\u00a0\u00a0<\/span><span data-ccp-props=\"{&quot;201341983&quot;:0,&quot;335551550&quot;:6,&quot;335551620&quot;:6,&quot;335559731&quot;:708,&quot;335559739&quot;:160,&quot;335559740&quot;:259}\">\u00a0<\/span><\/p>\n<p style=\"text-align: justify;\"><span data-contrast=\"auto\">Tarc\u00edsio era ac\u00f3lito do Papa Sisto II, ou seja, era coroinha na Igreja, servindo ao altar, e acompanhando o Santo Padre nas celebra\u00e7\u00f5es Eucar\u00edsticas. Durante o per\u00edodo das persegui\u00e7\u00f5es aos crist\u00e3os, eles eram presos, processados e condenados a morrer pelo mart\u00edrio. Na pris\u00e3o eles desejavam receber nem que fosse pela \u00faltima vez a Eucaristia. Mas, isso era imposs\u00edvel, pois os guardas n\u00e3o deixavam ningu\u00e9m passar. Em uma das tentativas, dois di\u00e1conos reconhecidos como crist\u00e3os: Felic\u00edssimo e Agapito foram sacrificados. O Papa Sisto II desejava levar a comunh\u00e3o a mais um grupo de m\u00e1rtires que esperavam a execu\u00e7\u00e3o, mas n\u00e3o sabia como.\u00a0<\/span><span data-ccp-props=\"{&quot;201341983&quot;:0,&quot;335551550&quot;:6,&quot;335551620&quot;:6,&quot;335559731&quot;:708,&quot;335559739&quot;:160,&quot;335559740&quot;:259}\">\u00a0<\/span><\/p>\n<p style=\"text-align: justify;\"><span data-contrast=\"auto\">Tarc\u00edsio toma a iniciativa e pede ao Santo Padre a permiss\u00e3o para que ele possa tentar, pois n\u00e3o entregaria as h\u00f3stias a nenhum pag\u00e3o. Ele tinha doze anos de idade, o Papa sensibilizado com o pedido de Tarc\u00edsio concede a permiss\u00e3o para que ele fosse, colocou as h\u00f3stias em uma caixinha de prata e as aben\u00e7oou. Mas, Tarc\u00edsio n\u00e3o conseguiu chegar a cadeia, foi identificado como crist\u00e3o, e como se recusou a entregar o que portava, foi abatido e apedrejado at\u00e9 morrer. Depois de morto, foi revistado e nada acharam do sacramento de Cristo. Seu corpo foi recolhido por um soldado, simpatizante dos crist\u00e3os, que o levou as catacumbas, onde foi sepultado.\u00a0<\/span><span data-ccp-props=\"{&quot;201341983&quot;:0,&quot;335551550&quot;:6,&quot;335551620&quot;:6,&quot;335559731&quot;:708,&quot;335559739&quot;:160,&quot;335559740&quot;:259}\">\u00a0<\/span><\/p>\n<p style=\"text-align: justify;\"><span data-contrast=\"auto\">Tarc\u00edsio foi, primeiramente, sepultado junto com o papa Stefano nas catacumbas de Calisto, em Roma. No ano 767, o papa Paulo I determinou que seu corpo fosse transferido para o Vaticano, para a Bas\u00edlica de S\u00e3o Silvestre, e colocado ao lado dos outros m\u00e1rtires. Mas em 1596 seu corpo foi transferido e colocado definitivamente embaixo do altar principal daquela mesma Bas\u00edlica.<\/span><span data-ccp-props=\"{&quot;201341983&quot;:0,&quot;335551550&quot;:6,&quot;335551620&quot;:6,&quot;335559731&quot;:708,&quot;335559739&quot;:160,&quot;335559740&quot;:259}\">\u00a0<\/span><\/p>\n<p style=\"text-align: justify;\"><span data-contrast=\"auto\">Celebremos com alegria a mem\u00f3ria lit\u00fargica de S\u00e3o Tarc\u00edsio e rezemos por todos os coroinhas, cerimoni\u00e1rios e ac\u00f3litos, e por todos os servidores do altar. Que essas crian\u00e7as e jovens tenham no cora\u00e7\u00e3o o mesmo amor e respeito que S\u00e3o Tarc\u00edsio tinha pelas coisas de Deus. Que a Virgem da Assun\u00e7\u00e3o ilumine todos os servidores do altar, nesse dia tamb\u00e9m dedicado a ela.\u00a0<\/span><span data-ccp-props=\"{&quot;201341983&quot;:0,&quot;335551550&quot;:6,&quot;335551620&quot;:6,&quot;335559731&quot;:708,&quot;335559739&quot;:160,&quot;335559740&quot;:259}\">\u00a0<\/span><\/p>\n<p style=\"text-align: justify;\"><span data-contrast=\"auto\">S\u00e3o Tarc\u00edsio, rogai por n\u00f3s.\u00a0<\/span><span data-ccp-props=\"{&quot;201341983&quot;:0,&quot;335551550&quot;:6,&quot;335551620&quot;:6,&quot;335559731&quot;:708,&quot;335559739&quot;:160,&quot;335559740&quot;:259}\">\u00a0<\/span><\/p>\n<p>&nbsp;<\/p>\n","protected":false},"excerpt":{"rendered":"<p>Cardeal Orani Jo\u00e3o Tempesta Arcebispo do Rio de Janeiro (RJ)\u00a0 &nbsp; &nbsp; Celebramos no dia 15 de agosto a mem\u00f3ria lit\u00fargica de S\u00e3o Tarc\u00edsio, patrono de todos os coroinhas, ac\u00f3litos e cerimoni\u00e1rios. O m\u00eas de agosto \u00e9 um m\u00eas muito especial para a Igreja em que recordamos diversos santos e voca\u00e7\u00f5es. No primeiro domingo do &hellip;<\/p>\n<p class=\"read-more\"> <a class=\"\" href=\"https:\/\/www.cnbb.org.br\/sao-tarcisio-e-o-ministerio-dos-coroinhas\/\"> <span class=\"screen-reader-text\">S\u00e3o Tarc\u00edsio e o minist\u00e9rio dos coroinhas\u00a0<\/span> Leia mais &raquo;<\/a><\/p>\n","protected":false},"author":31,"featured_media":0,"comment_status":"open","ping_status":"open","sticky":false,"template":"","format":"standard","meta":{"site-sidebar-layout":"default","site-content-layout":"default","ast-global-header-display":"","ast-banner-title-visibility":"","ast-main-header-display":"","ast-hfb-above-header-display":"","ast-hfb-below-header-display":"","ast-hfb-mobile-header-display":"","site-post-title":"","ast-breadcrumbs-content":"","ast-featured-img":"","footer-sml-layout":"","theme-transparent-header-meta":"default","adv-header-id-meta":"","stick-header-meta":"","header-above-stick-meta":"","header-main-stick-meta":"","header-below-stick-meta":""},"categories":[758],"tags":[],"acf":[],"_links":{"self":[{"href":"https:\/\/www.cnbb.org.br\/cnbb-app\/wp\/v2\/posts\/968363"}],"collection":[{"href":"https:\/\/www.cnbb.org.br\/cnbb-app\/wp\/v2\/posts"}],"about":[{"href":"https:\/\/www.cnbb.org.br\/cnbb-app\/wp\/v2\/types\/post"}],"author":[{"embeddable":true,"href":"https:\/\/www.cnbb.org.br\/cnbb-app\/wp\/v2\/users\/31"}],"replies":[{"embeddable":true,"href":"https:\/\/www.cnbb.org.br\/cnbb-app\/wp\/v2\/comments?post=968363"}],"version-history":[{"count":1,"href":"https:\/\/www.cnbb.org.br\/cnbb-app\/wp\/v2\/posts\/968363\/revisions"}],"predecessor-version":[{"id":968364,"href":"https:\/\/www.cnbb.org.br\/cnbb-app\/wp\/v2\/posts\/968363\/revisions\/968364"}],"wp:attachment":[{"href":"https:\/\/www.cnbb.org.br\/cnbb-app\/wp\/v2\/media?parent=968363"}],"wp:term":[{"taxonomy":"category","embeddable":true,"href":"https:\/\/www.cnbb.org.br\/cnbb-app\/wp\/v2\/categories?post=968363"},{"taxonomy":"post_tag","embeddable":true,"href":"https:\/\/www.cnbb.org.br\/cnbb-app\/wp\/v2\/tags?post=968363"}],"curies":[{"name":"wp","href":"https:\/\/api.w.org\/{rel}","templated":true}]}}