{"id":968787,"date":"2024-08-22T15:24:32","date_gmt":"2024-08-22T18:24:32","guid":{"rendered":"https:\/\/www.cnbb.org.br\/?p=968787"},"modified":"2024-08-22T16:48:43","modified_gmt":"2024-08-22T19:48:43","slug":"cnbb-participa-de-forum-anual-inter-religioso-do-g-20-sobre-religiao-e-desenvolvimento-sustentavel","status":"publish","type":"post","link":"https:\/\/www.cnbb.org.br\/cnbb-participa-de-forum-anual-inter-religioso-do-g-20-sobre-religiao-e-desenvolvimento-sustentavel\/","title":{"rendered":"CNBB participa de F\u00f3rum Anual Inter-Religioso do G-20 sobre Religi\u00e3o e Desenvolvimento Sustent\u00e1vel"},"content":{"rendered":"<p style=\"text-align: justify;\">O F\u00f3rum Anual Inter-Religioso e PaRD do G-20 de 2024 sobre Religi\u00e3o e Desenvolvimento Sustent\u00e1vel acontece entre os dias 19 e 22 de agosto no Hotel Royal Tulip, em Bras\u00edlia. O arcebispo de Feira de Santana (BA), dom Zanoni Demettino, o padre Marcus Barbosa Castro, membros da Comiss\u00e3o para Ecumenismo e Di\u00e1logo Inter-Religioso da Confer\u00eancia Nacional dos Bispos do Brasil (CNBB) representaram o secret\u00e1rio-Geral da entidade no evento.<\/p>\n<p style=\"text-align: justify;\">O encontro, cujo tema foi: &#8220;N\u00e3o Deixar Ningu\u00e9m para tr\u00e1s: O Bem-estar do Planeta e de seu Povo&#8221;, re<span style=\"font-size: 16px;\">uniu especialistas de diferentes religi\u00f5es para abordar temas relacionados ao Di\u00e1logo Inter-Religioso e ao Desenvolvimento Sustent\u00e1vel para uma vida melhor no planeta.\u00a0 O evento, com 30 sess\u00f5es simult\u00e2neas, foi hibrido e transmitido via Zoom.<\/span><\/p>\n<h3>Cen\u00e1rio Global<\/h3>\n<div class=\"uk-panel uk-margin uk-margin-remove-top uk-text-justify\">\n<p style=\"text-align: justify;\"><img decoding=\"async\" loading=\"lazy\" class=\"size-medium wp-image-968824 alignleft\" src=\"https:\/\/www.cnbb.org.br\/wp-content\/uploads\/2024\/08\/Dom-Zanoni-300x225.jpg\" alt=\"\" width=\"300\" height=\"225\" srcset=\"https:\/\/www.cnbb.org.br\/wp-content\/uploads\/2024\/08\/Dom-Zanoni-300x225.jpg 300w, https:\/\/www.cnbb.org.br\/wp-content\/uploads\/2024\/08\/Dom-Zanoni-1024x768.jpg 1024w, https:\/\/www.cnbb.org.br\/wp-content\/uploads\/2024\/08\/Dom-Zanoni-768x576.jpg 768w, https:\/\/www.cnbb.org.br\/wp-content\/uploads\/2024\/08\/Dom-Zanoni-1536x1152.jpg 1536w, https:\/\/www.cnbb.org.br\/wp-content\/uploads\/2024\/08\/Dom-Zanoni-500x375.jpg 500w, https:\/\/www.cnbb.org.br\/wp-content\/uploads\/2024\/08\/Dom-Zanoni-800x600.jpg 800w, https:\/\/www.cnbb.org.br\/wp-content\/uploads\/2024\/08\/Dom-Zanoni.jpg 1600w\" sizes=\"(max-width: 300px) 100vw, 300px\" \/>Dom Zanoni apresentou a perspectiva da Igreja Cat\u00f3lica na palestra de abertura que aprofundou o tema do &#8220;Cen\u00e1rio Global&#8221;.\u00a0 Ele falou do i<span style=\"font-size: 16px;\">mportante papel das religi\u00f5es na gesta\u00e7\u00e3o de um mundo de paz. &#8220;Precisamos todos nos envolver por uma vida em harmonia com a Cria\u00e7\u00e3o, respeitando os limites do planeta. Temos presente a realidade de sofrimento de comunidades pobres e vulner\u00e1veis. Por isso pedimos novos modelos de desenvolvimento e estilos de vida, que sejam compat\u00edveis tanto com o clima e sejam capazes de afastar as pessoas da pobreza&#8221;, disse.<\/span><\/p>\n<p style=\"text-align: justify;\">O bispo pontuou o cen\u00e1rio das in\u00fameras guerras e o gasto com armamento militar no planeta.\u00a0 &#8220;\u00c9 um esc\u00e2ndalo o aumento do n\u00famero de pessoas que morrem de fome. Observa-se que a cada dia desaparece uma esp\u00e9cie de animal ou vegetal.\u00a0 Pode-se afirmar que o Brasil est\u00e1 polarizado. No entanto, o fen\u00f4meno n\u00e3o \u00e9 privil\u00e9gio do nosso pa\u00eds. Essa realidade atinge a todos os lugares&#8221;. Diante de tal cen\u00e1rio, dom Zanoni lan\u00e7ou as seguintes perguntas: Qual deve ser a nossa postura? Quem vai gestar um mundo de paz.<\/p>\n<h3>Laudato Si&#8217;<\/h3>\n<p style=\"text-align: justify;\">Dom Zanoni e o assessor da Comiss\u00e3o para o Ecumenismo, padre Marcus Barbosa tamb\u00e9m participaram painel: <span style=\"font-size: 16px; text-align: justify;\">&#8220;Li\u00e7\u00f5es e testemunhos de lideran\u00e7as religiosas na defesa do meio ambiente. Reflex\u00f5es a partir da Laudato Si&#8217; e do documento Al Mizan que destaca os ensinamentos mul\u00e7umanos sobre quest\u00f5es ambientais&#8221;.\u00a0<\/span><\/p>\n<blockquote>\n<p style=\"text-align: justify;\">Padre Marcus destacou que a CNBB \u00e9 sempre bem acolhida nesses encontros que encorajam um sentimento de maior conex\u00e3o entre as diversas religi\u00f5es. &#8220;H\u00e1 um grande reconhecimento do papel e dos trabalhos da Igreja Cat\u00f3lica na sociedade&#8221;, disse.<\/p>\n<\/blockquote>\n<p style=\"text-align: justify;\">De acordo com ele, o F\u00f3rum Inter-Religioso para G20 representa tamb\u00e9m o comprometimento das religi\u00f5es que expressam suas vozes diante do desafio do bem-estar do planeta e de seu povo. &#8220;Queremos com esse F\u00f3rum intensificar as vozes prof\u00e9ticas de nossas comunidades de f\u00e9. No mundo, 84% da popula\u00e7\u00e3o t\u00eam filia\u00e7\u00e3o religiosa. A influ\u00eancia religiosa n\u00e3o pode ficar de fora de todos os processos de busca de um mundo mais justo e fraterno&#8221;, pontuou.<\/p>\n<p style=\"text-align: justify;\">\n<\/div>\n<div class=\"uk-panel uk-margin uk-margin-remove-top uk-text-justify\">\n<p style=\"text-align: justify;\">\n<\/div>\n","protected":false},"excerpt":{"rendered":"<p>O arcebispo de Feira de Santana (BA), dom Zanoni Demettino, e o padre Marcus Barbosa Castro, membros da Comiss\u00e3o para Ecumenismo e Di\u00e1logo Inter-Religioso da CNBB representaram o secret\u00e1rio-Geral no evento cujo tema foi: &#8220;N\u00e3o Deixar Ningu\u00e9m para tr\u00e1s: O Bem-estar do Planeta e de seu Povo&#8221;<\/p>\n","protected":false},"author":142,"featured_media":968827,"comment_status":"open","ping_status":"open","sticky":false,"template":"","format":"standard","meta":{"site-sidebar-layout":"default","site-content-layout":"default","ast-global-header-display":"","ast-banner-title-visibility":"","ast-main-header-display":"","ast-hfb-above-header-display":"","ast-hfb-below-header-display":"","ast-hfb-mobile-header-display":"","site-post-title":"","ast-breadcrumbs-content":"","ast-featured-img":"","footer-sml-layout":"","theme-transparent-header-meta":"default","adv-header-id-meta":"","stick-header-meta":"","header-above-stick-meta":"","header-main-stick-meta":"","header-below-stick-meta":""},"categories":[50,852],"tags":[5683,5684],"acf":[],"_links":{"self":[{"href":"https:\/\/www.cnbb.org.br\/cnbb-app\/wp\/v2\/posts\/968787"}],"collection":[{"href":"https:\/\/www.cnbb.org.br\/cnbb-app\/wp\/v2\/posts"}],"about":[{"href":"https:\/\/www.cnbb.org.br\/cnbb-app\/wp\/v2\/types\/post"}],"author":[{"embeddable":true,"href":"https:\/\/www.cnbb.org.br\/cnbb-app\/wp\/v2\/users\/142"}],"replies":[{"embeddable":true,"href":"https:\/\/www.cnbb.org.br\/cnbb-app\/wp\/v2\/comments?post=968787"}],"version-history":[{"count":8,"href":"https:\/\/www.cnbb.org.br\/cnbb-app\/wp\/v2\/posts\/968787\/revisions"}],"predecessor-version":[{"id":968836,"href":"https:\/\/www.cnbb.org.br\/cnbb-app\/wp\/v2\/posts\/968787\/revisions\/968836"}],"wp:featuredmedia":[{"embeddable":true,"href":"https:\/\/www.cnbb.org.br\/cnbb-app\/wp\/v2\/media\/968827"}],"wp:attachment":[{"href":"https:\/\/www.cnbb.org.br\/cnbb-app\/wp\/v2\/media?parent=968787"}],"wp:term":[{"taxonomy":"category","embeddable":true,"href":"https:\/\/www.cnbb.org.br\/cnbb-app\/wp\/v2\/categories?post=968787"},{"taxonomy":"post_tag","embeddable":true,"href":"https:\/\/www.cnbb.org.br\/cnbb-app\/wp\/v2\/tags?post=968787"}],"curies":[{"name":"wp","href":"https:\/\/api.w.org\/{rel}","templated":true}]}}