{"id":9688,"date":"2015-10-01T00:00:00","date_gmt":"2015-10-01T03:00:00","guid":{"rendered":"https:\/\/www.cnbb.org.br\/comissoes-promovem-encontro-sobre-formacao-missionaria-nos-seminarios\/"},"modified":"2020-03-11T20:03:50","modified_gmt":"2020-03-11T23:03:50","slug":"comissoes-promovem-encontro-sobre-formacao-missionaria-nos-seminarios","status":"publish","type":"post","link":"https:\/\/www.cnbb.org.br\/comissoes-promovem-encontro-sobre-formacao-missionaria-nos-seminarios\/","title":{"rendered":"Comiss\u00f5es promovem encontro sobre forma\u00e7\u00e3o mission\u00e1ria nos semin\u00e1rios"},"content":{"rendered":"<p style=\"text-align: justify\">\u201cA forma\u00e7\u00e3o mission\u00e1ria do presb\u00edtero diocesano\u201d \u00e9 o tema do evento<\/p>\n<p><!--more--><\/p>\n<p style=\"text-align: justify\">\u201cConsolidar a miss\u00e3o como verdadeiro eixo da espiritualidade e atua\u00e7\u00e3o dos novos presb\u00edteros\u201d. Esta \u00e9 uma das indica\u00e7\u00f5es do Encontro sobre Forma\u00e7\u00e3o Mission\u00e1ria nos Semin\u00e1rios, que acontece no Centro Cultural Mission\u00e1rio (CCM), em Bras\u00edlia (DF), desde o dia 28 e que seguir\u00e1\u00a0at\u00e9 o dia 2 de outubro. O evento, que aborda o tema\u00a0\u201cA forma\u00e7\u00e3o mission\u00e1ria do presb\u00edtero diocesano\u201d, \u00e9 promovido em parceria pelas Comiss\u00f5es Episcopais Pastorais para a A\u00e7\u00e3o Mission\u00e1ria e Coopera\u00e7\u00e3o Intereclesial e para os Minist\u00e9rios Ordenados e a Vida Consagrada da Confer\u00eancia Nacional dos Bispos do Brasil (CNBB).<\/p>\n<p style=\"text-align: justify\">O objetivo do encontro \u00e9\u00a0subsidiar os respons\u00e1veis pela forma\u00e7\u00e3o presbiteral das Igrejas locais com elementos que os ajudem a consolidar e colocar em pr\u00e1tica algumas orienta\u00e7\u00f5es quanto \u00e0 capacita\u00e7\u00e3o\u00a0mission\u00e1ria dos presb\u00edteros diocesanos, de acordo com as Diretrizes Gerais da A\u00e7\u00e3o Evangelizadora da Igreja no Brasil (DGAE) e os documentos sobre a forma\u00e7\u00e3o presbiteral.<\/p>\n<p style=\"text-align: justify\">A partir da primeira urg\u00eancia das DGAE 2015-2019, \u201cIgreja em estado permanente de miss\u00e3o\u201d, \u00a0e da da troca de experi\u00eancias, ser\u00e3o tra\u00e7adas\u00a0linhas de a\u00e7\u00e3o a fim de orientar a forma\u00e7\u00e3o mission\u00e1ria dos presb\u00edteros diocesanos.<\/p>\n<p style=\"text-align: justify\">Segundo o bispo auxiliar de S\u00e3o Lu\u00eds (MA) e presidente da Comiss\u00e3o Episcopal para a A\u00e7\u00e3o Mission\u00e1ria da CNBB, dom Esmeraldo Barreto de Farias, &#8220;a Igreja no Brasil reafirma seu compromisso de colocar em pr\u00e1tica as indica\u00e7\u00f5es do documento de Aparecida e tornar realidade no processo formativo o princ\u00edpio enunciado pelo papa Francisco, que \u2018a a\u00e7\u00e3o mission\u00e1ria \u00e9 o paradigma de toda obra da Igreja\u2019\u201d, disse ao recordar\u00a0a exorta\u00e7\u00e3o apost\u00f3lica do papa,\u00a0<em>Evangelli Gaudium.<\/em><\/p>\n<p style=\"text-align: justify\"><strong>Atividades<\/strong><\/p>\n<p style=\"text-align: justify\">Na \u00faltima ter\u00e7a-feira, 29, os 25 participantes do encontro partilharam as experi\u00eancias mission\u00e1rias dos seminaristas dentro e fora das dioceses. De acordo com o assessor da Comiss\u00e3o para a A\u00e7\u00e3o Mission\u00e1ria, padre Sidnei Dornelas, que coordenou o momento, \u201ca grande riqueza dessas experi\u00eancias permitiu que fosse avaliado o seu impacto e significado no caminho pedag\u00f3gico trilhado pelos seminaristas\u201d. O sacerdote ainda ressalta que o testemunho dos seminaristas ajudou a ver como as experi\u00eancias compartilhadas podem ser um diferencial no \u201camadurecimento da voca\u00e7\u00e3o do futuro presb\u00edtero\u201d.<\/p>\n<p style=\"text-align: justify\">Ao tomar\u00a0como ponto de partida as ideias e desafios apresentados pelos participantes durante a troca de experi\u00eancias, dom Esmeraldo Barreto de Farias falou sobre o desenvolvimento do perfil de uma forma\u00e7\u00e3o \u201cverdadeiramente mission\u00e1ria\u201d dos novos padres. Nesta quarta-feira, dia 30, o bispo apresentou a preocupa\u00e7\u00e3o com a inser\u00e7\u00e3o dos futuros padres na \u201clinha da miss\u00e3o\u201d dentro da caminhada de cada igreja particular. Para isso, foi\u00a0proposto um processo pedag\u00f3gico humano e intelectual \u201cque integre a pr\u00e1tica mission\u00e1ria e uma espiritualidade que configure mission\u00e1rios presb\u00edteros para uma \u2018Igreja em Sa\u00edda\u2019, como desejada pelo Papa Francisco\u201d.<\/p>\n<h3 style=\"text-align: justify\">Linhas de a\u00e7\u00e3o<\/h3>\n<p style=\"text-align: justify\">As sess\u00f5es dos pr\u00f3ximos dois dias de encontro est\u00e3o reservadas para os participantes tra\u00e7arem linhas orientadoras que ajudem a Igreja no Brasil \u201ca prosseguir de maneira efetiva na tarefa de inserir a miss\u00e3o como eixo integrador do processo formativo dos novos presb\u00edteros\u201d. O momento ser\u00e1 assessorado pelo padre Gabriel dos Santos Filho, da arquidiocese de Porto Velho (RO). Ao final do encontro ser\u00e1 elaborado um documento conclusivo com a colabora\u00e7\u00e3o de seminaristas e formadores.<\/p>\n<p style=\"text-align: justify\">\n","protected":false},"excerpt":{"rendered":"<p>\u201cA forma\u00e7\u00e3o mission\u00e1ria do presb\u00edtero diocesano\u201d \u00e9 o tema do evento<\/p>\n","protected":false},"author":83,"featured_media":9689,"comment_status":"open","ping_status":"open","sticky":false,"template":"","format":"standard","meta":{"site-sidebar-layout":"default","site-content-layout":"default","ast-global-header-display":"","ast-banner-title-visibility":"","ast-main-header-display":"","ast-hfb-above-header-display":"","ast-hfb-below-header-display":"","ast-hfb-mobile-header-display":"","site-post-title":"","ast-breadcrumbs-content":"","ast-featured-img":"","footer-sml-layout":"","theme-transparent-header-meta":"","adv-header-id-meta":"","stick-header-meta":"","header-above-stick-meta":"","header-main-stick-meta":"","header-below-stick-meta":""},"categories":[854,878],"tags":[],"acf":[],"_links":{"self":[{"href":"https:\/\/www.cnbb.org.br\/cnbb-app\/wp\/v2\/posts\/9688"}],"collection":[{"href":"https:\/\/www.cnbb.org.br\/cnbb-app\/wp\/v2\/posts"}],"about":[{"href":"https:\/\/www.cnbb.org.br\/cnbb-app\/wp\/v2\/types\/post"}],"author":[{"embeddable":true,"href":"https:\/\/www.cnbb.org.br\/cnbb-app\/wp\/v2\/users\/83"}],"replies":[{"embeddable":true,"href":"https:\/\/www.cnbb.org.br\/cnbb-app\/wp\/v2\/comments?post=9688"}],"version-history":[{"count":0,"href":"https:\/\/www.cnbb.org.br\/cnbb-app\/wp\/v2\/posts\/9688\/revisions"}],"wp:featuredmedia":[{"embeddable":true,"href":"https:\/\/www.cnbb.org.br\/cnbb-app\/wp\/v2\/media\/9689"}],"wp:attachment":[{"href":"https:\/\/www.cnbb.org.br\/cnbb-app\/wp\/v2\/media?parent=9688"}],"wp:term":[{"taxonomy":"category","embeddable":true,"href":"https:\/\/www.cnbb.org.br\/cnbb-app\/wp\/v2\/categories?post=9688"},{"taxonomy":"post_tag","embeddable":true,"href":"https:\/\/www.cnbb.org.br\/cnbb-app\/wp\/v2\/tags?post=9688"}],"curies":[{"name":"wp","href":"https:\/\/api.w.org\/{rel}","templated":true}]}}