{"id":968859,"date":"2024-08-23T11:03:45","date_gmt":"2024-08-23T14:03:45","guid":{"rendered":"https:\/\/www.cnbb.org.br\/?p=968859"},"modified":"2024-08-23T11:05:14","modified_gmt":"2024-08-23T14:05:14","slug":"discipulos-e-evangelizadores-pela-graca-do-batismo","status":"publish","type":"post","link":"https:\/\/www.cnbb.org.br\/discipulos-e-evangelizadores-pela-graca-do-batismo\/","title":{"rendered":"Disc\u00edpulos e evangelizadores pela gra\u00e7a do Batismo\u00a0"},"content":{"rendered":"<p style=\"text-align: right;\"><strong>Dom Jos\u00e9 Gislon<br \/>\nBispo de Caxias do Sul (RS)<\/strong><\/p>\n<p style=\"text-align: justify;\"><span data-ccp-props=\"{&quot;201341983&quot;:0,&quot;335551550&quot;:6,&quot;335551620&quot;:6,&quot;335559739&quot;:0,&quot;335559740&quot;:276}\">\u00a0<\/span><\/p>\n<p style=\"text-align: justify;\"><span data-contrast=\"auto\">Estimados irm\u00e3os e irm\u00e3s em Cristo Jesus! Neste M\u00eas Vocacional, n\u00e3o poder\u00edamos deixar de recordar e celebrar a voca\u00e7\u00e3o dos leigos e leigas, tendo presente que eles s\u00e3o os grandes protagonistas da vida da Igreja nas nossas comunidades.\u00a0<\/span><span data-ccp-props=\"{&quot;201341983&quot;:0,&quot;335551550&quot;:6,&quot;335551620&quot;:6,&quot;335559739&quot;:0,&quot;335559740&quot;:276}\">\u00a0<\/span><\/p>\n<p style=\"text-align: justify;\"><span data-contrast=\"auto\">O Conc\u00edlio II resgatou o papel, a miss\u00e3o e o protagonismo dos leigos e leigas na Igreja, pela participa\u00e7\u00e3o ativa na a\u00e7\u00e3o e na miss\u00e3o evangelizadora. Em tempo mais recente, o Documento de Aparecida diz que <\/span><i><span data-contrast=\"auto\">\u201cTodos os homens e mulheres batizados devem tomar consci\u00eancia de que foram configurados com Cristo Sacerdote, Profeta e Pastor, atrav\u00e9s do sacerd\u00f3cio comum do Povo de Deus. Devem sentir-se co-respons\u00e1veis na constru\u00e7\u00e3o da sociedade segundo os crit\u00e9rios do Evangelho, com entusiasmo e aud\u00e1cia, em comunh\u00e3o com seus Pastores<\/span><\/i><span data-contrast=\"auto\">\u201d (DAp. p. 264).<\/span><span data-ccp-props=\"{&quot;201341983&quot;:0,&quot;335551550&quot;:6,&quot;335551620&quot;:6,&quot;335559739&quot;:0,&quot;335559740&quot;:276}\">\u00a0<\/span><\/p>\n<p style=\"text-align: justify;\"><span data-contrast=\"auto\">Sem o envolvimento dos leigos, o pr\u00f3prio apostolado dos sacerdotes n\u00e3o teria o \u00eaxito desejado ou teria um alcance mais reduzido. Por isso, quero manifestar a minha gratid\u00e3o aos batizados, que vivendo a gra\u00e7a do Batismo, procuram testemunhar a f\u00e9 em Cristo Jesus, atrav\u00e9s de uma vida de ora\u00e7\u00e3o, mas tamb\u00e9m assumindo responsabilidades na vida da comunidade. Para fortalecer e fazer crescer os v\u00ednculos de comunh\u00e3o e f\u00e9 entre os seus participantes, a comunidade necessita reconhecer a diversidade de carismas e dons que Deus deu a cada um. Mas \u00e9 igualmente importante que estes carismas e dons sejam vividos no servi\u00e7o e nos minist\u00e9rios dos leigos, tendo presente o bem comum da comunidade e o compromisso de todo batizado com o Reino de Deus.<\/span><span data-ccp-props=\"{&quot;201341983&quot;:0,&quot;335551550&quot;:6,&quot;335551620&quot;:6,&quot;335559739&quot;:0,&quot;335559740&quot;:276}\">\u00a0<\/span><\/p>\n<p style=\"text-align: justify;\"><span data-contrast=\"auto\">A Igreja precisa constantemente cuidar da forma\u00e7\u00e3o dos leigos, para que eles possam, \u00e0 luz do Evangelho, ser os protagonistas de uma Igreja em sa\u00edda, mission\u00e1ria e solid\u00e1ria. Tendo presente que pelo batismo, eles tamb\u00e9m s\u00e3o chamados para levar ao mundo o testemunho de Jesus Cristo e ser fermento do amor de Deus na sociedade. E o fazem com esp\u00edrito de amor, de f\u00e9, de esperan\u00e7a e na gratuidade por causa de Cristo Jesus.<\/span><span data-ccp-props=\"{&quot;201341983&quot;:0,&quot;335551550&quot;:6,&quot;335551620&quot;:6,&quot;335559739&quot;:0,&quot;335559740&quot;:276}\">\u00a0<\/span><\/p>\n<p style=\"text-align: justify;\"><span data-contrast=\"auto\">A no\u00e7\u00e3o de Igreja, povo de Deus, desenvolvida a partir do Vaticano II, resgatou o papel do leigo na Igreja. O leigo \u201c\u00e9 o crist\u00e3o maduro na f\u00e9, que fez o encontro pessoal com Jesus Cristo e se disp\u00f4s a segui-lo com todas as consequ\u00eancias dessa escolha; \u00e9 o crist\u00e3o que adere ao projeto do Mestre e busca identificar-se sempre mais com sua pessoa; \u00e9 o crist\u00e3o que se coloca na escuta do Esp\u00edrito, que envia \u00e0 edifica\u00e7\u00e3o da comunidade e \u00e0 transforma\u00e7\u00e3o do mundo na dire\u00e7\u00e3o do Reino de Deus\u201d (CNBB 107).<\/span><span data-ccp-props=\"{&quot;201341983&quot;:0,&quot;335551550&quot;:6,&quot;335551620&quot;:6,&quot;335559739&quot;:0,&quot;335559740&quot;:276}\">\u00a0<\/span><\/p>\n<p style=\"text-align: justify;\"><span data-contrast=\"auto\">Mas os leigos tamb\u00e9m s\u00e3o chamados a descobrir e alimentar uma espiritualidade apropriada \u00e0 sua voca\u00e7\u00e3o. N\u00e3o se trata de fugir das realidades temporais para encontrar a Deus, mas de encontr\u00e1-lo ali, em seu trabalho, junto \u00e0 sua fam\u00edlia e na sua comunidade. N\u00e3o podemos esquecer que a espiritualidade crist\u00e3 sempre ter\u00e1 por fundamento os mist\u00e9rios da encarna\u00e7\u00e3o e da reden\u00e7\u00e3o de Jesus Cristo. Precisamos ter a ousadia de voltar \u00e0s fontes e recome\u00e7ar a partir de Jesus Cristo, para superar a tenta\u00e7\u00e3o do des\u00e2nimo e do cansa\u00e7o, imitando o Bom Mestre, que soube colocar-se em comunh\u00e3o com o Pai, atrav\u00e9s da ora\u00e7\u00e3o, para superar os desafios da miss\u00e3o.<\/span><span data-ccp-props=\"{&quot;201341983&quot;:0,&quot;335551550&quot;:6,&quot;335551620&quot;:6,&quot;335559739&quot;:0,&quot;335559740&quot;:276}\">\u00a0<\/span><\/p>\n<p style=\"text-align: justify;\"><span data-contrast=\"auto\">Agrade\u00e7o aos leigos e leigas que, atrav\u00e9s do Batismo, formam o corpo desta nossa Igreja Diocesana. Mas n\u00e3o poderia deixar de estender meus agradecimentos, de forma toda especial, aos milhares de leigos e leigas que, na disponibilidade de servir, por amor ao Senhor Jesus, est\u00e3o empenhados e comprometidos no servi\u00e7o aos irm\u00e3os em nossas comunidades. Quero recordar tamb\u00e9m com afeto de todos aqueles e aquelas que por muitos anos contribu\u00edram com seu trabalho e pelo testemunho de f\u00e9 com a nossa Igreja. Sei que muitos hoje j\u00e1 n\u00e3o podem mais participar ativamente da vida da comunidade, mas continuam alimentando uma vida espiritual e de comunh\u00e3o com o Senhor Jesus.<\/span><span data-ccp-props=\"{&quot;201341983&quot;:0,&quot;335551550&quot;:6,&quot;335551620&quot;:6,&quot;335559739&quot;:0,&quot;335559740&quot;:276}\">\u00a0<\/span><\/p>\n<p><span data-ccp-props=\"{&quot;201341983&quot;:0,&quot;335551550&quot;:6,&quot;335551620&quot;:6,&quot;335559739&quot;:0,&quot;335559740&quot;:276}\">\u00a0<\/span><\/p>\n<p><span data-ccp-props=\"{&quot;201341983&quot;:0,&quot;335551550&quot;:6,&quot;335551620&quot;:6,&quot;335559739&quot;:0,&quot;335559740&quot;:276}\">\u00a0<\/span><\/p>\n<p>&nbsp;<\/p>\n<p><span data-ccp-props=\"{&quot;201341983&quot;:0,&quot;335551550&quot;:6,&quot;335551620&quot;:6,&quot;335559739&quot;:0,&quot;335559740&quot;:240}\">\u00a0<\/span><\/p>\n<p><span data-ccp-props=\"{&quot;201341983&quot;:0,&quot;335551550&quot;:6,&quot;335551620&quot;:6,&quot;335559739&quot;:0,&quot;335559740&quot;:240}\">\u00a0<\/span><\/p>\n<p><span data-ccp-props=\"{&quot;201341983&quot;:0,&quot;335551550&quot;:2,&quot;335551620&quot;:2,&quot;335559739&quot;:0,&quot;335559740&quot;:240}\">\u00a0<\/span><\/p>\n<p><span data-ccp-props=\"{&quot;201341983&quot;:0,&quot;335551550&quot;:6,&quot;335551620&quot;:6,&quot;335559739&quot;:0,&quot;335559740&quot;:240}\">\u00a0<\/span><\/p>\n<p><span data-ccp-props=\"{&quot;201341983&quot;:0,&quot;335551550&quot;:6,&quot;335551620&quot;:6,&quot;335559739&quot;:0,&quot;335559740&quot;:240}\">\u00a0<\/span><\/p>\n<p><span data-ccp-props=\"{&quot;201341983&quot;:0,&quot;335559739&quot;:0,&quot;335559740&quot;:240}\">\u00a0<\/span><\/p>\n","protected":false},"excerpt":{"rendered":"<p>Dom Jos\u00e9 Gislon Bispo de Caxias do Sul (RS) \u00a0 Estimados irm\u00e3os e irm\u00e3s em Cristo Jesus! Neste M\u00eas Vocacional, n\u00e3o poder\u00edamos deixar de recordar e celebrar a voca\u00e7\u00e3o dos leigos e leigas, tendo presente que eles s\u00e3o os grandes protagonistas da vida da Igreja nas nossas comunidades.\u00a0\u00a0 O Conc\u00edlio II resgatou o papel, a &hellip;<\/p>\n<p class=\"read-more\"> <a class=\"\" href=\"https:\/\/www.cnbb.org.br\/discipulos-e-evangelizadores-pela-graca-do-batismo\/\"> <span class=\"screen-reader-text\">Disc\u00edpulos e evangelizadores pela gra\u00e7a do Batismo\u00a0<\/span> Leia mais &raquo;<\/a><\/p>\n","protected":false},"author":20,"featured_media":0,"comment_status":"open","ping_status":"open","sticky":false,"template":"","format":"standard","meta":{"site-sidebar-layout":"default","site-content-layout":"default","ast-global-header-display":"","ast-banner-title-visibility":"","ast-main-header-display":"","ast-hfb-above-header-display":"","ast-hfb-below-header-display":"","ast-hfb-mobile-header-display":"","site-post-title":"","ast-breadcrumbs-content":"","ast-featured-img":"","footer-sml-layout":"","theme-transparent-header-meta":"default","adv-header-id-meta":"","stick-header-meta":"","header-above-stick-meta":"","header-main-stick-meta":"","header-below-stick-meta":""},"categories":[758],"tags":[],"acf":[],"_links":{"self":[{"href":"https:\/\/www.cnbb.org.br\/cnbb-app\/wp\/v2\/posts\/968859"}],"collection":[{"href":"https:\/\/www.cnbb.org.br\/cnbb-app\/wp\/v2\/posts"}],"about":[{"href":"https:\/\/www.cnbb.org.br\/cnbb-app\/wp\/v2\/types\/post"}],"author":[{"embeddable":true,"href":"https:\/\/www.cnbb.org.br\/cnbb-app\/wp\/v2\/users\/20"}],"replies":[{"embeddable":true,"href":"https:\/\/www.cnbb.org.br\/cnbb-app\/wp\/v2\/comments?post=968859"}],"version-history":[{"count":2,"href":"https:\/\/www.cnbb.org.br\/cnbb-app\/wp\/v2\/posts\/968859\/revisions"}],"predecessor-version":[{"id":968861,"href":"https:\/\/www.cnbb.org.br\/cnbb-app\/wp\/v2\/posts\/968859\/revisions\/968861"}],"wp:attachment":[{"href":"https:\/\/www.cnbb.org.br\/cnbb-app\/wp\/v2\/media?parent=968859"}],"wp:term":[{"taxonomy":"category","embeddable":true,"href":"https:\/\/www.cnbb.org.br\/cnbb-app\/wp\/v2\/categories?post=968859"},{"taxonomy":"post_tag","embeddable":true,"href":"https:\/\/www.cnbb.org.br\/cnbb-app\/wp\/v2\/tags?post=968859"}],"curies":[{"name":"wp","href":"https:\/\/api.w.org\/{rel}","templated":true}]}}