{"id":968862,"date":"2024-08-23T11:07:22","date_gmt":"2024-08-23T14:07:22","guid":{"rendered":"https:\/\/www.cnbb.org.br\/?p=968862"},"modified":"2024-08-23T11:09:12","modified_gmt":"2024-08-23T14:09:12","slug":"homilia-para-o-21o-domingo-do-tempo-comum","status":"publish","type":"post","link":"https:\/\/www.cnbb.org.br\/homilia-para-o-21o-domingo-do-tempo-comum\/","title":{"rendered":"Homilia para o 21\u00ba domingo do tempo comum"},"content":{"rendered":"<p style=\"text-align: right;\"><b><span data-contrast=\"auto\">Dom Anuar Battisti<\/span><\/b><br \/>\n<b><span data-contrast=\"auto\">Arcebispo Em\u00e9rito de Maring\u00e1 (PR)<\/span><\/b><span data-ccp-props=\"{&quot;201341983&quot;:0,&quot;335551550&quot;:2,&quot;335551620&quot;:2,&quot;335559739&quot;:160,&quot;335559740&quot;:278}\">\u00a0<\/span><\/p>\n<p>&nbsp;<\/p>\n<p>&nbsp;<\/p>\n<p style=\"text-align: justify;\"><b><span data-contrast=\"auto\">Homilia para o 21\u00ba Domingo do Tempo Comum \u2013 Ano B<\/span><\/b><span data-ccp-props=\"{&quot;201341983&quot;:0,&quot;335551550&quot;:2,&quot;335551620&quot;:2,&quot;335559739&quot;:160,&quot;335559740&quot;:278}\">\u00a0<\/span><\/p>\n<p style=\"text-align: justify;\"><span data-contrast=\"auto\">Neste quarto domingo do m\u00eas de agosto, ao celebrarmos o 21\u00ba Domingo do Tempo Comum no Ano B, a liturgia nos coloca diante de um momento crucial tanto na hist\u00f3ria do povo de Israel quanto no minist\u00e9rio de Jesus. \u00c9 um domingo de decis\u00f5es, de escolhas fundamentais que determinam o rumo de nossas vidas de f\u00e9.<\/span><span data-ccp-props=\"{&quot;201341983&quot;:0,&quot;335551550&quot;:6,&quot;335551620&quot;:6,&quot;335559731&quot;:708,&quot;335559739&quot;:160,&quot;335559740&quot;:278}\">\u00a0<\/span><\/p>\n<p style=\"text-align: justify;\"><span data-contrast=\"auto\">Na primeira leitura, Josu\u00e9 24,1-2a.15-17.18b, vemos o povo de Israel diante de uma escolha decisiva. Josu\u00e9, o l\u00edder do povo, re\u00fane as tribos em Siqu\u00e9m e lhes prop\u00f5e um desafio: <\/span><i><span data-contrast=\"auto\">\u201cEscolhei hoje a quem quereis servir\u201d<\/span><\/i><span data-contrast=\"auto\"> (Josu\u00e9 24,15). Esta \u00e9 uma pergunta que vai ao cora\u00e7\u00e3o da alian\u00e7a entre Deus e o seu povo. Israel deveria escolher entre os deuses estrangeiros ou o Senhor, que os libertou do Egito e os conduziu \u00e0 terra prometida.<\/span><span data-ccp-props=\"{&quot;201341983&quot;:0,&quot;335551550&quot;:6,&quot;335551620&quot;:6,&quot;335559731&quot;:708,&quot;335559739&quot;:160,&quot;335559740&quot;:278}\">\u00a0<\/span><\/p>\n<p style=\"text-align: justify;\"><span data-contrast=\"auto\">A resposta do povo foi clara e convicta: <\/span><i><span data-contrast=\"auto\">\u201cN\u00f3s tamb\u00e9m serviremos ao Senhor, porque Ele \u00e9 o nosso Deus\u201d<\/span><\/i><span data-contrast=\"auto\"> (Josu\u00e9 24,18). Este momento \u00e9 um marco na hist\u00f3ria de Israel, onde o povo reafirma sua fidelidade ao Deus verdadeiro, reconhecendo as maravilhas que Ele realizou em suas vidas.<\/span><span data-ccp-props=\"{&quot;201341983&quot;:0,&quot;335551550&quot;:6,&quot;335551620&quot;:6,&quot;335559731&quot;:708,&quot;335559739&quot;:160,&quot;335559740&quot;:278}\">\u00a0<\/span><\/p>\n<p style=\"text-align: justify;\"><span data-contrast=\"auto\">O Evangelho de hoje \u00e9 Jo\u00e3o 6,60-69 estamos diante de outro momento de escolha, desta vez no minist\u00e9rio de Jesus. Jesus havia acabado de ensinar sobre o <\/span><i><span data-contrast=\"auto\">\u201cP\u00e3o da Vida\u201d<\/span><\/i><span data-contrast=\"auto\">, uma doutrina profunda e dif\u00edcil de aceitar. Muitos dos seus disc\u00edpulos, ao ouvirem suas palavras, disseram: <\/span><i><span data-contrast=\"auto\">\u201cEsta palavra \u00e9 dura. Quem pode escut\u00e1-la?\u201d<\/span><\/i><span data-contrast=\"auto\"> (Jo\u00e3o 6,60). E muitos, a partir de ent\u00e3o, abandonaram Jesus e n\u00e3o andavam mais com Ele.<\/span><span data-ccp-props=\"{&quot;201341983&quot;:0,&quot;335551550&quot;:6,&quot;335551620&quot;:6,&quot;335559731&quot;:708,&quot;335559739&quot;:160,&quot;335559740&quot;:278}\">\u00a0<\/span><\/p>\n<p style=\"text-align: justify;\"><span data-contrast=\"auto\">Aqui, vemos a liberdade que Jesus d\u00e1 a seus disc\u00edpulos: Ele n\u00e3o for\u00e7a ningu\u00e9m a segui-lo. Ao inv\u00e9s disso, pergunta aos Doze: <\/span><i><span data-contrast=\"auto\">\u201cQuereis v\u00f3s tamb\u00e9m retirar-vos?\u201d<\/span><\/i><span data-contrast=\"auto\"> (Jo\u00e3o 6,67). Essa pergunta n\u00e3o \u00e9 apenas dirigida aos disc\u00edpulos de ent\u00e3o, mas a cada um de n\u00f3s hoje. Diante das exig\u00eancias do Evangelho, somos constantemente convidados a fazer a escolha de continuar seguindo a Cristo ou n\u00e3o.<\/span><span data-ccp-props=\"{&quot;201341983&quot;:0,&quot;335551550&quot;:6,&quot;335551620&quot;:6,&quot;335559731&quot;:708,&quot;335559739&quot;:160,&quot;335559740&quot;:278}\">\u00a0<\/span><\/p>\n<p style=\"text-align: justify;\"><span data-contrast=\"auto\">Pedro, em nome dos Doze, faz uma bela profiss\u00e3o de f\u00e9: <\/span><i><span data-contrast=\"auto\">\u201cSenhor, a quem iremos? Tu tens palavras de vida eterna. N\u00f3s cremos e sabemos que Tu \u00e9s o Santo de Deus\u201d<\/span><\/i><span data-contrast=\"auto\"> (Jo\u00e3o 6,68-69). Esta resposta expressa a confian\u00e7a e a certeza de que, mesmo diante das dificuldades, Jesus \u00e9 o caminho, a verdade e a vida.<\/span><span data-ccp-props=\"{&quot;201341983&quot;:0,&quot;335551550&quot;:6,&quot;335551620&quot;:6,&quot;335559731&quot;:708,&quot;335559739&quot;:160,&quot;335559740&quot;:278}\">\u00a0<\/span><\/p>\n<p style=\"text-align: justify;\"><span data-contrast=\"auto\">Caros irm\u00e3os e irm\u00e3s, assim como o povo de Israel e os disc\u00edpulos de Jesus, n\u00f3s tamb\u00e9m somos chamados a fazer escolhas diariamente. Escolhas que revelam em quem colocamos nossa confian\u00e7a e a quem servimos de fato. A nossa f\u00e9 n\u00e3o \u00e9 algo que professamos apenas com palavras, mas que deve se refletir em nossas a\u00e7\u00f5es, em nossas prioridades e em nossa maneira de viver.<\/span><span data-ccp-props=\"{&quot;201341983&quot;:0,&quot;335551550&quot;:6,&quot;335551620&quot;:6,&quot;335559731&quot;:708,&quot;335559739&quot;:160,&quot;335559740&quot;:278}\">\u00a0<\/span><\/p>\n<p style=\"text-align: justify;\"><span data-contrast=\"auto\">O mundo nos oferece muitas alternativas, muitas \u201cdivindades\u201d que prometem felicidade e realiza\u00e7\u00e3o. Podemos ser tentados a seguir os caminhos do materialismo, do individualismo ou das falsas seguran\u00e7as que o mundo nos apresenta. Mas, como crist\u00e3os, somos chamados a reafirmar, a cada dia, a nossa decis\u00e3o de seguir a Cristo, mesmo quando suas palavras nos desafiam, mesmo quando o caminho se torna estreito e dif\u00edcil.<\/span><span data-ccp-props=\"{&quot;201341983&quot;:0,&quot;335551550&quot;:6,&quot;335551620&quot;:6,&quot;335559731&quot;:708,&quot;335559739&quot;:160,&quot;335559740&quot;:278}\">\u00a0<\/span><\/p>\n<p style=\"text-align: justify;\"><span data-contrast=\"auto\">A segunda leitura, Ef\u00e9sios 5,21-32, nos fala sobre o compromisso que a f\u00e9 exige, especialmente no contexto da vida matrimonial. Paulo utiliza a rela\u00e7\u00e3o entre Cristo e a Igreja como modelo para o amor entre marido e mulher. Esse amor \u00e9 um reflexo do amor sacrificial de Cristo, que entregou sua vida pela Igreja. A escolha de seguir a Cristo implica viver esse amor em todas as nossas rela\u00e7\u00f5es, com sacrif\u00edcio, entrega e fidelidade.<\/span><span data-ccp-props=\"{&quot;201341983&quot;:0,&quot;335551550&quot;:6,&quot;335551620&quot;:6,&quot;335559731&quot;:708,&quot;335559739&quot;:160,&quot;335559740&quot;:278}\">\u00a0<\/span><\/p>\n<p style=\"text-align: justify;\"><span data-contrast=\"auto\">Portanto, hoje, somos chamados a renovar o nosso compromisso com Cristo. Que, diante das dificuldades e desafios da vida, possamos repetir com Pedro: <\/span><i><span data-contrast=\"auto\">\u201cSenhor, a quem iremos? Tu tens palavras de vida eterna.\u201d<\/span><\/i><span data-contrast=\"auto\"> Que esta Eucaristia nos fortale\u00e7a e nos d\u00ea a gra\u00e7a de seguir sempre o caminho do Senhor, firmes na f\u00e9 e na esperan\u00e7a.<\/span><span data-ccp-props=\"{&quot;201341983&quot;:0,&quot;335551550&quot;:6,&quot;335551620&quot;:6,&quot;335559731&quot;:708,&quot;335559739&quot;:160,&quot;335559740&quot;:278}\">\u00a0<\/span><\/p>\n<p style=\"text-align: justify;\"><span data-contrast=\"auto\">Que Maria, M\u00e3e da Igreja, interceda por n\u00f3s, para que possamos ser fi\u00e9is em nossas escolhas e perseverar na f\u00e9 at\u00e9 o fim.<\/span><span data-ccp-props=\"{&quot;201341983&quot;:0,&quot;335551550&quot;:6,&quot;335551620&quot;:6,&quot;335559731&quot;:708,&quot;335559739&quot;:160,&quot;335559740&quot;:278}\">\u00a0<\/span><\/p>\n<p style=\"text-align: justify;\">\n<p><span data-ccp-props=\"{&quot;201341983&quot;:0,&quot;335551550&quot;:6,&quot;335551620&quot;:6,&quot;335559739&quot;:160,&quot;335559740&quot;:278}\">\u00a0<\/span><\/p>\n","protected":false},"excerpt":{"rendered":"<p>Dom Anuar Battisti Arcebispo Em\u00e9rito de Maring\u00e1 (PR)\u00a0 &nbsp; &nbsp; Homilia para o 21\u00ba Domingo do Tempo Comum \u2013 Ano B\u00a0 Neste quarto domingo do m\u00eas de agosto, ao celebrarmos o 21\u00ba Domingo do Tempo Comum no Ano B, a liturgia nos coloca diante de um momento crucial tanto na hist\u00f3ria do povo de Israel &hellip;<\/p>\n<p class=\"read-more\"> <a class=\"\" href=\"https:\/\/www.cnbb.org.br\/homilia-para-o-21o-domingo-do-tempo-comum\/\"> <span class=\"screen-reader-text\">Homilia para o 21\u00ba domingo do tempo comum<\/span> Leia mais &raquo;<\/a><\/p>\n","protected":false},"author":41,"featured_media":0,"comment_status":"open","ping_status":"open","sticky":false,"template":"","format":"standard","meta":{"site-sidebar-layout":"default","site-content-layout":"default","ast-global-header-display":"","ast-banner-title-visibility":"","ast-main-header-display":"","ast-hfb-above-header-display":"","ast-hfb-below-header-display":"","ast-hfb-mobile-header-display":"","site-post-title":"","ast-breadcrumbs-content":"","ast-featured-img":"","footer-sml-layout":"","theme-transparent-header-meta":"default","adv-header-id-meta":"","stick-header-meta":"","header-above-stick-meta":"","header-main-stick-meta":"","header-below-stick-meta":""},"categories":[758],"tags":[],"acf":[],"_links":{"self":[{"href":"https:\/\/www.cnbb.org.br\/cnbb-app\/wp\/v2\/posts\/968862"}],"collection":[{"href":"https:\/\/www.cnbb.org.br\/cnbb-app\/wp\/v2\/posts"}],"about":[{"href":"https:\/\/www.cnbb.org.br\/cnbb-app\/wp\/v2\/types\/post"}],"author":[{"embeddable":true,"href":"https:\/\/www.cnbb.org.br\/cnbb-app\/wp\/v2\/users\/41"}],"replies":[{"embeddable":true,"href":"https:\/\/www.cnbb.org.br\/cnbb-app\/wp\/v2\/comments?post=968862"}],"version-history":[{"count":2,"href":"https:\/\/www.cnbb.org.br\/cnbb-app\/wp\/v2\/posts\/968862\/revisions"}],"predecessor-version":[{"id":968864,"href":"https:\/\/www.cnbb.org.br\/cnbb-app\/wp\/v2\/posts\/968862\/revisions\/968864"}],"wp:attachment":[{"href":"https:\/\/www.cnbb.org.br\/cnbb-app\/wp\/v2\/media?parent=968862"}],"wp:term":[{"taxonomy":"category","embeddable":true,"href":"https:\/\/www.cnbb.org.br\/cnbb-app\/wp\/v2\/categories?post=968862"},{"taxonomy":"post_tag","embeddable":true,"href":"https:\/\/www.cnbb.org.br\/cnbb-app\/wp\/v2\/tags?post=968862"}],"curies":[{"name":"wp","href":"https:\/\/api.w.org\/{rel}","templated":true}]}}