{"id":968871,"date":"2024-09-01T11:17:36","date_gmt":"2024-09-01T14:17:36","guid":{"rendered":"https:\/\/www.cnbb.org.br\/?p=968871"},"modified":"2024-08-23T12:04:34","modified_gmt":"2024-08-23T15:04:34","slug":"22-domingo-do-tempo-comum","status":"publish","type":"post","link":"https:\/\/www.cnbb.org.br\/22-domingo-do-tempo-comum\/","title":{"rendered":"22\u00b0 Domingo do Tempo Comum\u00a0"},"content":{"rendered":"<p style=\"text-align: right;\"><b><span data-contrast=\"auto\">Cardeal Orani Jo\u00e3o Tempesta<br \/>\n<\/span><\/b><b><span data-contrast=\"auto\">Arcebispo do Rio de Janeiro (RJ)<\/span><\/b><\/p>\n<p style=\"text-align: right;\"><span data-ccp-props=\"{&quot;201341983&quot;:0,&quot;335551550&quot;:3,&quot;335551620&quot;:3,&quot;335559731&quot;:708,&quot;335559739&quot;:160,&quot;335559740&quot;:259}\">\u00a0<\/span><\/p>\n<p style=\"text-align: justify;\">\n<p style=\"text-align: justify;\"><i><span data-contrast=\"auto\">\u201cSenhor, quem morar\u00e1 em vossa casa, e no vosso monte santo, habitar\u00e1\u201d?\u00a0<\/span><\/i><span data-contrast=\"auto\"> (<\/span><i><span data-contrast=\"auto\">Sl14\/15)<\/span><\/i><span data-contrast=\"auto\">\u00a0<\/span><span data-ccp-props=\"{&quot;201341983&quot;:0,&quot;335551550&quot;:2,&quot;335551620&quot;:2,&quot;335559739&quot;:160,&quot;335559740&quot;:259}\">\u00a0<\/span><\/p>\n<p style=\"text-align: justify;\"><span data-contrast=\"auto\">Celebramos no primeiro domingo de setembro o Vig\u00e9simo Segundo desse Tempo Comum, iniciamos o m\u00eas da B\u00edblia em que somos convidados a nos dedicarmos com mais aten\u00e7\u00e3o \u00e0 Palavra de Deus, neste ano o livro de Ezequiel com o lema \u201cporei em v\u00f3s o meu Esp\u00edrito e vivereis\u201d (Ez 37,14). As par\u00f3quias, ao longo desse m\u00eas, podem colocar a Palavra em destaque na entrada da Igreja ou perto da mesa da Palavra. Neste domingo agradecemos a nossa grande Romaria a Aparecida ocorrida neste s\u00e1bado anterior.<\/span><span data-ccp-props=\"{&quot;201341983&quot;:0,&quot;335551550&quot;:6,&quot;335551620&quot;:6,&quot;335559731&quot;:708,&quot;335559739&quot;:160,&quot;335559740&quot;:259}\">\u00a0<\/span><\/p>\n<p style=\"text-align: justify;\"><span data-contrast=\"auto\">O m\u00eas de setembro \u00e9 o m\u00eas da B\u00edblia porque no dia 30 celebramos a mem\u00f3ria lit\u00fargica de S\u00e3o Jer\u00f4nimo, que traduziu a B\u00edblia do grego e do hebraico para o latim. Podemos, ao longo desse m\u00eas, colocar a Palavra de Deus em destaque tamb\u00e9m em nossa casa e todas as noites meditar em fam\u00edlia a Palavra de Deus.\u00a0<\/span><span data-ccp-props=\"{&quot;201341983&quot;:0,&quot;335551550&quot;:6,&quot;335551620&quot;:6,&quot;335559731&quot;:708,&quot;335559739&quot;:160,&quot;335559740&quot;:259}\">\u00a0<\/span><\/p>\n<p style=\"text-align: justify;\"><span data-contrast=\"auto\">\u00c9 claro que n\u00e3o devemos ler e meditar a Palavra de Deus somente no m\u00eas dedicado a ela, mas ao longo de todo o ano, o m\u00eas da B\u00edblia \u00e9 para lembrarmos a import\u00e2ncia de S\u00e3o Jer\u00f4nimo e para chamar a nossa aten\u00e7\u00e3o para a import\u00e2ncia que devemos dar a Palavra de Deus. Em todas as missas participamos de duas mesas: <\/span><i><span data-contrast=\"auto\">\u201cPalavra e Eucaristia\u201d, <\/span><\/i><span data-contrast=\"auto\">primeiro nos alimentamos da Palavra e guardamos o que foi anunciado em nosso cora\u00e7\u00e3o para depois nos saciarmos da Eucaristia. Por isso, a Palavra de Deus tem grande import\u00e2ncia em nossa vida.\u00a0<\/span><span data-ccp-props=\"{&quot;201341983&quot;:0,&quot;335551550&quot;:6,&quot;335551620&quot;:6,&quot;335559731&quot;:708,&quot;335559739&quot;:160,&quot;335559740&quot;:259}\">\u00a0<\/span><\/p>\n<p style=\"text-align: justify;\"><span data-contrast=\"auto\">No Evangelho deste domingo, em mais um embate entre Jesus e os fariseus, Nosso Senhor diz que o que torna o homem impuro \u00e9 aquilo que sai do seu cora\u00e7\u00e3o, como por exemplo: maldades, adult\u00e9rio, cal\u00fania e difama\u00e7\u00e3o. E n\u00e3o \u00e9 o que entra no homem que o torna impuro. Portanto, cuidemos antes de tudo daquilo que sai de nossa boca, principalmente no que for para ofender o pr\u00f3ximo e n\u00e3o nos preocupemos tanto com aquilo que entra.\u00a0<\/span><span data-ccp-props=\"{&quot;201341983&quot;:0,&quot;335551550&quot;:6,&quot;335551620&quot;:6,&quot;335559731&quot;:708,&quot;335559739&quot;:160,&quot;335559740&quot;:259}\">\u00a0<\/span><\/p>\n<p style=\"text-align: justify;\"><span data-contrast=\"auto\">A primeira leitura da missa desse Domingo \u00e9 do livro do Deuteron\u00f4mio \u2013 <\/span><i><span data-contrast=\"auto\">Dt 4,1-2.6-8 \u2013: <\/span><\/i><span data-contrast=\"auto\">Mois\u00e9s orienta o povo a seguir os mandamentos e decretos do Senhor para que possam tomar posse na terra que o Senhor prometeu dar a eles. N\u00e3o deveriam alterar nem tirar nada daquilo que o Senhor prescreveu a eles. Eles deveriam colocar em pr\u00e1tica tudo que est\u00e1 escrito na lei, pois seriam vistos como uma na\u00e7\u00e3o s\u00e1bia e inteligente diante dos outros povos.\u00a0<\/span><span data-ccp-props=\"{&quot;201341983&quot;:0,&quot;335551550&quot;:6,&quot;335551620&quot;:6,&quot;335559731&quot;:708,&quot;335559739&quot;:160,&quot;335559740&quot;:259}\">\u00a0<\/span><\/p>\n<p style=\"text-align: justify;\"><span data-contrast=\"auto\">Deus caminha junto conosco e \u00e9 pr\u00f3ximo de n\u00f3s, do mesmo modo que era pr\u00f3ximo do povo de Israel, por isso, cumpramos os mandamentos que \u00e9 uma retribui\u00e7\u00e3o a Deus da proximidade D\u2019Ele conosco. Cumprir os mandamentos de Deus \u00e9 uma retribui\u00e7\u00e3o do seu amor para conosco e do amor que devemos manifestar ao pr\u00f3ximo.\u00a0<\/span><span data-ccp-props=\"{&quot;201341983&quot;:0,&quot;335551550&quot;:6,&quot;335551620&quot;:6,&quot;335559731&quot;:708,&quot;335559739&quot;:160,&quot;335559740&quot;:259}\">\u00a0<\/span><\/p>\n<p style=\"text-align: justify;\"><span data-contrast=\"auto\">O salmo responsorial \u00e9 o <\/span><i><span data-contrast=\"auto\">14 (15), <\/span><\/i><span data-contrast=\"auto\">que diz em seu refr\u00e3o: <\/span><i><span data-contrast=\"auto\">\u201cSenhor, quem morar\u00e1 em vossa casa, e no vosso monte santo, habitar\u00e1\u201d?\u00a0<\/span><\/i><span data-contrast=\"auto\"> Ou seja, \u00e9 aquele sem pecado em seu caminho, e que vai progredindo na lei do Senhor. Sejamos tamb\u00e9m n\u00f3s aqueles escolhidos para habitarmos eternamente na casa do Senhor.\u00a0<\/span><span data-ccp-props=\"{&quot;201341983&quot;:0,&quot;335551550&quot;:6,&quot;335551620&quot;:6,&quot;335559731&quot;:708,&quot;335559739&quot;:160,&quot;335559740&quot;:259}\">\u00a0<\/span><\/p>\n<p style=\"text-align: justify;\"><span data-contrast=\"auto\">A segunda leitura da missa desse Domingo \u00e9 da carta de S\u00e3o Tiago <\/span><i><span data-contrast=\"auto\">\u2013 Tg 1,17-18.21b-22.27 \u2013 e, <\/span><\/i><span data-contrast=\"auto\">dentro da perspectiva desse m\u00eas dedicado a Palavra, Tiago exorta cada um de n\u00f3s a praticarmos a Palavra de fato e n\u00e3o sermos meros ouvintes. Praticar a palavra significa ajudar os pobres, abandonados e as vi\u00favas. A palavra que escutamos deve nos impulsionar para a miss\u00e3o, sobretudo a miss\u00e3o de amar o pr\u00f3ximo.\u00a0<\/span><span data-ccp-props=\"{&quot;201341983&quot;:0,&quot;335551550&quot;:6,&quot;335551620&quot;:6,&quot;335559731&quot;:708,&quot;335559739&quot;:160,&quot;335559740&quot;:259}\">\u00a0<\/span><\/p>\n<p style=\"text-align: justify;\"><span data-contrast=\"auto\">O Evangelho da missa desse domingo \u00e9 de Marcos <\/span><i><span data-contrast=\"auto\">\u2013 Mc 7,1-8.14-15.21-23 \u2013: <\/span><\/i><span data-contrast=\"auto\">esse trecho do Evangelho inicia com os fariseus e doutores da lei questionando Jesus sobre o fato dos disc\u00edpulos comerem sem lavar as m\u00e3os. De fato, os fariseus e doutores da lei seguem muitos outros costumes, como exemplo, ao voltar da pra\u00e7a n\u00e3o comem sem tomar banho, e n\u00e3o deixam de lavar as m\u00e3os antes das refei\u00e7\u00f5es. Al\u00e9m do jeito certo de lavar copos, vasilhas e jarras.\u00a0<\/span><span data-ccp-props=\"{&quot;201341983&quot;:0,&quot;335551550&quot;:6,&quot;335551620&quot;:6,&quot;335559731&quot;:708,&quot;335559739&quot;:160,&quot;335559740&quot;:259}\">\u00a0<\/span><\/p>\n<p style=\"text-align: justify;\"><span data-contrast=\"auto\">Jesus critica essa atitude dos fariseus e dos doutores da lei e diz que o que torna o homem impuro \u00e9 que sai da boca do homem, ou seja, maldades, calunia, difama\u00e7\u00e3o, e outras coisas que denigrem a imagem do pr\u00f3ximo. Muitas vezes \u201cmatamos\u201d o pr\u00f3ximo com a l\u00edngua, ou seja, apontando inverdades e falando mal da vida do outro. Portanto, n\u00e3o \u00e9 o fato de lavar as m\u00e3os ou n\u00e3o que torna o homem o impuro, mas as suas atitudes com o pr\u00f3ximo que o tornam impuro.\u00a0<\/span><span data-ccp-props=\"{&quot;201341983&quot;:0,&quot;335551550&quot;:6,&quot;335551620&quot;:6,&quot;335559731&quot;:708,&quot;335559739&quot;:160,&quot;335559740&quot;:259}\">\u00a0<\/span><\/p>\n<p style=\"text-align: justify;\"><span data-contrast=\"auto\">Atrav\u00e9s desse texto podemos interpretar que n\u00e3o podemos ser \u201cescravos\u201d da lei, Deus n\u00e3o nos quer escravos dele, a lei de Deus nos orienta o caminho que devemos seguir. Do mesmo modo esses outros costumes que os fariseus e doutores da lei seguiam, n\u00e3o \u00e9 somente isso que importa, n\u00e3o \u00e9 o fato de lavar ou n\u00e3o a m\u00e3o, de tomar ou n\u00e3o banho que nos torna puros ou impuros, mas o que nos torna \u201cimpuros\u201d \u00e9 n\u00e3o amar o pr\u00f3ximo, n\u00e3o exercer a caridade e falar mal dos outros.\u00a0<\/span><span data-ccp-props=\"{&quot;201341983&quot;:0,&quot;335551550&quot;:6,&quot;335551620&quot;:6,&quot;335559731&quot;:708,&quot;335559739&quot;:160,&quot;335559740&quot;:259}\">\u00a0<\/span><\/p>\n<p style=\"text-align: justify;\"><span data-contrast=\"auto\">Celebremos com alegria esse Vig\u00e9simo Segundo Domingo do Tempo Comum, iniciando esse m\u00eas da B\u00edblia, e tenhamos no cora\u00e7\u00e3o a certeza de que Deus nos deu o livre arb\u00edtrio para seguir ou n\u00e3o os seus mandamentos, Ele n\u00e3o nos obriga, mas nos orienta a segui-los. Nos preocupemos antes de tudo com aquilo que sai de nossa boca e se fomos capazes de amar o nosso semelhante.\u00a0<\/span><span data-ccp-props=\"{&quot;201341983&quot;:0,&quot;335551550&quot;:6,&quot;335551620&quot;:6,&quot;335559731&quot;:708,&quot;335559739&quot;:160,&quot;335559740&quot;:259}\">\u00a0<\/span><\/p>\n<p>&nbsp;<\/p>\n","protected":false},"excerpt":{"rendered":"<p>Cardeal Orani Jo\u00e3o Tempesta Arcebispo do Rio de Janeiro (RJ) \u00a0 \u201cSenhor, quem morar\u00e1 em vossa casa, e no vosso monte santo, habitar\u00e1\u201d?\u00a0 (Sl14\/15)\u00a0\u00a0 Celebramos no primeiro domingo de setembro o Vig\u00e9simo Segundo desse Tempo Comum, iniciamos o m\u00eas da B\u00edblia em que somos convidados a nos dedicarmos com mais aten\u00e7\u00e3o \u00e0 Palavra de Deus, &hellip;<\/p>\n<p class=\"read-more\"> <a class=\"\" href=\"https:\/\/www.cnbb.org.br\/22-domingo-do-tempo-comum\/\"> <span class=\"screen-reader-text\">22\u00b0 Domingo do Tempo Comum\u00a0<\/span> Leia mais &raquo;<\/a><\/p>\n","protected":false},"author":31,"featured_media":0,"comment_status":"open","ping_status":"open","sticky":false,"template":"","format":"standard","meta":{"site-sidebar-layout":"default","site-content-layout":"default","ast-global-header-display":"","ast-banner-title-visibility":"","ast-main-header-display":"","ast-hfb-above-header-display":"","ast-hfb-below-header-display":"","ast-hfb-mobile-header-display":"","site-post-title":"","ast-breadcrumbs-content":"","ast-featured-img":"","footer-sml-layout":"","theme-transparent-header-meta":"default","adv-header-id-meta":"","stick-header-meta":"","header-above-stick-meta":"","header-main-stick-meta":"","header-below-stick-meta":""},"categories":[758],"tags":[],"acf":[],"_links":{"self":[{"href":"https:\/\/www.cnbb.org.br\/cnbb-app\/wp\/v2\/posts\/968871"}],"collection":[{"href":"https:\/\/www.cnbb.org.br\/cnbb-app\/wp\/v2\/posts"}],"about":[{"href":"https:\/\/www.cnbb.org.br\/cnbb-app\/wp\/v2\/types\/post"}],"author":[{"embeddable":true,"href":"https:\/\/www.cnbb.org.br\/cnbb-app\/wp\/v2\/users\/31"}],"replies":[{"embeddable":true,"href":"https:\/\/www.cnbb.org.br\/cnbb-app\/wp\/v2\/comments?post=968871"}],"version-history":[{"count":2,"href":"https:\/\/www.cnbb.org.br\/cnbb-app\/wp\/v2\/posts\/968871\/revisions"}],"predecessor-version":[{"id":968873,"href":"https:\/\/www.cnbb.org.br\/cnbb-app\/wp\/v2\/posts\/968871\/revisions\/968873"}],"wp:attachment":[{"href":"https:\/\/www.cnbb.org.br\/cnbb-app\/wp\/v2\/media?parent=968871"}],"wp:term":[{"taxonomy":"category","embeddable":true,"href":"https:\/\/www.cnbb.org.br\/cnbb-app\/wp\/v2\/categories?post=968871"},{"taxonomy":"post_tag","embeddable":true,"href":"https:\/\/www.cnbb.org.br\/cnbb-app\/wp\/v2\/tags?post=968871"}],"curies":[{"name":"wp","href":"https:\/\/api.w.org\/{rel}","templated":true}]}}