{"id":968891,"date":"2024-08-23T15:40:02","date_gmt":"2024-08-23T18:40:02","guid":{"rendered":"https:\/\/www.cnbb.org.br\/?p=968891"},"modified":"2024-08-23T16:03:32","modified_gmt":"2024-08-23T19:03:32","slug":"igreja-america-latina-acao-conjunta-cop-30","status":"publish","type":"post","link":"https:\/\/www.cnbb.org.br\/igreja-america-latina-acao-conjunta-cop-30\/","title":{"rendered":"Igreja na Am\u00e9rica Latina busca articular a\u00e7\u00e3o conjunta na COP 30, a Confer\u00eancia do Clima sediada no Brasil"},"content":{"rendered":"<p style=\"text-align: justify;\">Institui\u00e7\u00f5es da Igreja Cat\u00f3lica na Am\u00e9rica Latina devem unir for\u00e7as para levar a contribui\u00e7\u00e3o sobre o cuidado da casa comum e a ecologia integral \u00e0 Confer\u00eancia das Na\u00e7\u00f5es Unidas sobre as Mudan\u00e7as Clim\u00e1ticas de 2025, a COP 30, que ser\u00e1 sediada em Bel\u00e9m (PA). Parte do grupo que faz parte do projeto &#8220;Igreja rumo \u00e0 COP 30 &#8211; articula\u00e7\u00e3o por ecologia integral e justi\u00e7a clim\u00e1tica&#8221; recebeu, nesta sexta-feira, 23 de agosto, na sede da Confer\u00eancia Nacional dos Bispos do Brasil (CNBB), representantes de organismos continentais para definir estrat\u00e9gias e a\u00e7\u00f5es conjuntas na prepara\u00e7\u00e3o para o evento sobre o clima.<\/p>\n<p style=\"text-align: justify;\">Foram recebidos por parte da coordena\u00e7\u00e3o do projeto o diretor do Centro de Programas e Redes de A\u00e7\u00e3o Pastoral do Celam, padre Francisco Hern\u00e1ndez, e o coordenador de Gest\u00e3o de Conhecimento da C\u00e1ritas Latino Americana, Jos\u00e9 Oscar Henao Monje. Estiveram no encontro o assessor da Comiss\u00e3o Episcopal para a A\u00e7\u00e3o Sociotransformadora da CNBB, padre D\u00e1rio Bossi; Igor Bastos, do Movimento Laudato Si&#8217;; Melillo Dinis, assessor da Repam-Brasil; e irm\u00e3 Rosa Elena Cipr\u00e9s D\u00edaz, assessora da Confer\u00eancia dos Religiosos do Brasil (CRB).<\/p>\n<h3>Din\u00e2mica continental<\/h3>\n<p style=\"text-align: justify;\">Entrando numa &#8220;din\u00e2mica continental&#8221;, como definiu padre D\u00e1rio, o processo da COP 30 vai recebendo apoios de v\u00e1rias institui\u00e7\u00f5es eclesiais, que se articulam para dar visibilidade \u00e0 compreens\u00e3o da Igreja Cat\u00f3lica sobre a vida no planeta. Na manh\u00e3 desta sexta-feira, os representantes da C\u00e1ritas e do Celam se dispuseram a somar \u00e0s iniciativas que j\u00e1 est\u00e3o em curso no Brasil, de modo a amplificar e somar for\u00e7as.<\/p>\n<p style=\"text-align: justify;\">Parte dessa contribui\u00e7\u00e3o partir\u00e1 da experi\u00eancia da Igreja na Col\u00f4mbia que est\u00e1 inserida no processo da COP 16, sobre a Biodiversidade, que vai acontecer em Cali, na Col\u00f4mbia. A forte mobiliza\u00e7\u00e3o da Igreja no pa\u00eds vizinho pode dar pistas para a\u00e7\u00f5es rumo \u00e0 COP 30.<\/p>\n<blockquote>\n<p style=\"text-align: justify;\">&#8220;Esse caminho \u00e9 chamado pelo Celam de Rota Laudate Deum, um itiner\u00e1rio que conecta o F\u00f3rum Social Pan-Amaz\u00f4nico (Fospa), ocorrido na Bol\u00edvia, em junho; a COP 16, na Col\u00f4mbia; e a COP30, em Bel\u00e9m. Um itiner\u00e1rio onde a Igreja latino-americana vai mantendo um mesmo rumo&#8221;, explicou padre D\u00e1rio Bossi.<\/p>\n<\/blockquote>\n<p style=\"text-align: justify;\">O assessor explica que o arcebispo de Porto Alegre (RS) e presidente da CNBB, dom Jaime Spengler, tem facilitado essa converg\u00eancia entre os grupos, por desempenhar as fun\u00e7\u00f5es de presidente da Confer\u00eancia Episcopal do Brasil e do Conselho Episcopal Latino Americano.<\/p>\n<figure id=\"attachment_968926\" aria-describedby=\"caption-attachment-968926\" style=\"width: 960px\" class=\"wp-caption aligncenter\"><img decoding=\"async\" loading=\"lazy\" class=\"size-full wp-image-968926\" src=\"https:\/\/www.cnbb.org.br\/wp-content\/uploads\/2024\/08\/Rumo-a-COP-30-Pe-Dario.jpg\" alt=\"\" width=\"960\" height=\"640\" srcset=\"https:\/\/www.cnbb.org.br\/wp-content\/uploads\/2024\/08\/Rumo-a-COP-30-Pe-Dario.jpg 960w, https:\/\/www.cnbb.org.br\/wp-content\/uploads\/2024\/08\/Rumo-a-COP-30-Pe-Dario-300x200.jpg 300w, https:\/\/www.cnbb.org.br\/wp-content\/uploads\/2024\/08\/Rumo-a-COP-30-Pe-Dario-768x512.jpg 768w, https:\/\/www.cnbb.org.br\/wp-content\/uploads\/2024\/08\/Rumo-a-COP-30-Pe-Dario-500x333.jpg 500w\" sizes=\"(max-width: 960px) 100vw, 960px\" \/><figcaption id=\"caption-attachment-968926\" class=\"wp-caption-text\">Padre D\u00e1rio Bossi e irm\u00e3 Rosa Elena | Foto: Luiz Lopes Jr\/CNBB<\/figcaption><\/figure>\n<p>&nbsp;<\/p>\n<p style=\"text-align: justify;\">O diretor do Centro de Programas e Redes de A\u00e7\u00e3o Pastoral do Celam, padre Francisco Hern\u00e1ndez, partilha o trabalho de identificar os pontos nos quais o Celam pode colaborar com a CNBB para que as organiza\u00e7\u00f5es da Igrejas que estejam presentes na COP30 estejam o mais coordenadas poss\u00edvel, mesmo com a diversidade de atores eclesiais que existem.<\/p>\n<blockquote><p>&#8220;A ideia \u00e9 ver se podemos articular o m\u00e1ximo poss\u00edvel, de tal maneira que cheguemos a uma experi\u00eancia de Igreja que caminha junto, em comunh\u00e3o, e fazer um testemunho de defesa da Casa Comum e outros aspectos diversos de toda a din\u00e2mica de desenvolvimento humano integral que a Igreja leva em frente na defesa tamb\u00e9m da Casa Comum para que estejamos mais unidos e trabalhemos muito articuladamente&#8221;, disse.<\/p><\/blockquote>\n<figure id=\"attachment_968928\" aria-describedby=\"caption-attachment-968928\" style=\"width: 920px\" class=\"wp-caption aligncenter\"><img decoding=\"async\" loading=\"lazy\" class=\"size-full wp-image-968928\" src=\"https:\/\/www.cnbb.org.br\/wp-content\/uploads\/2024\/08\/Rumo-a-COP-30-Pe-Chico-e-Oscar.jpg\" alt=\"\" width=\"920\" height=\"613\" srcset=\"https:\/\/www.cnbb.org.br\/wp-content\/uploads\/2024\/08\/Rumo-a-COP-30-Pe-Chico-e-Oscar.jpg 920w, https:\/\/www.cnbb.org.br\/wp-content\/uploads\/2024\/08\/Rumo-a-COP-30-Pe-Chico-e-Oscar-300x200.jpg 300w, https:\/\/www.cnbb.org.br\/wp-content\/uploads\/2024\/08\/Rumo-a-COP-30-Pe-Chico-e-Oscar-768x512.jpg 768w, https:\/\/www.cnbb.org.br\/wp-content\/uploads\/2024\/08\/Rumo-a-COP-30-Pe-Chico-e-Oscar-500x333.jpg 500w\" sizes=\"(max-width: 920px) 100vw, 920px\" \/><figcaption id=\"caption-attachment-968928\" class=\"wp-caption-text\">Padre Francisco Hern\u00e1ndez e Jos\u00e9 Oscar | Foto: Luiz Lopes Jr\/CNBB<\/figcaption><\/figure>\n<p>&nbsp;<\/p>\n<h3 style=\"text-align: justify;\">Defini\u00e7\u00f5es<\/h3>\n<p style=\"text-align: justify;\">Algumas a\u00e7\u00f5es foram planejadas nesse trabalho em conjunto rumo \u00e0 COP 30. Ap\u00f3s a Confer\u00eancia sobre a Biodiversidade na Col\u00f4mbia, em outubro, o grupo far\u00e1 uma avalia\u00e7\u00e3o e planejamento para converg\u00eancia das a\u00e7\u00f5es, tendo como ponto de partida a atua\u00e7\u00e3o da igreja no processo.<\/p>\n<p style=\"text-align: justify;\">Em setembro, durante um encontro que reunir\u00e1 os organismos episcopais dos continentes, em Luxemburgo, para tratar do <span style=\"font-size: 16px;\">S\u00ednodo e da COP 30, o Celam levar\u00e1 informa\u00e7\u00f5es da articula\u00e7\u00e3o da CNBB, &#8220;de modo que as grandes confer\u00eancias mundiais saibam o que est\u00e1 sendo pensado e como pode se organizar uma converg\u00eancia naqueles dias de Bel\u00e9m&#8221;, explicou padre D\u00e1rio. O Celam tamb\u00e9m apoiar\u00e1 a articula\u00e7\u00e3o do Brasil com esfor\u00e7os no campo da comunica\u00e7\u00e3o.\u00a0<\/span><\/p>\n<p style=\"text-align: justify;\">Outra a\u00e7\u00e3o de converg\u00eancia visa facilitar o fornecimento de informa\u00e7\u00f5es entre os organismos locais e a Santa S\u00e9, por meio da Secretaria de Estado do Vaticano e o Dicast\u00e9rio para o Desenvolvimento Humano Integral.<\/p>\n<p style=\"text-align: justify;\">Por fim, o Celam, a C\u00e1ritas e o Projeto Igreja rumo \u00e0 COP 30 v\u00e3o somar contribui\u00e7\u00f5es ao documento que apresentar\u00e1 o pensamento socioambiental da Igreja CNBB nas reflex\u00f5es da COP 30, ressaltando a converg\u00eancia de pensamento, de posi\u00e7\u00e3o eclesial, socioambiental e pol\u00edtica da Igreja sobre o tema.<\/p>\n<h3 style=\"text-align: justify;\">Igreja rumo \u00e0 COP 30<\/h3>\n<p style=\"text-align: justify;\">O que incialmente ganhou o nome de &#8220;Campanha Laudato Si&#8217; + COP 30&#8221; tornou-se posteriormente o projeto &#8220;Igreja rumo \u00e0 COP 30: articula\u00e7\u00e3o por Ecologia Integral e Justi\u00e7a Clim\u00e1tica&#8221;, uma convoca\u00e7\u00e3o expressa pela CNBB \u00e0 totalidade da Igreja.<\/p>\n<p style=\"text-align: justify;\">Essa articula\u00e7\u00e3o que envolve as Comiss\u00f5es para a A\u00e7\u00e3o Sociotransformadora, para a Ecologia Integral e Minera\u00e7\u00e3o e para a Amaz\u00f4nia da CNBB, re\u00fane tamb\u00e9m a Rede Eclesial Pan-Amaz\u00f4nica (Repam), a Confer\u00eancia dos Religiosos do Brasil (CRB), o Movimento Laudato Si e a C\u00e1ritas Brasileira. Todas as institui\u00e7\u00f5es unidas em vista da participa\u00e7\u00e3o ativa da Igreja na Confer\u00eancia das Na\u00e7\u00f5es Unidas sobre as Mudan\u00e7as Clim\u00e1ticas (COP 30), mas tamb\u00e9m na prepara\u00e7\u00e3o consciente e engajada para esse evento de import\u00e2ncia global.<\/p>\n<p style=\"text-align: justify;\">O objetivo geral da articula\u00e7\u00e3o \u00e9 aproveitar a oportunidade da realiza\u00e7\u00e3o da COP 30 no Brasil para fortalecer o grau de incid\u00eancia da Igreja em vista da convers\u00e3o ecol\u00f3gica e da transforma\u00e7\u00e3o socioambiental do planeta, \u00e0 luz da Doutrina Social da Igreja.<\/p>\n<p style=\"text-align: justify;\"><a href=\"https:\/\/cnbbne3-my.sharepoint.com\/:b:\/g\/personal\/imprensa_cnbb_org_br\/EfolHoYJKa9NtiATu1LUf5EBBYubZCb2QlFYUkZ1O42afg?e=Yw45cx\" target=\"_blank\" rel=\"noopener\">Saiba mais sobre as a\u00e7\u00f5es planejadas nessa iniciativa.<\/a><\/p>\n<p style=\"text-align: justify;\">\n","protected":false},"excerpt":{"rendered":"<p>Entrando numa &#8220;din\u00e2mica continental&#8221; o processo da COP 30 vai recebendo apoios de v\u00e1rias institui\u00e7\u00f5es eclesiais, que se articulam para dar visibilidade \u00e0 compreens\u00e3o da Igreja Cat\u00f3lica sobre a vida no planeta. Nesta sexta-feira, representantes da C\u00e1ritas e do Celam se dispuseram a somar \u00e0s iniciativas em curso no Brasil<\/p>\n","protected":false},"author":38,"featured_media":968924,"comment_status":"open","ping_status":"open","sticky":false,"template":"","format":"standard","meta":{"site-sidebar-layout":"default","site-content-layout":"default","ast-global-header-display":"","ast-banner-title-visibility":"","ast-main-header-display":"","ast-hfb-above-header-display":"","ast-hfb-below-header-display":"","ast-hfb-mobile-header-display":"","site-post-title":"","ast-breadcrumbs-content":"","ast-featured-img":"","footer-sml-layout":"","theme-transparent-header-meta":"default","adv-header-id-meta":"","stick-header-meta":"","header-above-stick-meta":"","header-main-stick-meta":"","header-below-stick-meta":""},"categories":[829,50],"tags":[5319],"acf":[],"_links":{"self":[{"href":"https:\/\/www.cnbb.org.br\/cnbb-app\/wp\/v2\/posts\/968891"}],"collection":[{"href":"https:\/\/www.cnbb.org.br\/cnbb-app\/wp\/v2\/posts"}],"about":[{"href":"https:\/\/www.cnbb.org.br\/cnbb-app\/wp\/v2\/types\/post"}],"author":[{"embeddable":true,"href":"https:\/\/www.cnbb.org.br\/cnbb-app\/wp\/v2\/users\/38"}],"replies":[{"embeddable":true,"href":"https:\/\/www.cnbb.org.br\/cnbb-app\/wp\/v2\/comments?post=968891"}],"version-history":[{"count":5,"href":"https:\/\/www.cnbb.org.br\/cnbb-app\/wp\/v2\/posts\/968891\/revisions"}],"predecessor-version":[{"id":968935,"href":"https:\/\/www.cnbb.org.br\/cnbb-app\/wp\/v2\/posts\/968891\/revisions\/968935"}],"wp:featuredmedia":[{"embeddable":true,"href":"https:\/\/www.cnbb.org.br\/cnbb-app\/wp\/v2\/media\/968924"}],"wp:attachment":[{"href":"https:\/\/www.cnbb.org.br\/cnbb-app\/wp\/v2\/media?parent=968891"}],"wp:term":[{"taxonomy":"category","embeddable":true,"href":"https:\/\/www.cnbb.org.br\/cnbb-app\/wp\/v2\/categories?post=968891"},{"taxonomy":"post_tag","embeddable":true,"href":"https:\/\/www.cnbb.org.br\/cnbb-app\/wp\/v2\/tags?post=968891"}],"curies":[{"name":"wp","href":"https:\/\/api.w.org\/{rel}","templated":true}]}}