{"id":969608,"date":"2024-08-30T09:39:47","date_gmt":"2024-08-30T12:39:47","guid":{"rendered":"https:\/\/www.cnbb.org.br\/?p=969608"},"modified":"2024-08-30T09:48:34","modified_gmt":"2024-08-30T12:48:34","slug":"mes-da-biblia-historia-significado-e-reflexao-para-2024","status":"publish","type":"post","link":"https:\/\/www.cnbb.org.br\/mes-da-biblia-historia-significado-e-reflexao-para-2024\/","title":{"rendered":"M\u00eas da B\u00edblia: hist\u00f3ria, significado e reflex\u00e3o para 2024\u00a0"},"content":{"rendered":"<p style=\"text-align: right;\"><b><span data-contrast=\"none\">Dom Anuar Battisti<\/span><\/b><br \/>\n<b><span data-contrast=\"none\">Arcebispo Em\u00e9rito de Maring\u00e1 (PR)<\/span><\/b><span data-ccp-props=\"{&quot;201341983&quot;:0,&quot;335551550&quot;:2,&quot;335551620&quot;:2,&quot;335559739&quot;:160,&quot;335559740&quot;:278}\">\u00a0<\/span><\/p>\n<p style=\"text-align: justify;\"><span data-ccp-props=\"{&quot;201341983&quot;:0,&quot;335551550&quot;:2,&quot;335551620&quot;:2,&quot;335559739&quot;:160,&quot;335559740&quot;:278}\">\u00a0<\/span><\/p>\n<p style=\"text-align: justify;\"><span data-contrast=\"none\">O M\u00eas da B\u00edblia, celebrado em setembro pela Igreja Cat\u00f3lica no Brasil, \u00e9 uma tradi\u00e7\u00e3o que se consolidou desde 1971. Essa iniciativa tem suas ra\u00edzes no Conc\u00edlio Ecum\u00eanico Vaticano II, que incentivou o acesso das Escrituras Sagradas a todos os fi\u00e9is. A escolha de setembro est\u00e1 ligada ao Dia de S\u00e3o Jer\u00f4nimo, celebrado no dia 30, conhecido como o tradutor da B\u00edblia para o latim.<\/span><span data-ccp-props=\"{&quot;201341983&quot;:0,&quot;335551550&quot;:6,&quot;335551620&quot;:6,&quot;335559731&quot;:708,&quot;335559739&quot;:160,&quot;335559740&quot;:278}\">\u00a0<\/span><\/p>\n<p style=\"text-align: justify;\"><span data-contrast=\"none\">A celebra\u00e7\u00e3o do M\u00eas da B\u00edblia tem como principais objetivos aproximar os fi\u00e9is da Palavra de Deus, promovendo uma leitura orante e reflexiva das Escrituras. Al\u00e9m disso, busca-se estimular a pr\u00e1tica do estudo b\u00edblico em comunidade, fortalecendo a f\u00e9 e a miss\u00e3o evangelizadora da Igreja.<\/span><span data-ccp-props=\"{&quot;201341983&quot;:0,&quot;335551550&quot;:6,&quot;335551620&quot;:6,&quot;335559731&quot;:708,&quot;335559739&quot;:160,&quot;335559740&quot;:278}\">\u00a0<\/span><\/p>\n<p style=\"text-align: justify;\"><span data-contrast=\"none\">Para 2024, a CNBB \u2013 Confer\u00eancia Nacional dos Bispos do Brasil \u2013 escolheu o livro de Ezequiel como tema central do M\u00eas da B\u00edblia, com o lema <\/span><i><span data-contrast=\"none\">\u201cPorei em v\u00f3s meu esp\u00edrito e vivereis\u201d<\/span><\/i><span data-contrast=\"none\"> (Ez 37,14). Ezequiel, um profeta ativo durante o ex\u00edlio babil\u00f4nico, oferece uma mensagem de esperan\u00e7a e renova\u00e7\u00e3o. Sua vis\u00e3o mais famosa, a dos ossos secos, ilustra o poder de Deus de trazer vida nova em situa\u00e7\u00f5es de desola\u00e7\u00e3o e morte.<\/span><span data-ccp-props=\"{&quot;201341983&quot;:0,&quot;335551550&quot;:6,&quot;335551620&quot;:6,&quot;335559731&quot;:708,&quot;335559739&quot;:160,&quot;335559740&quot;:278}\">\u00a0<\/span><\/p>\n<p style=\"text-align: justify;\"><span data-contrast=\"none\">A escolha desse tema \u00e9 especialmente relevante em um contexto em que muitas pessoas e comunidades enfrentam desafios espirituais, sociais e at\u00e9 f\u00edsicos. A mensagem de Ezequiel convida os crist\u00e3os a confiar na promessa de Deus de renova\u00e7\u00e3o atrav\u00e9s da a\u00e7\u00e3o do Esp\u00edrito Santo, que \u00e9 capaz de reviver o que parecia estar morto.<\/span><span data-ccp-props=\"{&quot;201341983&quot;:0,&quot;335551550&quot;:6,&quot;335551620&quot;:6,&quot;335559731&quot;:708,&quot;335559739&quot;:160,&quot;335559740&quot;:278}\">\u00a0<\/span><\/p>\n<p style=\"text-align: justify;\"><span data-contrast=\"none\">O livro de Ezequiel \u00e9 uma obra rica em simbolismo e profecias. Entre os temas abordados pelo profeta, destacam-se:<\/span><span data-ccp-props=\"{&quot;201341983&quot;:0,&quot;335551550&quot;:6,&quot;335551620&quot;:6,&quot;335559731&quot;:360,&quot;335559739&quot;:160,&quot;335559740&quot;:278}\">\u00a0<\/span><\/p>\n<p><b><span data-contrast=\"none\">A Vis\u00e3o dos Ossos Secos (Ez 37,1-14)<\/span><\/b><span data-contrast=\"none\">: Ezequiel \u00e9 levado em esp\u00edrito a um vale cheio de ossos secos, representando a na\u00e7\u00e3o de Israel em seu estado de desesperan\u00e7a e ex\u00edlio. Deus ordena a Ezequiel que profetize sobre os ossos, que come\u00e7am a se reunir e ganhar vida quando o Esp\u00edrito de Deus \u00e9 soprado sobre eles. Este relato poderoso simboliza a promessa de restaura\u00e7\u00e3o e renova\u00e7\u00e3o espiritual, que \u00e9 central no tema do M\u00eas da B\u00edblia 2024.<\/span><span data-ccp-props=\"{&quot;201341983&quot;:0,&quot;335551550&quot;:6,&quot;335551620&quot;:6,&quot;335559739&quot;:160,&quot;335559740&quot;:278}\">\u00a0<\/span><\/p>\n<p><b><span data-contrast=\"none\">Novo Cora\u00e7\u00e3o e Novo Esp\u00edrito (Ez 36,26-27)<\/span><\/b><span data-contrast=\"none\">: Deus promete dar ao Seu povo um novo cora\u00e7\u00e3o e um novo esp\u00edrito, substituindo seus cora\u00e7\u00f5es de pedra por cora\u00e7\u00f5es de carne. Este trecho sublinha a import\u00e2ncia da convers\u00e3o e da abertura ao Esp\u00edrito Santo, que transforma e renova a vida do crist\u00e3o.<\/span><span data-ccp-props=\"{&quot;201341983&quot;:0,&quot;335551550&quot;:6,&quot;335551620&quot;:6,&quot;335559739&quot;:160,&quot;335559740&quot;:278}\">\u00a0<\/span><\/p>\n<p style=\"text-align: justify;\"><span data-contrast=\"none\">O Esp\u00edrito Santo ocupa um papel central na reflex\u00e3o proposta para 2024. A promessa <\/span><i><span data-contrast=\"none\">\u201cPorei em v\u00f3s meu esp\u00edrito e vivereis\u201d<\/span><\/i><span data-contrast=\"none\"> n\u00e3o apenas aponta para a restaura\u00e7\u00e3o f\u00edsica e espiritual de Israel, mas tamb\u00e9m para a vida nova em Cristo, oferecida a todos os que aceitam a a\u00e7\u00e3o do Esp\u00edrito Santo em suas vidas.<\/span><span data-ccp-props=\"{&quot;201341983&quot;:0,&quot;335551550&quot;:6,&quot;335551620&quot;:6,&quot;335559731&quot;:360,&quot;335559739&quot;:160,&quot;335559740&quot;:278}\">\u00a0<\/span><\/p>\n<p style=\"text-align: justify;\"><span data-contrast=\"none\">A Igreja ensina que o Esp\u00edrito Santo \u00e9 o Consolador prometido por Jesus, que guia, fortalece e santifica os fi\u00e9is. A leitura e a medita\u00e7\u00e3o do livro de Ezequiel durante o M\u00eas da B\u00edblia devem levar os crist\u00e3os a uma maior consci\u00eancia da presen\u00e7a e da a\u00e7\u00e3o do Esp\u00edrito Santo em suas vidas, inspirando uma viv\u00eancia mais profunda da f\u00e9.<\/span><span data-ccp-props=\"{&quot;201341983&quot;:0,&quot;335551550&quot;:6,&quot;335551620&quot;:6,&quot;335559731&quot;:360,&quot;335559739&quot;:160,&quot;335559740&quot;:278}\">\u00a0<\/span><\/p>\n<p style=\"text-align: justify;\"><span data-contrast=\"none\">O M\u00eas da B\u00edblia \u00e9 um convite para as comunidades cat\u00f3licas se reunirem em torno da Palavra de Deus, promovendo estudos b\u00edblicos, ora\u00e7\u00f5es comunit\u00e1rias e reflex\u00f5es que levem \u00e0 convers\u00e3o e \u00e0 renova\u00e7\u00e3o espiritual. A <\/span><b><i><span data-contrast=\"none\">lectio divina<\/span><\/i><\/b><span data-contrast=\"none\"> \u00e9 o m\u00e9todo sugerido para essas pr\u00e1ticas, sendo um processo de leitura, medita\u00e7\u00e3o, ora\u00e7\u00e3o e contempla\u00e7\u00e3o das Escrituras.<\/span><span data-ccp-props=\"{&quot;201341983&quot;:0,&quot;335551550&quot;:6,&quot;335551620&quot;:6,&quot;335559731&quot;:360,&quot;335559739&quot;:160,&quot;335559740&quot;:278}\">\u00a0<\/span><\/p>\n<p style=\"text-align: justify;\"><span data-contrast=\"none\">Al\u00e9m disso, a CNBB sugere que as comunidades aproveitem esse per\u00edodo para aprofundar o estudo do livro de Ezequiel em suas reuni\u00f5es, refletindo sobre como a mensagem do profeta pode ser aplicada \u00e0 vida atual.<\/span><span data-ccp-props=\"{&quot;201341983&quot;:0,&quot;335551550&quot;:6,&quot;335551620&quot;:6,&quot;335559731&quot;:360,&quot;335559739&quot;:160,&quot;335559740&quot;:278}\">\u00a0<\/span><\/p>\n<p style=\"text-align: justify;\"><span data-contrast=\"none\">Os Encontros B\u00edblicos devem ser momentos de partilha, onde cada participante \u00e9 chamado a contribuir com suas reflex\u00f5es e experi\u00eancias, enriquecendo a viv\u00eancia comunit\u00e1ria da f\u00e9.<\/span><span data-ccp-props=\"{&quot;201341983&quot;:0,&quot;335551550&quot;:6,&quot;335551620&quot;:6,&quot;335559731&quot;:360,&quot;335559739&quot;:160,&quot;335559740&quot;:278}\">\u00a0<\/span><\/p>\n<p style=\"text-align: justify;\"><span data-contrast=\"none\">O M\u00eas da B\u00edblia 2024, com seu foco no livro de Ezequiel e na a\u00e7\u00e3o do Esp\u00edrito Santo, \u00e9 uma oportunidade \u00fanica para a Igreja no Brasil aprofundar sua rela\u00e7\u00e3o com a Palavra de Deus. Em um mundo marcado por desafios e incertezas, a mensagem de esperan\u00e7a e renova\u00e7\u00e3o de Ezequiel \u00e9 um chamado \u00e0 confian\u00e7a em Deus, que sempre est\u00e1 disposto a infundir vida nova em nossos cora\u00e7\u00f5es e comunidades.<\/span><span data-ccp-props=\"{&quot;201341983&quot;:0,&quot;335551550&quot;:6,&quot;335551620&quot;:6,&quot;335559731&quot;:360,&quot;335559739&quot;:160,&quot;335559740&quot;:278}\">\u00a0<\/span><\/p>\n<p style=\"text-align: justify;\"><span data-contrast=\"none\">Que este per\u00edodo de reflex\u00e3o e ora\u00e7\u00e3o inspire uma renova\u00e7\u00e3o espiritual profunda, capacitando os crist\u00e3os a viverem plenamente sua miss\u00e3o evangelizadora, guiados pelo Esp\u00edrito Santo. O M\u00eas da B\u00edblia n\u00e3o \u00e9 apenas um tempo de estudo, mas um verdadeiro convite \u00e0 transforma\u00e7\u00e3o interior e \u00e0 viv\u00eancia concreta da f\u00e9 em comunidade.<\/span><span data-ccp-props=\"{&quot;201341983&quot;:0,&quot;335551550&quot;:6,&quot;335551620&quot;:6,&quot;335559731&quot;:360,&quot;335559739&quot;:160,&quot;335559740&quot;:278}\">\u00a0<\/span><\/p>\n<p><span data-ccp-props=\"{&quot;201341983&quot;:0,&quot;335551550&quot;:6,&quot;335551620&quot;:6,&quot;335559731&quot;:360,&quot;335559739&quot;:160,&quot;335559740&quot;:278}\">\u00a0<\/span><\/p>\n<p>&nbsp;<\/p>\n<p><span data-ccp-props=\"{&quot;201341983&quot;:0,&quot;335551550&quot;:2,&quot;335551620&quot;:2,&quot;335559731&quot;:360,&quot;335559739&quot;:160,&quot;335559740&quot;:278}\">\u00a0<\/span><\/p>\n","protected":false},"excerpt":{"rendered":"<p>Dom Anuar Battisti Arcebispo Em\u00e9rito de Maring\u00e1 (PR)\u00a0 \u00a0 O M\u00eas da B\u00edblia, celebrado em setembro pela Igreja Cat\u00f3lica no Brasil, \u00e9 uma tradi\u00e7\u00e3o que se consolidou desde 1971. Essa iniciativa tem suas ra\u00edzes no Conc\u00edlio Ecum\u00eanico Vaticano II, que incentivou o acesso das Escrituras Sagradas a todos os fi\u00e9is. A escolha de setembro est\u00e1 &hellip;<\/p>\n<p class=\"read-more\"> <a class=\"\" href=\"https:\/\/www.cnbb.org.br\/mes-da-biblia-historia-significado-e-reflexao-para-2024\/\"> <span class=\"screen-reader-text\">M\u00eas da B\u00edblia: hist\u00f3ria, significado e reflex\u00e3o para 2024\u00a0<\/span> Leia mais &raquo;<\/a><\/p>\n","protected":false},"author":41,"featured_media":0,"comment_status":"closed","ping_status":"closed","sticky":false,"template":"","format":"standard","meta":{"site-sidebar-layout":"default","site-content-layout":"default","ast-global-header-display":"","ast-banner-title-visibility":"","ast-main-header-display":"","ast-hfb-above-header-display":"","ast-hfb-below-header-display":"","ast-hfb-mobile-header-display":"","site-post-title":"","ast-breadcrumbs-content":"","ast-featured-img":"","footer-sml-layout":"","theme-transparent-header-meta":"default","adv-header-id-meta":"","stick-header-meta":"","header-above-stick-meta":"","header-main-stick-meta":"","header-below-stick-meta":""},"categories":[758,1837],"tags":[],"acf":[],"_links":{"self":[{"href":"https:\/\/www.cnbb.org.br\/cnbb-app\/wp\/v2\/posts\/969608"}],"collection":[{"href":"https:\/\/www.cnbb.org.br\/cnbb-app\/wp\/v2\/posts"}],"about":[{"href":"https:\/\/www.cnbb.org.br\/cnbb-app\/wp\/v2\/types\/post"}],"author":[{"embeddable":true,"href":"https:\/\/www.cnbb.org.br\/cnbb-app\/wp\/v2\/users\/41"}],"replies":[{"embeddable":true,"href":"https:\/\/www.cnbb.org.br\/cnbb-app\/wp\/v2\/comments?post=969608"}],"version-history":[{"count":2,"href":"https:\/\/www.cnbb.org.br\/cnbb-app\/wp\/v2\/posts\/969608\/revisions"}],"predecessor-version":[{"id":969616,"href":"https:\/\/www.cnbb.org.br\/cnbb-app\/wp\/v2\/posts\/969608\/revisions\/969616"}],"wp:attachment":[{"href":"https:\/\/www.cnbb.org.br\/cnbb-app\/wp\/v2\/media?parent=969608"}],"wp:term":[{"taxonomy":"category","embeddable":true,"href":"https:\/\/www.cnbb.org.br\/cnbb-app\/wp\/v2\/categories?post=969608"},{"taxonomy":"post_tag","embeddable":true,"href":"https:\/\/www.cnbb.org.br\/cnbb-app\/wp\/v2\/tags?post=969608"}],"curies":[{"name":"wp","href":"https:\/\/api.w.org\/{rel}","templated":true}]}}