{"id":969620,"date":"2024-09-01T09:53:10","date_gmt":"2024-09-01T12:53:10","guid":{"rendered":"https:\/\/www.cnbb.org.br\/?p=969620"},"modified":"2024-08-30T09:54:39","modified_gmt":"2024-08-30T12:54:39","slug":"homilia-sobre-o-22o-domingo-do-tempo-comum-ano-b","status":"publish","type":"post","link":"https:\/\/www.cnbb.org.br\/homilia-sobre-o-22o-domingo-do-tempo-comum-ano-b\/","title":{"rendered":"Homilia sobre o 22\u00ba Domingo do Tempo Comum (Ano B)\u00a0"},"content":{"rendered":"<p style=\"text-align: right;\"><b><span data-contrast=\"auto\">Dom Anuar Battisti<\/span><\/b><br \/>\n<b><span data-contrast=\"auto\">Arcebispo Em\u00e9rito de Maring\u00e1 (PR)<\/span><\/b><span data-ccp-props=\"{&quot;201341983&quot;:0,&quot;335551550&quot;:2,&quot;335551620&quot;:2,&quot;335559739&quot;:160,&quot;335559740&quot;:278}\">\u00a0<\/span><\/p>\n<p>&nbsp;<\/p>\n<p>&nbsp;<\/p>\n<p style=\"text-align: justify;\"><b><span data-contrast=\"auto\">Homilia sobre o 22\u00ba Domingo do Tempo Comum (Ano B)<\/span><\/b><span data-ccp-props=\"{&quot;201341983&quot;:0,&quot;335551550&quot;:6,&quot;335551620&quot;:6,&quot;335559739&quot;:160,&quot;335559740&quot;:278}\">\u00a0<\/span><\/p>\n<p style=\"text-align: justify;\"><b><span data-contrast=\"auto\">Autenticidade da nossa f\u00e9: fazer a vontade de Deus!<\/span><\/b><span data-ccp-props=\"{&quot;201341983&quot;:0,&quot;335551550&quot;:2,&quot;335551620&quot;:2,&quot;335559739&quot;:160,&quot;335559740&quot;:278}\">\u00a0<\/span><\/p>\n<p style=\"text-align: justify;\"><span data-contrast=\"auto\">Amados irm\u00e3os e irm\u00e3s em Cristo,<\/span><span data-ccp-props=\"{&quot;201341983&quot;:0,&quot;335551550&quot;:6,&quot;335551620&quot;:6,&quot;335559739&quot;:160,&quot;335559740&quot;:278}\">\u00a0<\/span><\/p>\n<p style=\"text-align: justify;\"><span data-contrast=\"auto\">Neste 22\u00ba Domingo do Tempo Comum, a liturgia \u00e9 sobre a autenticidade da nossa f\u00e9 e a import\u00e2ncia de vivermos de acordo com a vontade de Deus, n\u00e3o apenas em palavras, mas em a\u00e7\u00f5es concretas.<\/span><span data-ccp-props=\"{&quot;201341983&quot;:0,&quot;335551550&quot;:6,&quot;335551620&quot;:6,&quot;335559739&quot;:160,&quot;335559740&quot;:278}\">\u00a0<\/span><\/p>\n<p style=\"text-align: justify;\"><span data-contrast=\"auto\">No Evangelho de Marcos, Jesus confronta os fariseus e os escribas que criticam seus disc\u00edpulos por n\u00e3o seguirem as tradi\u00e7\u00f5es de purifica\u00e7\u00e3o (Mc 7,1-8.14-15.21-23). Jesus, no entanto, enfatiza que a verdadeira pureza n\u00e3o est\u00e1 nas observ\u00e2ncias externas, mas no cora\u00e7\u00e3o. Ele afirma: <\/span><i><span data-contrast=\"auto\">\u201cNada que entre de fora pode tornar uma pessoa impura; o que sai do homem, isso sim, \u00e9 o que o torna impuro.\u201d <\/span><\/i><span data-contrast=\"auto\">(Mc 7,15)<\/span><span data-ccp-props=\"{&quot;201341983&quot;:0,&quot;335551550&quot;:6,&quot;335551620&quot;:6,&quot;335559739&quot;:160,&quot;335559740&quot;:278}\">\u00a0<\/span><\/p>\n<p style=\"text-align: justify;\"><span data-contrast=\"auto\">Esta mensagem de Jesus nos desafia a olhar para dentro de n\u00f3s mesmos e a examinar nossas inten\u00e7\u00f5es e motiva\u00e7\u00f5es. Muitas vezes, podemos nos apegar a pr\u00e1ticas religiosas ou a tradi\u00e7\u00f5es, acreditando que elas, por si s\u00f3, nos tornam justos diante de Deus. No entanto, Jesus nos ensina que o que realmente importa \u00e9 o estado do nosso cora\u00e7\u00e3o e como nossas a\u00e7\u00f5es refletem nossa f\u00e9.<\/span><span data-ccp-props=\"{&quot;201341983&quot;:0,&quot;335551550&quot;:6,&quot;335551620&quot;:6,&quot;335559739&quot;:160,&quot;335559740&quot;:278}\">\u00a0<\/span><\/p>\n<p style=\"text-align: justify;\"><span data-contrast=\"auto\">A primeira leitura, do livro do Deuteron\u00f4mio, refor\u00e7a a import\u00e2ncia de viver segundo a lei de Deus, mas n\u00e3o de forma legalista. Mois\u00e9s exorta o povo a ouvir e praticar os mandamentos de Deus, pois s\u00e3o eles que demonstram a sabedoria e a intelig\u00eancia de Israel diante das na\u00e7\u00f5es (Dt 4,1-2.6-8). A lei, ent\u00e3o, n\u00e3o \u00e9 um fim em si mesma, mas um caminho para viver em comunh\u00e3o com Deus e com o pr\u00f3ximo.<\/span><span data-ccp-props=\"{&quot;201341983&quot;:0,&quot;335551550&quot;:6,&quot;335551620&quot;:6,&quot;335559739&quot;:160,&quot;335559740&quot;:278}\">\u00a0<\/span><\/p>\n<p style=\"text-align: justify;\"><span data-contrast=\"auto\">O Ap\u00f3stolo Tiago, na segunda leitura, complementa esta reflex\u00e3o ao afirmar que a verdadeira religi\u00e3o \u00e9 aquela que se manifesta em a\u00e7\u00f5es concretas de caridade e justi\u00e7a: <\/span><i><span data-contrast=\"auto\">\u201cSede praticantes da Palavra e n\u00e3o apenas ouvintes, enganando-vos a v\u00f3s mesmos\u201d<\/span><\/i><span data-contrast=\"auto\"> (Tg 1,22). Ele nos lembra que a f\u00e9 sem obras \u00e9 morta, e que devemos ser n\u00e3o apenas ouvintes da Palavra, mas praticantes.<\/span><span data-ccp-props=\"{&quot;201341983&quot;:0,&quot;335551550&quot;:6,&quot;335551620&quot;:6,&quot;335559739&quot;:160,&quot;335559740&quot;:278}\">\u00a0<\/span><\/p>\n<p style=\"text-align: justify;\"><span data-contrast=\"auto\">Portanto, a mensagem central deste domingo \u00e9 sobre coer\u00eancia entre nossa f\u00e9 e nossas a\u00e7\u00f5es. Jesus nos chama a examinar nossos cora\u00e7\u00f5es e a purificar nossas inten\u00e7\u00f5es, para que possamos viver uma f\u00e9 aut\u00eantica e verdadeira, que se manifeste em amor, justi\u00e7a e miseric\u00f3rdia.<\/span><span data-ccp-props=\"{&quot;201341983&quot;:0,&quot;335551550&quot;:6,&quot;335551620&quot;:6,&quot;335559739&quot;:160,&quot;335559740&quot;:278}\">\u00a0<\/span><\/p>\n<p style=\"text-align: justify;\"><span data-contrast=\"auto\">Que possamos, ao longo desta semana, pedir a Deus a gra\u00e7a de viver nossa f\u00e9 com autenticidade, deixando que o amor de Cristo transforme nosso cora\u00e7\u00e3o e nossas a\u00e7\u00f5es. Que a Palavra de Deus seja para n\u00f3s uma luz que ilumina nosso caminho, guiando-nos sempre na verdade e na justi\u00e7a.<\/span><span data-ccp-props=\"{&quot;201341983&quot;:0,&quot;335551550&quot;:6,&quot;335551620&quot;:6,&quot;335559739&quot;:160,&quot;335559740&quot;:278}\">\u00a0<\/span><\/p>\n<p>&nbsp;<\/p>\n<p><span data-ccp-props=\"{&quot;201341983&quot;:0,&quot;335559739&quot;:160,&quot;335559740&quot;:278}\">\u00a0<\/span><\/p>\n","protected":false},"excerpt":{"rendered":"<p>Dom Anuar Battisti Arcebispo Em\u00e9rito de Maring\u00e1 (PR)\u00a0 &nbsp; &nbsp; Homilia sobre o 22\u00ba Domingo do Tempo Comum (Ano B)\u00a0 Autenticidade da nossa f\u00e9: fazer a vontade de Deus!\u00a0 Amados irm\u00e3os e irm\u00e3s em Cristo,\u00a0 Neste 22\u00ba Domingo do Tempo Comum, a liturgia \u00e9 sobre a autenticidade da nossa f\u00e9 e a import\u00e2ncia de vivermos &hellip;<\/p>\n<p class=\"read-more\"> <a class=\"\" href=\"https:\/\/www.cnbb.org.br\/homilia-sobre-o-22o-domingo-do-tempo-comum-ano-b\/\"> <span class=\"screen-reader-text\">Homilia sobre o 22\u00ba Domingo do Tempo Comum (Ano B)\u00a0<\/span> Leia mais &raquo;<\/a><\/p>\n","protected":false},"author":41,"featured_media":0,"comment_status":"closed","ping_status":"closed","sticky":false,"template":"","format":"standard","meta":{"site-sidebar-layout":"default","site-content-layout":"default","ast-global-header-display":"","ast-banner-title-visibility":"","ast-main-header-display":"","ast-hfb-above-header-display":"","ast-hfb-below-header-display":"","ast-hfb-mobile-header-display":"","site-post-title":"","ast-breadcrumbs-content":"","ast-featured-img":"","footer-sml-layout":"","theme-transparent-header-meta":"default","adv-header-id-meta":"","stick-header-meta":"","header-above-stick-meta":"","header-main-stick-meta":"","header-below-stick-meta":""},"categories":[758],"tags":[],"acf":[],"_links":{"self":[{"href":"https:\/\/www.cnbb.org.br\/cnbb-app\/wp\/v2\/posts\/969620"}],"collection":[{"href":"https:\/\/www.cnbb.org.br\/cnbb-app\/wp\/v2\/posts"}],"about":[{"href":"https:\/\/www.cnbb.org.br\/cnbb-app\/wp\/v2\/types\/post"}],"author":[{"embeddable":true,"href":"https:\/\/www.cnbb.org.br\/cnbb-app\/wp\/v2\/users\/41"}],"replies":[{"embeddable":true,"href":"https:\/\/www.cnbb.org.br\/cnbb-app\/wp\/v2\/comments?post=969620"}],"version-history":[{"count":2,"href":"https:\/\/www.cnbb.org.br\/cnbb-app\/wp\/v2\/posts\/969620\/revisions"}],"predecessor-version":[{"id":969622,"href":"https:\/\/www.cnbb.org.br\/cnbb-app\/wp\/v2\/posts\/969620\/revisions\/969622"}],"wp:attachment":[{"href":"https:\/\/www.cnbb.org.br\/cnbb-app\/wp\/v2\/media?parent=969620"}],"wp:term":[{"taxonomy":"category","embeddable":true,"href":"https:\/\/www.cnbb.org.br\/cnbb-app\/wp\/v2\/categories?post=969620"},{"taxonomy":"post_tag","embeddable":true,"href":"https:\/\/www.cnbb.org.br\/cnbb-app\/wp\/v2\/tags?post=969620"}],"curies":[{"name":"wp","href":"https:\/\/api.w.org\/{rel}","templated":true}]}}