{"id":969759,"date":"2024-09-02T16:25:39","date_gmt":"2024-09-02T19:25:39","guid":{"rendered":"https:\/\/www.cnbb.org.br\/?p=969759"},"modified":"2024-09-02T16:27:42","modified_gmt":"2024-09-02T19:27:42","slug":"economia-e-financas-cadernos-do-concilio-volume-31","status":"publish","type":"post","link":"https:\/\/www.cnbb.org.br\/economia-e-financas-cadernos-do-concilio-volume-31\/","title":{"rendered":"Economia e finan\u00e7as &#8211; Cadernos do Conc\u00edlio \u2013 Volume 31"},"content":{"rendered":"<p style=\"text-align: right;\">Cardeal Orani Jo\u00e3o Tempesta<br \/>\nArcebispo do Rio de Janeiro<\/p>\n<p style=\"text-align: justify;\">Hoje nos debru\u00e7aremos no volume trinta e um da Cole\u00e7\u00e3o Cadernos do Conc\u00edlio Ecum\u00eanico Vaticano II \u2013 uma tradu\u00e7\u00e3o e publica\u00e7\u00e3o das Edi\u00e7\u00f5es CNBB \u2013 que tem como tema: \u201cEconomia e finan\u00e7as\u201d. Esse \u00e9 um tema bem complexo e de grande preocupa\u00e7\u00e3o para a Igreja, pois a mensagem evang\u00e9lica deixada por Jesus \u00e9 que n\u00e3o devemos acumular bens aqui na terra, pois o nosso maior tesouro deve ser o Reino dos C\u00e9us. Jesus ensina tamb\u00e9m que devemos partilhar aquilo que temos a mais com aqueles que pouco ou nada tem.<\/p>\n<p>Jesus n\u00e3o condenava ningu\u00e9m, mesmo aqueles que possu\u00edam bens materiais e que conquistaram tudo com o suor do seu rosto e de muito trabalho, o que Jesus de certa forma condena \u00e9 possuir os bens e n\u00e3o partilhar com aqueles que pouco ou nada tem. N\u00e3o podemos juntar tesouros aqui na terra, dessa vida n\u00e3o levaremos nada, o nosso maior tesouro \u00e9 o Reino dos C\u00e9us.<\/p>\n<p>Um crist\u00e3o, cat\u00f3lico, n\u00e3o pode comungar da Eucaristia, participar do banquete do Senhor e n\u00e3o partilhar aquilo tem com os mais pobres. Seria uma incoer\u00eancia partilhar o alimento espiritual e n\u00e3o partilhar o alimento material, pois o banquete Eucar\u00edstico \u00e9 para todos, o Senhor n\u00e3o exclui ningu\u00e9m, por isso, n\u00e3o podemos fazer distin\u00e7\u00e3o de pessoas e ajudar a todos, sobretudo os mais pobres.<\/p>\n<p>No mundo de hoje vemos muitas desigualdades sociais, enquanto uns t\u00eam muito, outros t\u00eam pouco. Quantas pessoas vivem sem um saneamento b\u00e1sico adequado, sem uma educa\u00e7\u00e3o de qualidade, sem sa\u00fade adequada e, ainda, muitas pessoas n\u00e3o t\u00eam o alimento necess\u00e1rio \u00e0 mesa e t\u00eam de ir em busca de comida. Essa situa\u00e7\u00e3o se agravou mais ainda ap\u00f3s a pandemia de Covid-19 onde muitas pessoas ficaram desempregadas e com isso \u00e9 n\u00e3o poss\u00edvel comprar alimento e nem pagar o aluguel de suas casas.<\/p>\n<p>N\u00f3s como Igreja podemos ajudar em primeiro lugar oferecendo alimento, cobertores, roupas e abrigo para aqueles que vivem em situa\u00e7\u00e3o de rua. Em segundo lugar intercedendo por essas pessoas para que olhem essa situa\u00e7\u00e3o amenizando a dor dessas pessoas oferecendo abrigo, emprego, sa\u00fade e saneamento b\u00e1sico para essas pessoas.<\/p>\n<p>Vivemos em um mundo que est\u00e1 progredindo muito r\u00e1pido, atrav\u00e9s da tecnologia, carros modernos, celulares de \u00faltima gera\u00e7\u00e3o, casas modernas, enfim, muita coisa. Para acompanhar esse progresso \u00e9 preciso olhar com carinho para todos os \u00e2mbitos da sociedade e, se preocupando com aqueles que vivem em situa\u00e7\u00e3o de rua, oferecendo educa\u00e7\u00e3o, sa\u00fade, emprego e moradia. Dessa forma estaremos no caminho para a constru\u00e7\u00e3o de uma sociedade perfeita.<\/p>\n<p>Deveria ser uma responsabilidade de todos os povos eliminar todas as desigualdades sociais. Viver\u00edamos num mundo mais justo se ningu\u00e9m passasse fome ou frio, se todos tivessem sa\u00fade adequada, emprego e moradia. Esse mundo \u00e9 poss\u00edvel, come\u00e7a com cada um de n\u00f3s oferecendo ajuda \u00e0 essas pessoas e buscando junto as autoridaes para resolver essa situa\u00e7\u00e3o. Aos empres\u00e1rios e donos de empresas fazemos um apelo para que possam abrir vagas de trabalho para quem est\u00e1 desempregado. Aos prefeitos e governadores que eles ofere\u00e7am pol\u00edticas p\u00fablicas que facilitem moradias populares para essas pessoas. Al\u00e9m de saneamento b\u00e1sico, sa\u00fade e educa\u00e7\u00e3o para todos.<\/p>\n<p>A exemplo do que o Papa Francisco diz na Exorta\u00e7\u00e3o Apost\u00f3lica \u201cFratelli Tutti\u201d (2020), somos todos \u201cirm\u00e3os\u201d, e conforme diz a Campanha da Fraternidade desse ano \u201cFraternidade e amizade social\u201d, a partir do batismo nos tornamos filhos de Deus, irm\u00e3os de Cristo e irm\u00e3os uns dos outros. Pelo fato de sermos irm\u00e3os uns dos outros \u00e9 que temos que nos preocupar com todos, n\u00e3o deixando com que ningu\u00e9m fique sem alimento, sem roupa, sem casa, e sem o b\u00e1sico para viver. Dessa forma construiremos uma sociedade mais justa e fraterna e acabaremos com as desigualdades.<\/p>\n<p>Quando somos batizados nos tornamos disc\u00edpulos e mission\u00e1rios do Senhor, e chamados a ser sacerdotes, profetas e reis, e ainda ser sal na terra e luz no mundo, diante disso temos que combater as injusti\u00e7as, anunciar o Reino de Deus e ser luz na vida das pessoas. \u00c9 nossa miss\u00e3o como cat\u00f3licos edificar uma sociedade mais justa e fraterna e lutar para que todos tenham os mesmos direitos.<\/p>\n<p>\u00c9 muito importante o trabalho na vida de uma pessoa, mais ainda o trabalho feito com responsabilidade e com dignidade. O trabalho dignifica o homem, por meio do trabalho \u00e9 poss\u00edvel conseguir o sustento pr\u00f3prio e para a fam\u00edlia, \u00e9 poss\u00edvel pagar as contas e ainda sobra um pouco para se divertir com a fam\u00edlia. S\u00f3 temos que tomar cuidado para n\u00e3o sermos explorados no emprego e obrigados a fazer algumas coisas que ir\u00e3o nos prejudicar mais adiante, e se possu\u00edmos algum cargo de gest\u00e3o n\u00e3o obrigar ningu\u00e9m a fazer aquilo que n\u00e3o gostar\u00edamos de fazer.<\/p>\n<p>Outra quest\u00e3o a ser discutida e que coopera para que todos vivam como irm\u00e3os em nosso planeta \u00e9 cuidar do meio ambiente, conforme o Papa Francisco diz em outra Exorta\u00e7\u00e3o Apost\u00f3lica \u201cLaudato Si\u201d (2015). Diante das transforma\u00e7\u00f5es que vemos em nosso planeta, com o aumento do aquecimento global, aumento das queimadas, com a emiss\u00e3o de gases de efeito estufa na atmosfera, enfim, se quisermos dar sobrevida ao nosso planeta e garantir um futuro prospero para as pr\u00f3ximas gera\u00e7\u00f5es temos que preservar o planeta, cuidando do meio ambiente e evitando polui-lo, o simples fato de n\u00e3o jogar lixo no ch\u00e3o j\u00e1 \u00e9 um come\u00e7o.<\/p>\n<p>Convido a tomarem esse volume trinta e um da Cole\u00e7\u00e3o Cadernos do Conc\u00edlio Ecum\u00eanico Vaticano II \u2013 iniciativa das edi\u00e7\u00f5es CNBB \u2013 acessando o site www.edicoescnbb.com.br \u2013 voc\u00ea poder\u00e1 adquirir a cole\u00e7\u00e3o \u2013 e estando em m\u00e3os e se aprofundar mais sobre o tema, al\u00e9m de ler as Exorta\u00e7\u00f5es Apost\u00f3licas \u201cLaudato Si\u201d (2015), e \u201cFratelli Tutti\u201d (2.020), exorta\u00e7\u00f5es do Papa Francisco que nos ajudam a ter um maior cuidado com o meio ambiente sempre pensando no pr\u00f3ximo. O mundo est\u00e1 em nossas m\u00e3os, cuidemos dele para garantir um futuro melhor para as pr\u00f3ximas gera\u00e7\u00f5es. Al\u00e9m disso, olhemos para as necessidades de nossos irm\u00e3os e irm\u00e3s e estendamos as m\u00e3os, conforme Jesus nos ensinou. Am\u00e9m.<\/p>\n<p>&nbsp;<\/p>\n","protected":false},"excerpt":{"rendered":"<p>Cardeal Orani Jo\u00e3o Tempesta Arcebispo do Rio de Janeiro Hoje nos debru\u00e7aremos no volume trinta e um da Cole\u00e7\u00e3o Cadernos do Conc\u00edlio Ecum\u00eanico Vaticano II \u2013 uma tradu\u00e7\u00e3o e publica\u00e7\u00e3o das Edi\u00e7\u00f5es CNBB \u2013 que tem como tema: \u201cEconomia e finan\u00e7as\u201d. Esse \u00e9 um tema bem complexo e de grande preocupa\u00e7\u00e3o para a Igreja, pois &hellip;<\/p>\n<p class=\"read-more\"> <a class=\"\" href=\"https:\/\/www.cnbb.org.br\/economia-e-financas-cadernos-do-concilio-volume-31\/\"> <span class=\"screen-reader-text\">Economia e finan\u00e7as &#8211; Cadernos do Conc\u00edlio \u2013 Volume 31<\/span> Leia mais &raquo;<\/a><\/p>\n","protected":false},"author":31,"featured_media":0,"comment_status":"closed","ping_status":"closed","sticky":false,"template":"","format":"standard","meta":{"site-sidebar-layout":"default","site-content-layout":"default","ast-global-header-display":"","ast-banner-title-visibility":"","ast-main-header-display":"","ast-hfb-above-header-display":"","ast-hfb-below-header-display":"","ast-hfb-mobile-header-display":"","site-post-title":"","ast-breadcrumbs-content":"","ast-featured-img":"","footer-sml-layout":"","theme-transparent-header-meta":"default","adv-header-id-meta":"","stick-header-meta":"","header-above-stick-meta":"","header-main-stick-meta":"","header-below-stick-meta":""},"categories":[758],"tags":[],"acf":[],"_links":{"self":[{"href":"https:\/\/www.cnbb.org.br\/cnbb-app\/wp\/v2\/posts\/969759"}],"collection":[{"href":"https:\/\/www.cnbb.org.br\/cnbb-app\/wp\/v2\/posts"}],"about":[{"href":"https:\/\/www.cnbb.org.br\/cnbb-app\/wp\/v2\/types\/post"}],"author":[{"embeddable":true,"href":"https:\/\/www.cnbb.org.br\/cnbb-app\/wp\/v2\/users\/31"}],"replies":[{"embeddable":true,"href":"https:\/\/www.cnbb.org.br\/cnbb-app\/wp\/v2\/comments?post=969759"}],"version-history":[{"count":3,"href":"https:\/\/www.cnbb.org.br\/cnbb-app\/wp\/v2\/posts\/969759\/revisions"}],"predecessor-version":[{"id":969762,"href":"https:\/\/www.cnbb.org.br\/cnbb-app\/wp\/v2\/posts\/969759\/revisions\/969762"}],"wp:attachment":[{"href":"https:\/\/www.cnbb.org.br\/cnbb-app\/wp\/v2\/media?parent=969759"}],"wp:term":[{"taxonomy":"category","embeddable":true,"href":"https:\/\/www.cnbb.org.br\/cnbb-app\/wp\/v2\/categories?post=969759"},{"taxonomy":"post_tag","embeddable":true,"href":"https:\/\/www.cnbb.org.br\/cnbb-app\/wp\/v2\/tags?post=969759"}],"curies":[{"name":"wp","href":"https:\/\/api.w.org\/{rel}","templated":true}]}}